{"id":27033,"date":"2021-08-05T11:48:38","date_gmt":"2021-08-05T14:48:38","guid":{"rendered":"https:\/\/atecordoba.org\/?p=27033"},"modified":"2021-08-05T13:46:55","modified_gmt":"2021-08-05T16:46:55","slug":"homenaje-a-savio-la-industria-de-la-defensa-para-la-soberania","status":"publish","type":"post","link":"https:\/\/atecordoba.org\/?p=27033","title":{"rendered":"Homenaje a Savio: la Industria de la Defensa para la Soberan\u00eda"},"content":{"rendered":"\n<p><\/p>\n\n\n\n<div class=\"wp-block-image\"><figure class=\"aligncenter size-large\"><img loading=\"lazy\" decoding=\"async\" width=\"1024\" height=\"702\" src=\"https:\/\/atecordoba.org\/wp-content\/uploads\/2021\/08\/produccion-defensa-2-1024x702.jpeg\" alt=\"\" class=\"wp-image-27034\" srcset=\"https:\/\/atecordoba.org\/wp-content\/uploads\/2021\/08\/produccion-defensa-2-1024x702.jpeg 1024w, https:\/\/atecordoba.org\/wp-content\/uploads\/2021\/08\/produccion-defensa-2-300x206.jpeg 300w, https:\/\/atecordoba.org\/wp-content\/uploads\/2021\/08\/produccion-defensa-2-768x527.jpeg 768w, https:\/\/atecordoba.org\/wp-content\/uploads\/2021\/08\/produccion-defensa-2-750x514.jpeg 750w, https:\/\/atecordoba.org\/wp-content\/uploads\/2021\/08\/produccion-defensa-2-1140x782.jpeg 1140w, https:\/\/atecordoba.org\/wp-content\/uploads\/2021\/08\/produccion-defensa-2.jpeg 1280w\" sizes=\"auto, (max-width: 1024px) 100vw, 1024px\" \/><\/figure><\/div>\n\n\n\n<p>En una charla virtual, realizada el pasado martes 3 de agosto, el Consejo Directivo Provincial (CPD) convoc\u00f3 a compa\u00f1eros y compa\u00f1eras a debatir sobre el sobre pensamiento estrat\u00e9gico para la defensa nacional, en el marco del homenaje por el aniversario al General Savio.<\/p>\n\n\n\n<p>Coordinado por el secretario General de ATE C\u00f3rdoba, Federico Giuliani, disertaron el secretario Adjunto de ATE Rosario y trabajador de la F\u00e1brica Militar Fray Luis Beltr\u00e1n, Fernando Peyrano, el secretario General de ATE Villa Mar\u00eda, Fernando Mercado; su par de ATE R\u00edo Tercero, Dami\u00e1n Albornoz; y el trabajador de la Comisi\u00f3n Nacional de Energ\u00eda At\u00f3mica, Maximiliano L\u00f3pez Pinto.<\/p>\n\n\n\n<p>La actividad cont\u00f3 con importante participaci\u00f3n de compa\u00f1eros y compa\u00f1eras por las redes sociales de ATE C\u00f3rdoba.<\/p>\n\n\n\n<p>En la introducci\u00f3n, Giuliani dijo que \u201cnuestra intenci\u00f3n es recuperar a trav\u00e9s del relato, de las distintas miradas de las y los trabajadores del Estado de aquellos organismos que est\u00e1n en C\u00f3rdoba y est\u00e1n vinculados directa o indirectamente a la producci\u00f3n para la defensa nacional. Claramente C\u00f3rdoba fue un polo de desarrollo industrial del Estado en sus albores, cuando en 1927 la primera f\u00e1brica de aviones se instal\u00f3 en nuestra provincia, ratificando un posicionamiento geopol\u00edtico y geoestrat\u00e9gico que C\u00f3rdoba tuvo siempre\u201d.<\/p>\n\n\n\n<p>\u201cEn la d\u00e9cada del \u201940 esto se confirma con la apertura de las f\u00e1bricas militares de R\u00edo Tercero, Villa Mar\u00eda y San Francisco, esta \u00faltima cerrada por el menemismo. Las otras dos no las pudieron destruir por la resistencia de los trabajadores organizados y de nuestro sindicato\u201d.<\/p>\n\n\n\n<p>\u201cPero nuestra intensi\u00f3n, como dec\u00eda Germ\u00e1n Abdala, es que no perdamos la mirada de la discusi\u00f3n estrat\u00e9gica del pa\u00eds, que seamos capaces de discutir cual entendemos que debe ser el rol de Estado nacional, m\u00e1s all\u00e1 de discutir salarios, convenios o la colonia de vacaciones.<\/p>\n\n\n\n<p>Hace poco se cumplieron 73 a\u00f1os del fallecimiento del General Savio, quien fue heredero de Fray Luis Beltr\u00e1n, continuador de la obra del General Mosconi. Savio dec\u00eda que \u201cla industrializaci\u00f3n del pa\u00eds es imprescindible e impostergable como factor de equilibrio, tanto econ\u00f3mico como social\u201d. Durante el macrismo hubo un ensa\u00f1amiento con el Estado nacional y en particular con Fabricaciones Militares. Tuvimos que lamentar el despido de 78 compa\u00f1eros en Villa Mar\u00eda y 100 en R\u00edo Tercero, 300 en Fadea, 23 en la Secretar\u00eda de Agricultura Familiar, 11 en el INTI\u201c, afirm\u00f3 el dirigente .<\/p>\n\n\n\n<p>En otro p\u00e1rrafo, Giuliani asegur\u00f3 que \u201cpor eso cuando asumimos en noviembre de 2019 nos pusimos como objetivo darle rostro e identidad a esos despedidos y despedidas. Para eso creamos la Comisi\u00f3n de Registro de Despedidos durante el Macrismo, que sirvi\u00f3 para contener y organizar\u201d.<\/p>\n\n\n\n<p><strong>CNEA<\/strong><\/p>\n\n\n\n<p>Seguidamente L\u00f3pez Pinto explic\u00f3 que la CNEA cumple un rol estrat\u00e9gico en la generaci\u00f3n de energ\u00eda para el sistema el\u00e9ctrico nacional. \u201cLo ubica a nuestro pa\u00eds en el grupo de 11 naciones del mundo que manejan el ciclo completo de combustible nuclear, es decir, desde la exploraci\u00f3n del uranio hasta la generaci\u00f3n de la energ\u00eda el\u00e9ctrica. En el \u201997 el menemismo cerr\u00f3 las minas de uranio y desde ese momento importamos el mineral, el mismo a\u00f1o que en Brasil se abr\u00edan minas de uranio que hoy est\u00e1n en producci\u00f3n\u201d.<\/p>\n\n\n\n<p>El compa\u00f1ero dijo que \u201chay en funcionamiento actualmente tres grandes centrales nucleares: Atucha 1 y 2 y R\u00edo Tercero. Adem\u00e1s, hay reactores de potencia como es el Proyecto Carem, central nuclear modular con tecnolog\u00eda 100% argentina, hay reactores de investigaci\u00f3n que se exportan, por lo que no solo somos capaces de autoabastecernos sino que adem\u00e1s somos competitivos a nivel mundial. De igual forma producimos los combustibles para generar el proceso nuclear. La planta de Dioxitek, ubicada realiza el enriquecimiento del uranio, ahora importado\u201d.<\/p>\n\n\n\n<p>En otro tramo, Lopez Pinto se\u00f1al\u00f3 que \u201cCNEA tiene incumbencia en medicina nuclear. Est\u00e1 la planta de agua pesada de Pilcaniyeu, atacada y diezmada en sus recursos humanos durante el macrismo y la empresa INVAP, donde CNEA comparte sociedad con la Provincia de R\u00edo Negro. Hay que destacar el car\u00e1cter federal del desarrollo de CNEA, que es un aspecto importante a tener en cuenta\u201d.<\/p>\n\n\n\n<p><strong>Fabricaciones Militares<\/strong><\/p>\n\n\n\n<p>A su turno, Fernando Mercado destac\u00f3 que \u201cel 9 de octubre se cumple el 80 aniversario de la creaci\u00f3n del complejo de Fabricaciones Militares. Me quedo con dos conceptos de Savio: industrializar el pa\u00eds para que estuviera lo socioecon\u00f3mico y moviera esa llama que iniciaran los Grandes Hornos Zapla que iluminaron el camino desde el norte hasta el sur de nuestra Argentina\u201d.<\/p>\n\n\n\n<p>Y dijo que \u201choy debemos repensar desde los trabajadores a Fabricaciones Militares y por eso, como dec\u00eda Germ\u00e1n Abdala, no nos tienen que subestimar a los trabajadores porque somos los \u00fanicos capaces de ir agiornandonos a los sucesivos momentos que nos encontramos a lo largo de la historia\u201d.<\/p>\n\n\n\n<p>\u201cEn la d\u00e9cada del \u201940 aparece Savio, con v pero sabio en su pensamiento, estratega no solo en la producci\u00f3n para la defensa sino para producir en tiempos de paz. La F\u00e1brica de San Francisco, cerrada por el menemismo, hac\u00eda implementos agr\u00edcolas, no producci\u00f3n b\u00e9lica, ni material ferroviario como los compa\u00f1eros de R\u00edo Tercero. Eso demuestra que el ataque fue contra el trabajo genuino de todas y todos los argentinos\u201d.<\/p>\n\n\n\n<p>\u201cHoy podemos decir que las cuatro f\u00e1bricas que sobrevivimos al neoliberalismo brutal, que se llev\u00f3 por delante 10 plantas productivas, los trabajadores fuimos capaces de explicarle a la sociedad la importancia que tiene Fabricaciones Militares. En Villa Mar\u00eda, por ejemplo, para producir explosivos para la explotaci\u00f3n minera o las p\u00f3lvoras con que los compa\u00f1eros de Beltr\u00e1n van a llenar las balas que se prov\u00e9n a las fuerzas de seguridad. Tambi\u00e9n fuimos capaces de producir la microcelulosa para hacer las lacas o pinturas\u201d.<\/p>\n\n\n\n<p>Para el dirigente villamariense, \u201cahora los trabajadores tenemos que repensar el rol del Estado y el rol de FFMM. Porque decimos que hay que industrializar el pa\u00eds, tenemos que darle el apoyo a la producci\u00f3n del cannabis medicinal, al uso del c\u00e1\u00f1amo, porque eso va a significar trabajo para cientos de compa\u00f1eros y compa\u00f1eras, que podamos retomar elementos que se realicen en nuestras f\u00e1bricas para que los produzcan nuestros compa\u00f1eros y compa\u00f1eras\u201d.<\/p>\n\n\n\n<p>\u201cAntiguamente se hac\u00edan los casquetes. El menemismo nos llev\u00f3 a que las balas se compraran importadas, a que todo se trajera de afuera y nos dejara reducidos a la m\u00ednima expresi\u00f3n. Hoy podemos decir que como trabajadores del Estado que las f\u00e1bricas son producto de lo que pensamos los trabajadores y f\u00e1bricas que son autogestionadas. Despu\u00e9s que pasaron todo tipo de ministros, colmo dice Federico, nosotros quedamos y hoy nos encontramos que cuando empez\u00e1bamos a tener un di\u00e1logo con Agust\u00edn Rossi nos encontramos sin ministro de nuevo. As\u00ed que tenemos que analizar c\u00f3mo vamos a gestionar esta situaci\u00f3n y c\u00f3mo salimos para adelante\u201d.<\/p>\n\n\n\n<p>Despu\u00e9s fue el turno de Dami\u00e1n Albornoz. Para el dirigente de R\u00edo Tercero \u201ceste debate tiene que ser para afuera, para la sociedad, pero tambi\u00e9n para adentro de nuestro sindicato porque anteriormente ATE se organizaba por rama de actividad y creo que eso es algo que debemos retomar porque es necesario dado el perfil industrial que el gremio tiene en C\u00f3rdoba\u201d.<\/p>\n\n\n\n<p>\u201cCuando lo escuchamos a compa\u00f1eros de CNEA podemos ver que m\u00e1s all\u00e1 de los avatares que enfrentamos todos, ellos tienen una idea clara de a d\u00f3nde van en todo el pa\u00eds, algo que a Fabricaciones Militares le falta. Adem\u00e1s de la identidad fabriquera que siempre destacamos, de la capacidad de resistencia, de defender nuestro salario y puestos de trabajo, tenemos que lograr pensar las FFMM que queremos. Eso es lo que nos falta\u201d.<\/p>\n\n\n\n<p>\u201c\u00bfQu\u00e9 pasa en R\u00edo Tercero? Nosotros produc\u00edamos material b\u00e9lico, pero con el correr del tiempo dejamos de tener esa incidencia y empezamos a producir para la industria civil. Por eso debemos retomar el proyecto del Estado empresario, de dejar de limitarnos a la materia prima, por ejemplo en la rama qu\u00edmica, porque si no nosotros ponemos la materia prima pero el sector privado se lleva la ganancia. Hoy no producimos nuestro amon\u00edaco, cuando tenemos un polo petroqu\u00edmico que deber\u00eda estar pensado desde el Estado, le lo compramos a empresas privadas y todo nuestro proceso productivo es para generar materia prima. No desarrollamos en estos \u00faltimos a\u00f1os un producto propio que nos permita como Estado no solo ser regulador del mercado sino tambi\u00e9n transformar eso y generar mano de obra\u201d.<\/p>\n\n\n\n<p>\u201cR\u00edo Tercero tiene hoy en funcionamiento tres de las seis plantas qu\u00edmicas que ten\u00edamos para la producci\u00f3n e \u00e1cido n\u00edtrico, \u00e1cido sulf\u00farico y nitrato de amonio, cada una en sus diferentes concentraciones. Pero todo es solo materia prima. Es lo que tenemos que empezar a discutir los trabajadores de FFMM y fundamentalmente los que nos organizamos en ATE, por este debate hace tambi\u00e9n a la soberan\u00eda nacional\u201d.<\/p>\n\n\n\n<p>\u201cEn el sector metalmec\u00e1nico, a\u00f1os atr\u00e1s llegamos, en conjunto con Invap, a llevar adelante trabajos relacionados con el Plan de Radarizaci\u00f3n Nacional. Un trabajo que lo toma personal del Ej\u00e9rcito, lo desarrolla desde el Ministerio de Defensa mientras que nosotros como empresa de Estado con capacidad y desarrollo hoy no estamos interviniendo. Es una batalla que perdimos por intereses que defienden ciertos sectores pol\u00edticos que conforman seguramente la alianza de este gobierno\u201d.<\/p>\n\n\n\n<p>\u201cProduc\u00edamos el material herramentoso para Yacimientos Carbur\u00edferos de R\u00edo Turbio, pero lo dejamos de producir porque no hay una visi\u00f3n de desarrollo de manera conjunta entre las empresas del Estado. Por eso cuando le acerc\u00e1bamos propuestas a los equipos t\u00e9cnicos del Frente de Todos, ya le est\u00e1bamos diciendo de la necesidad de crear el complejo industrial del Estado con la idea que genera una visi\u00f3n integral de las empresas donde el Estado tiene control. Porque entendemos que a partir de ah\u00ed se va a generar el ciclo virtuoso para poder tener un desarrollo estrat\u00e9gico que promueva el Estado, para poder garantizar la creaci\u00f3n de puestos de trabajo de manera genuina. No estamos descubriendo la p\u00f3lvora, esto ya se hizo y por lo tanto creemos que hay que volver a esos or\u00edgenes\u201d.<\/p>\n\n\n\n<p>\u201cEn el caso de R\u00edo Tercero, tenemos amplia experiencia en el desarrollo de material ferroviario, en el pa\u00eds se concesionaron las l\u00edneas ferroviarias de todo el pa\u00eds que hoy est\u00e1n concentradas en cinco concesiones, de las cuales solo una es de capital estatal, el Belgrano Cargas. Por lo tanto, es importante que celebremos la decisi\u00f3n tomada a mediados de junio, a partir de la resoluci\u00f3n 211\/2021, del Ministerio de Transporte, a partir de la cual no se prorroga la concesi\u00f3n al resto de esas empresas: FERROEXPRESO PAMPEANO, NUEVO CENTRAL ARGENTINO y FERROSUR ROCA, cuyos due\u00f1os son exitosos empresarios, enriquecidos a partir de toda la infraestructura que ya ten\u00edamos las y los argentinos en t\u00e9rminos de material ferroviario. Hubieron 30 a\u00f1os de desinversi\u00f3n y esperamos 30 a\u00f1os para que alguien se diera cuenta de que eso claramente ten\u00eda que quedar en control del Estado\u201d.<\/p>\n\n\n\n<p>Y concluy\u00f3 afirmando que \u201chay que remarcarlo ya que, si bien no es la soluci\u00f3n a los problemas que tenemos, al menos los gobierno empiezan a entender que eso debe volver al Estado y ah\u00ed nosotros si tenemos un papel sumamente importante\u201d.<\/p>\n\n\n\n<p>Finalmente hizo uso de la palabra Fernando Peyrano, quien comenz\u00f3 diciendo que \u201cse trata de un debate estrat\u00e9gico donde apuntamos a apoyar un Estado empresario y fuerte. El primer punto a abordar es la cuesti\u00f3n geopol\u00edtica. En tiempos de paz la primera hip\u00f3tesis de conflicto es la log\u00edstica, qu\u00e9 casualidad que teniendo una planta para producir vagones no se la tenga en cuenta, donde el capitalismo lo \u00fanico que pretende es sacarnos todos los minerales, a la extracci\u00f3n y el agro negocio. Para con los r\u00edos y la famosa Hidrov\u00eda, ac\u00e1 en Rosario, donde quieren meter buques m\u00e1s grandes a costo de contaminaci\u00f3n de miseria y de romper todos los humedales y en medio ambiente. Para eso nos quiere dedicados exclusivamente a la materia prima, como hace 200 a\u00f1os. tengamos en cuenta que las primeras f\u00e1bricas argentinas fueron f\u00e1bricas militares para la defensa. No le \u00edbamos a pedir el plomo y los fusiles a los espa\u00f1oles, a los ingleses\u201d.<\/p>\n\n\n\n<p>\u201cCuando hay una pol\u00edtica Latinoamericana, como la Unasur, la producci\u00f3n para la defensa no cae en malas manos. Lamentablemente en los \u00faltimos a\u00f1os la pol\u00edtica que se impuso es la norteamericana: seguridad interna, narcotr\u00e1fico, ciberespacio y fronteras. Eso achica el margen de nuestras f\u00e1bricas. As\u00ed sucedi\u00f3 con el cierre Fanazul, que es la \u00fanica f\u00e1brica cargadora del atl\u00e1ntico sur de cualquier veh\u00edculo que necesite una carga, sea una meco, una corbeta, un avi\u00f3n, cualquier tipo de misil. Nos sacaron esa posibilidad de carga\u201d.<\/p>\n\n\n\n<p>El rosarino se\u00f1al\u00f3 que \u201cpor eso lo que nos garantiza trabajo no son contratos de proveedores con empresas o con provincias, ya que en Fray Lusi Beltran producimos armas o chalecos antibalas, sino las l\u00edneas de trabajo secundarias. Empezar a desarrollar esas l\u00edneas productivas a dos o tres turnos que nos garanticen la estabilidad. Somos una herramienta de la sustituci\u00f3n de importaciones y solo abastecemos al 20% de las provincias, hay funcionarios que tienen acuerdos con el gobierno israel\u00ed y dos por tres se van a comprar pistolas a ese pa\u00eds, atacando el prestigio de la industria nacional a manos de pol\u00edticas privatistas\u201d.<\/p>\n\n\n\n<p>\u201cIndependientemente de los gobiernos, lo \u00fanico que nos genera estabilidad es anexarnos a una ley de producci\u00f3n para la defensa, con un avance en discutir el fono para la defensa. Tambi\u00e9n hay una cuesti\u00f3n espiritual relacionada con el orgullo y el prestigio de pertenecer a la industria nacional. Como lo hizo, Per\u00f3n, Mosconi o Savio\u201d.<\/p>\n\n\n\n<p>\u201cLo dijo Savio: \u2018\u00bfcu\u00e1nto vale la influencia que tiene la formaci\u00f3n espiritual de nuestros compatriotas en el perfeccionamiento de sus capacidades t\u00e9cnicas para sus tareas de medios mecanizados?\u2019. No pens\u00f3 solo en colar el hierro, sino en producirlo, en mecanizarlo. Valor agregado que es lo fundamental\u201d, razon\u00f3.<\/p>\n\n\n\n<p>La charla completa puede verse ingresando <a href=\"https:\/\/www.facebook.com\/atecba\/videos\/264303088444999\">aqu\u00ed.<\/a> <\/p>\n","protected":false},"excerpt":{"rendered":"<p>En una charla virtual, realizada el pasado martes 3 de agosto, el Consejo Directivo Provincial (CPD) convoc\u00f3 a compa\u00f1eros y compa\u00f1eras a debatir sobre el sobre pensamiento estrat\u00e9gico para la defensa nacional, en el marco del homenaje por el aniversario al General Savio. Coordinado por el secretario General de ATE C\u00f3rdoba, Federico Giuliani, disertaron el [&hellip;]<\/p>\n","protected":false},"author":3,"featured_media":27034,"comment_status":"open","ping_status":"open","sticky":false,"template":"","format":"standard","meta":{"_exactmetrics_skip_tracking":false,"_exactmetrics_sitenote_active":false,"_exactmetrics_sitenote_note":"","_exactmetrics_sitenote_category":0,"jnews-multi-image_gallery":[],"jnews_single_post":{"subtitle":"Dirigentes de Fabricaciones Militares y CNEA expusieron sobre el papel de la industria nacional del Estado. ","format":"standard","video":"","gallery":"","source_name":"","source_url":"","via_name":"","via_url":"","override":[{"single_blog_custom":"","sidebar":"","second_sidebar":"","share_position":"","share_float_style":"","post_date_format":"","post_date_format_custom":"","post_reading_time_wpm":"","zoom_button_out_step":"1","zoom_button_in_step":"1","number_popup_post":"1"}],"image_override":[{"single_post_thumbnail_size":"","single_post_gallery_size":""}],"trending_post_position":"","trending_post_label":"","sponsored_post_label":"","sponsored_post_name":"","sponsored_post_url":"","sponsored_post_logo":"","sponsored_post_desc":""},"jnews_primary_category":{"id":""},"jnews_social_meta":{"fb_title":"","fb_description":"","fb_image":"","twitter_title":"","twitter_description":"","twitter_image":""},"jnews_review":[],"enable_review":"","type":"percentage","name":"","summary":"","brand":"","sku":"","good":[{"good_text":""}],"bad":[{"bad_text":""}],"score_override":"","override_value":"","rating":[{"rating_text":"","rating_number":"10"}],"price":[{"shop":"","price":"","link":"","icon":""}],"jnews_override_counter":{"view_counter_number":"0","share_counter_number":"0","like_counter_number":"0","dislike_counter_number":"0"},"jnews_post_split":{"post_split":[{"template":"1","tag":"h2","numbering":"asc","mode":"normal","toc_type":"normal"}]},"footnotes":""},"categories":[10,18],"tags":[873,872,875,874],"class_list":["post-27033","post","type-post","status-publish","format-standard","has-post-thumbnail","hentry","category-accion-politica","category-nacionales","tag-defensa","tag-industria","tag-nacional","tag-soberania"],"jetpack_featured_media_url":"https:\/\/atecordoba.org\/wp-content\/uploads\/2021\/08\/produccion-defensa-2.jpeg","_links":{"self":[{"href":"https:\/\/atecordoba.org\/index.php?rest_route=\/wp\/v2\/posts\/27033","targetHints":{"allow":["GET"]}}],"collection":[{"href":"https:\/\/atecordoba.org\/index.php?rest_route=\/wp\/v2\/posts"}],"about":[{"href":"https:\/\/atecordoba.org\/index.php?rest_route=\/wp\/v2\/types\/post"}],"author":[{"embeddable":true,"href":"https:\/\/atecordoba.org\/index.php?rest_route=\/wp\/v2\/users\/3"}],"replies":[{"embeddable":true,"href":"https:\/\/atecordoba.org\/index.php?rest_route=%2Fwp%2Fv2%2Fcomments&post=27033"}],"version-history":[{"count":2,"href":"https:\/\/atecordoba.org\/index.php?rest_route=\/wp\/v2\/posts\/27033\/revisions"}],"predecessor-version":[{"id":27042,"href":"https:\/\/atecordoba.org\/index.php?rest_route=\/wp\/v2\/posts\/27033\/revisions\/27042"}],"wp:featuredmedia":[{"embeddable":true,"href":"https:\/\/atecordoba.org\/index.php?rest_route=\/wp\/v2\/media\/27034"}],"wp:attachment":[{"href":"https:\/\/atecordoba.org\/index.php?rest_route=%2Fwp%2Fv2%2Fmedia&parent=27033"}],"wp:term":[{"taxonomy":"category","embeddable":true,"href":"https:\/\/atecordoba.org\/index.php?rest_route=%2Fwp%2Fv2%2Fcategories&post=27033"},{"taxonomy":"post_tag","embeddable":true,"href":"https:\/\/atecordoba.org\/index.php?rest_route=%2Fwp%2Fv2%2Ftags&post=27033"}],"curies":[{"name":"wp","href":"https:\/\/api.w.org\/{rel}","templated":true}]}}