{"id":27016,"date":"2021-08-04T13:17:31","date_gmt":"2021-08-04T16:17:31","guid":{"rendered":"https:\/\/atecordoba.org\/?p=27016"},"modified":"2021-08-04T13:20:42","modified_gmt":"2021-08-04T16:20:42","slug":"ffmm-masiva-asamblea-en-rio-tercero-reclamo-un-45-de-aumento-salarial-para-el-2021","status":"publish","type":"post","link":"https:\/\/atecordoba.org\/?p=27016","title":{"rendered":"FFMM: masiva asamblea en R\u00edo Tercero reclam\u00f3 un 45% de aumento salarial para el 2021"},"content":{"rendered":"\n<div class=\"wp-block-image\"><figure class=\"aligncenter size-large is-resized\"><img loading=\"lazy\" decoding=\"async\" src=\"https:\/\/atecordoba.org\/wp-content\/uploads\/2021\/08\/WhatsApp-Image-2021-08-04-at-12.13.46-1-1024x576.jpeg\" alt=\"\" class=\"wp-image-27017\" width=\"827\" height=\"465\" srcset=\"https:\/\/atecordoba.org\/wp-content\/uploads\/2021\/08\/WhatsApp-Image-2021-08-04-at-12.13.46-1-1024x576.jpeg 1024w, https:\/\/atecordoba.org\/wp-content\/uploads\/2021\/08\/WhatsApp-Image-2021-08-04-at-12.13.46-1-300x169.jpeg 300w, https:\/\/atecordoba.org\/wp-content\/uploads\/2021\/08\/WhatsApp-Image-2021-08-04-at-12.13.46-1-768x432.jpeg 768w, https:\/\/atecordoba.org\/wp-content\/uploads\/2021\/08\/WhatsApp-Image-2021-08-04-at-12.13.46-1-750x422.jpeg 750w, https:\/\/atecordoba.org\/wp-content\/uploads\/2021\/08\/WhatsApp-Image-2021-08-04-at-12.13.46-1.jpeg 1032w\" sizes=\"auto, (max-width: 827px) 100vw, 827px\" \/><figcaption>Albornoz y Giuliani juntos a los trabajadores de FMRT. <\/figcaption><\/figure><\/div>\n\n\n\n<p>Con la visita del secretario General de ATE C\u00f3rdoba, Federico Giuliani, hoy por la ma\u00f1ana se llev\u00f3 a cabo una asamblea en la F\u00e1brica Militar de R\u00edo Tercero (FMRT),  convocada por la seccional de ATE, para avanzar en la discusi\u00f3n con las y los trabajadores del sector con referencia a la reapertura de paritrias que el Gobierno nacional realizar\u00e1 el pr\u00f3ximo 19 de agosto. <\/p>\n\n\n\n<figure class=\"wp-block-gallery aligncenter columns-3 is-cropped wp-block-gallery-1 is-layout-flex wp-block-gallery-is-layout-flex\"><ul class=\"blocks-gallery-grid\"><li class=\"blocks-gallery-item\"><figure><img loading=\"lazy\" decoding=\"async\" width=\"1024\" height=\"786\" src=\"https:\/\/atecordoba.org\/wp-content\/uploads\/2021\/08\/asamblear3_1-1024x786.jpeg\" alt=\"\" data-id=\"27028\" data-full-url=\"https:\/\/atecordoba.org\/wp-content\/uploads\/2021\/08\/asamblear3_1.jpeg\" data-link=\"https:\/\/atecordoba.org\/?attachment_id=27028\" class=\"wp-image-27028\" srcset=\"https:\/\/atecordoba.org\/wp-content\/uploads\/2021\/08\/asamblear3_1-1024x786.jpeg 1024w, https:\/\/atecordoba.org\/wp-content\/uploads\/2021\/08\/asamblear3_1-300x230.jpeg 300w, https:\/\/atecordoba.org\/wp-content\/uploads\/2021\/08\/asamblear3_1-768x590.jpeg 768w, https:\/\/atecordoba.org\/wp-content\/uploads\/2021\/08\/asamblear3_1-750x576.jpeg 750w, https:\/\/atecordoba.org\/wp-content\/uploads\/2021\/08\/asamblear3_1.jpeg 1080w\" sizes=\"auto, (max-width: 1024px) 100vw, 1024px\" \/><\/figure><\/li><li class=\"blocks-gallery-item\"><figure><img loading=\"lazy\" decoding=\"async\" width=\"1024\" height=\"540\" src=\"https:\/\/atecordoba.org\/wp-content\/uploads\/2021\/08\/asamblear3_2-1024x540.jpeg\" alt=\"\" data-id=\"27029\" data-full-url=\"https:\/\/atecordoba.org\/wp-content\/uploads\/2021\/08\/asamblear3_2.jpeg\" data-link=\"https:\/\/atecordoba.org\/?attachment_id=27029\" class=\"wp-image-27029\" srcset=\"https:\/\/atecordoba.org\/wp-content\/uploads\/2021\/08\/asamblear3_2-1024x540.jpeg 1024w, https:\/\/atecordoba.org\/wp-content\/uploads\/2021\/08\/asamblear3_2-300x158.jpeg 300w, https:\/\/atecordoba.org\/wp-content\/uploads\/2021\/08\/asamblear3_2-768x405.jpeg 768w, https:\/\/atecordoba.org\/wp-content\/uploads\/2021\/08\/asamblear3_2-750x396.jpeg 750w, https:\/\/atecordoba.org\/wp-content\/uploads\/2021\/08\/asamblear3_2.jpeg 1080w\" sizes=\"auto, (max-width: 1024px) 100vw, 1024px\" \/><\/figure><\/li><li class=\"blocks-gallery-item\"><figure><img loading=\"lazy\" decoding=\"async\" width=\"1024\" height=\"816\" src=\"https:\/\/atecordoba.org\/wp-content\/uploads\/2021\/08\/asamblear3_-1024x816.jpeg\" alt=\"\" data-id=\"27030\" data-full-url=\"https:\/\/atecordoba.org\/wp-content\/uploads\/2021\/08\/asamblear3_.jpeg\" data-link=\"https:\/\/atecordoba.org\/?attachment_id=27030\" class=\"wp-image-27030\" srcset=\"https:\/\/atecordoba.org\/wp-content\/uploads\/2021\/08\/asamblear3_-1024x816.jpeg 1024w, https:\/\/atecordoba.org\/wp-content\/uploads\/2021\/08\/asamblear3_-300x239.jpeg 300w, https:\/\/atecordoba.org\/wp-content\/uploads\/2021\/08\/asamblear3_-768x612.jpeg 768w, https:\/\/atecordoba.org\/wp-content\/uploads\/2021\/08\/asamblear3_-750x598.jpeg 750w, https:\/\/atecordoba.org\/wp-content\/uploads\/2021\/08\/asamblear3_.jpeg 1080w\" sizes=\"auto, (max-width: 1024px) 100vw, 1024px\" \/><\/figure><\/li><\/ul><\/figure>\n\n\n\n<p>En la oportunidad, el secretario General de ATE R\u00edo Tercero, Dami\u00e1n Albornoz, propuso un temario que abarc\u00f3, adem\u00e1s, diversos temas sectoriales, como la discusi\u00f3n del Convenio Colectivo en Fabricaciones Militares, las reincorporaciones, carreras y re categorizaciones, aumentos salariales y la acefalia del Ministerio de Defensa, a partir del alejamiento de rosarino Agust\u00edn Rossi.<\/p>\n\n\n\n<div class=\"wp-block-group\"><div class=\"wp-block-group__inner-container is-layout-flow wp-block-group-is-layout-flow\">\n<figure class=\"wp-block-gallery columns-7 is-cropped wp-block-gallery-2 is-layout-flex wp-block-gallery-is-layout-flex\"><ul class=\"blocks-gallery-grid\"><li class=\"blocks-gallery-item\"><figure><a href=\"https:\/\/atecordoba.org\/wp-content\/uploads\/2021\/08\/WhatsApp-Image-2021-08-04-at-12.13.45.jpeg\"><img loading=\"lazy\" decoding=\"async\" width=\"150\" height=\"150\" src=\"https:\/\/atecordoba.org\/wp-content\/uploads\/2021\/08\/WhatsApp-Image-2021-08-04-at-12.13.45-150x150.jpeg\" alt=\"\" data-id=\"27018\" data-full-url=\"https:\/\/atecordoba.org\/wp-content\/uploads\/2021\/08\/WhatsApp-Image-2021-08-04-at-12.13.45.jpeg\" data-link=\"https:\/\/atecordoba.org\/?attachment_id=27018\" class=\"wp-image-27018\" srcset=\"https:\/\/atecordoba.org\/wp-content\/uploads\/2021\/08\/WhatsApp-Image-2021-08-04-at-12.13.45-150x150.jpeg 150w, https:\/\/atecordoba.org\/wp-content\/uploads\/2021\/08\/WhatsApp-Image-2021-08-04-at-12.13.45-560x560.jpeg 560w, https:\/\/atecordoba.org\/wp-content\/uploads\/2021\/08\/WhatsApp-Image-2021-08-04-at-12.13.45-75x75.jpeg 75w, https:\/\/atecordoba.org\/wp-content\/uploads\/2021\/08\/WhatsApp-Image-2021-08-04-at-12.13.45-350x350.jpeg 350w\" sizes=\"auto, (max-width: 150px) 100vw, 150px\" \/><\/a><\/figure><\/li><li class=\"blocks-gallery-item\"><figure><a href=\"https:\/\/atecordoba.org\/wp-content\/uploads\/2021\/08\/WhatsApp-Image-2021-08-04-at-12.13.46-2.jpeg\"><img loading=\"lazy\" decoding=\"async\" width=\"150\" height=\"150\" src=\"https:\/\/atecordoba.org\/wp-content\/uploads\/2021\/08\/WhatsApp-Image-2021-08-04-at-12.13.46-2-150x150.jpeg\" alt=\"\" data-id=\"27019\" data-full-url=\"https:\/\/atecordoba.org\/wp-content\/uploads\/2021\/08\/WhatsApp-Image-2021-08-04-at-12.13.46-2.jpeg\" data-link=\"https:\/\/atecordoba.org\/?attachment_id=27019\" class=\"wp-image-27019\" srcset=\"https:\/\/atecordoba.org\/wp-content\/uploads\/2021\/08\/WhatsApp-Image-2021-08-04-at-12.13.46-2-150x150.jpeg 150w, https:\/\/atecordoba.org\/wp-content\/uploads\/2021\/08\/WhatsApp-Image-2021-08-04-at-12.13.46-2-75x75.jpeg 75w, https:\/\/atecordoba.org\/wp-content\/uploads\/2021\/08\/WhatsApp-Image-2021-08-04-at-12.13.46-2-350x350.jpeg 350w\" sizes=\"auto, (max-width: 150px) 100vw, 150px\" \/><\/a><\/figure><\/li><li class=\"blocks-gallery-item\"><figure><a href=\"https:\/\/atecordoba.org\/wp-content\/uploads\/2021\/08\/WhatsApp-Image-2021-08-04-at-12.13.46.jpeg\"><img loading=\"lazy\" decoding=\"async\" width=\"150\" height=\"150\" src=\"https:\/\/atecordoba.org\/wp-content\/uploads\/2021\/08\/WhatsApp-Image-2021-08-04-at-12.13.46-150x150.jpeg\" alt=\"\" data-id=\"27020\" data-full-url=\"https:\/\/atecordoba.org\/wp-content\/uploads\/2021\/08\/WhatsApp-Image-2021-08-04-at-12.13.46.jpeg\" data-link=\"https:\/\/atecordoba.org\/?attachment_id=27020\" class=\"wp-image-27020\" srcset=\"https:\/\/atecordoba.org\/wp-content\/uploads\/2021\/08\/WhatsApp-Image-2021-08-04-at-12.13.46-150x150.jpeg 150w, https:\/\/atecordoba.org\/wp-content\/uploads\/2021\/08\/WhatsApp-Image-2021-08-04-at-12.13.46-560x560.jpeg 560w, https:\/\/atecordoba.org\/wp-content\/uploads\/2021\/08\/WhatsApp-Image-2021-08-04-at-12.13.46-75x75.jpeg 75w, https:\/\/atecordoba.org\/wp-content\/uploads\/2021\/08\/WhatsApp-Image-2021-08-04-at-12.13.46-350x350.jpeg 350w\" sizes=\"auto, (max-width: 150px) 100vw, 150px\" \/><\/a><\/figure><\/li><li class=\"blocks-gallery-item\"><figure><a href=\"https:\/\/atecordoba.org\/wp-content\/uploads\/2021\/08\/WhatsApp-Image-2021-08-04-at-12.13.47-1.jpeg\"><img loading=\"lazy\" decoding=\"async\" width=\"150\" height=\"150\" src=\"https:\/\/atecordoba.org\/wp-content\/uploads\/2021\/08\/WhatsApp-Image-2021-08-04-at-12.13.47-1-150x150.jpeg\" alt=\"\" data-id=\"27021\" data-full-url=\"https:\/\/atecordoba.org\/wp-content\/uploads\/2021\/08\/WhatsApp-Image-2021-08-04-at-12.13.47-1.jpeg\" data-link=\"https:\/\/atecordoba.org\/?attachment_id=27021\" class=\"wp-image-27021\" srcset=\"https:\/\/atecordoba.org\/wp-content\/uploads\/2021\/08\/WhatsApp-Image-2021-08-04-at-12.13.47-1-150x150.jpeg 150w, https:\/\/atecordoba.org\/wp-content\/uploads\/2021\/08\/WhatsApp-Image-2021-08-04-at-12.13.47-1-560x560.jpeg 560w, https:\/\/atecordoba.org\/wp-content\/uploads\/2021\/08\/WhatsApp-Image-2021-08-04-at-12.13.47-1-75x75.jpeg 75w, https:\/\/atecordoba.org\/wp-content\/uploads\/2021\/08\/WhatsApp-Image-2021-08-04-at-12.13.47-1-350x350.jpeg 350w\" sizes=\"auto, (max-width: 150px) 100vw, 150px\" \/><\/a><\/figure><\/li><li class=\"blocks-gallery-item\"><figure><a href=\"https:\/\/atecordoba.org\/wp-content\/uploads\/2021\/08\/WhatsApp-Image-2021-08-04-at-12.13.47.jpeg\"><img loading=\"lazy\" decoding=\"async\" width=\"150\" height=\"150\" src=\"https:\/\/atecordoba.org\/wp-content\/uploads\/2021\/08\/WhatsApp-Image-2021-08-04-at-12.13.47-150x150.jpeg\" alt=\"\" data-id=\"27022\" data-full-url=\"https:\/\/atecordoba.org\/wp-content\/uploads\/2021\/08\/WhatsApp-Image-2021-08-04-at-12.13.47.jpeg\" data-link=\"https:\/\/atecordoba.org\/?attachment_id=27022\" class=\"wp-image-27022\" srcset=\"https:\/\/atecordoba.org\/wp-content\/uploads\/2021\/08\/WhatsApp-Image-2021-08-04-at-12.13.47-150x150.jpeg 150w, https:\/\/atecordoba.org\/wp-content\/uploads\/2021\/08\/WhatsApp-Image-2021-08-04-at-12.13.47-560x560.jpeg 560w, https:\/\/atecordoba.org\/wp-content\/uploads\/2021\/08\/WhatsApp-Image-2021-08-04-at-12.13.47-75x75.jpeg 75w, https:\/\/atecordoba.org\/wp-content\/uploads\/2021\/08\/WhatsApp-Image-2021-08-04-at-12.13.47-350x350.jpeg 350w\" sizes=\"auto, (max-width: 150px) 100vw, 150px\" \/><\/a><\/figure><\/li><li class=\"blocks-gallery-item\"><figure><a href=\"https:\/\/atecordoba.org\/wp-content\/uploads\/2021\/08\/WhatsApp-Image-2021-08-04-at-12.13.48-1.jpeg\"><img loading=\"lazy\" decoding=\"async\" width=\"150\" height=\"150\" src=\"https:\/\/atecordoba.org\/wp-content\/uploads\/2021\/08\/WhatsApp-Image-2021-08-04-at-12.13.48-1-150x150.jpeg\" alt=\"\" data-id=\"27023\" data-full-url=\"https:\/\/atecordoba.org\/wp-content\/uploads\/2021\/08\/WhatsApp-Image-2021-08-04-at-12.13.48-1.jpeg\" data-link=\"https:\/\/atecordoba.org\/?attachment_id=27023\" class=\"wp-image-27023\" srcset=\"https:\/\/atecordoba.org\/wp-content\/uploads\/2021\/08\/WhatsApp-Image-2021-08-04-at-12.13.48-1-150x150.jpeg 150w, https:\/\/atecordoba.org\/wp-content\/uploads\/2021\/08\/WhatsApp-Image-2021-08-04-at-12.13.48-1-560x560.jpeg 560w, https:\/\/atecordoba.org\/wp-content\/uploads\/2021\/08\/WhatsApp-Image-2021-08-04-at-12.13.48-1-75x75.jpeg 75w, https:\/\/atecordoba.org\/wp-content\/uploads\/2021\/08\/WhatsApp-Image-2021-08-04-at-12.13.48-1-350x350.jpeg 350w\" sizes=\"auto, (max-width: 150px) 100vw, 150px\" \/><\/a><\/figure><\/li><li class=\"blocks-gallery-item\"><figure><a href=\"https:\/\/atecordoba.org\/wp-content\/uploads\/2021\/08\/WhatsApp-Image-2021-08-04-at-12.13.48.jpeg\"><img loading=\"lazy\" decoding=\"async\" width=\"960\" height=\"540\" src=\"https:\/\/atecordoba.org\/wp-content\/uploads\/2021\/08\/WhatsApp-Image-2021-08-04-at-12.13.48.jpeg\" alt=\"\" data-id=\"27024\" data-full-url=\"https:\/\/atecordoba.org\/wp-content\/uploads\/2021\/08\/WhatsApp-Image-2021-08-04-at-12.13.48.jpeg\" data-link=\"https:\/\/atecordoba.org\/?attachment_id=27024\" class=\"wp-image-27024\" srcset=\"https:\/\/atecordoba.org\/wp-content\/uploads\/2021\/08\/WhatsApp-Image-2021-08-04-at-12.13.48.jpeg 960w, https:\/\/atecordoba.org\/wp-content\/uploads\/2021\/08\/WhatsApp-Image-2021-08-04-at-12.13.48-300x169.jpeg 300w, https:\/\/atecordoba.org\/wp-content\/uploads\/2021\/08\/WhatsApp-Image-2021-08-04-at-12.13.48-768x432.jpeg 768w, https:\/\/atecordoba.org\/wp-content\/uploads\/2021\/08\/WhatsApp-Image-2021-08-04-at-12.13.48-750x422.jpeg 750w\" sizes=\"auto, (max-width: 960px) 100vw, 960px\" \/><\/a><\/figure><\/li><\/ul><\/figure>\n<\/div><\/div>\n\n\n\n<p>En la oportunidad, Giuliani afirm\u00f3 que &#8220;vinimos a destacar el trabajo de la seccional&#8221;. el dirigente dijo que  que el Consejo Directivo Provincial (CDP) &#8220;est\u00e1 caminando la provincia, es importante ir a los sectores de trabajo a escuchar a los compa\u00f1eros porque ah\u00ed est\u00e1n los problemas y las soluciones&#8221;.<\/p>\n\n\n\n<p>Adem\u00e1s, Giuliani ratific\u00f3 la posici\u00f3n del CDP C\u00f3rdoba sobre la paritaria del 35% otorgada por el gobierno nacional y confirm\u00f3 que &#8220;queremos llegar con fuerza a la reapertura de paritarias del 19 de agosto para que el aumento sea del 45% y que se cobre este a\u00f1o&#8221;.<\/p>\n\n\n\n<p>La actividad form\u00f3 parte de la agenda que hoy est\u00e1 desarrollando ATE C\u00f3rdoba.<\/p>\n\n\n\n<div class=\"wp-block-image\"><figure class=\"aligncenter size-large is-resized\"><img loading=\"lazy\" decoding=\"async\" src=\"https:\/\/atecordoba.org\/wp-content\/uploads\/2021\/08\/flyer-actividades-4-8-1024x1024.jpeg\" alt=\"\" class=\"wp-image-27026\" width=\"623\" height=\"623\" srcset=\"https:\/\/atecordoba.org\/wp-content\/uploads\/2021\/08\/flyer-actividades-4-8-1024x1024.jpeg 1024w, https:\/\/atecordoba.org\/wp-content\/uploads\/2021\/08\/flyer-actividades-4-8-300x300.jpeg 300w, https:\/\/atecordoba.org\/wp-content\/uploads\/2021\/08\/flyer-actividades-4-8-150x150.jpeg 150w, https:\/\/atecordoba.org\/wp-content\/uploads\/2021\/08\/flyer-actividades-4-8-768x768.jpeg 768w, https:\/\/atecordoba.org\/wp-content\/uploads\/2021\/08\/flyer-actividades-4-8-560x560.jpeg 560w, https:\/\/atecordoba.org\/wp-content\/uploads\/2021\/08\/flyer-actividades-4-8-75x75.jpeg 75w, https:\/\/atecordoba.org\/wp-content\/uploads\/2021\/08\/flyer-actividades-4-8-350x350.jpeg 350w, https:\/\/atecordoba.org\/wp-content\/uploads\/2021\/08\/flyer-actividades-4-8-750x750.jpeg 750w, https:\/\/atecordoba.org\/wp-content\/uploads\/2021\/08\/flyer-actividades-4-8.jpeg 1080w\" sizes=\"auto, (max-width: 623px) 100vw, 623px\" \/><\/figure><\/div>\n","protected":false},"excerpt":{"rendered":"<p>Con la visita del secretario General de ATE C\u00f3rdoba, Federico Giuliani, hoy por la ma\u00f1ana se llev\u00f3 a cabo una asamblea en la F\u00e1brica Militar de R\u00edo Tercero (FMRT), convocada por la seccional de ATE, para avanzar en la discusi\u00f3n con las y los trabajadores del sector con referencia a la reapertura de paritrias que [&hellip;]<\/p>\n","protected":false},"author":3,"featured_media":27017,"comment_status":"open","ping_status":"open","sticky":false,"template":"","format":"standard","meta":{"_exactmetrics_skip_tracking":false,"_exactmetrics_sitenote_active":false,"_exactmetrics_sitenote_note":"","_exactmetrics_sitenote_category":0,"jnews-multi-image_gallery":[],"jnews_single_post":{"subtitle":"Aumento salarial, convenio colectivo, recategorizaciones y reincorporaciones entre los temas tratados hoy. ","format":"standard","video":"","gallery":"","source_name":"","source_url":"","via_name":"","via_url":"","override":[{"single_blog_custom":"","sidebar":"","second_sidebar":"","share_position":"","share_float_style":"","post_date_format":"","post_date_format_custom":"","post_reading_time_wpm":"","zoom_button_out_step":"1","zoom_button_in_step":"1","number_popup_post":"1"}],"image_override":[{"single_post_thumbnail_size":"","single_post_gallery_size":""}],"trending_post_position":"","trending_post_label":"","sponsored_post_label":"","sponsored_post_name":"","sponsored_post_url":"","sponsored_post_logo":"","sponsored_post_desc":""},"jnews_primary_category":{"id":""},"jnews_social_meta":{"fb_title":"","fb_description":"","fb_image":"","twitter_title":"","twitter_description":"","twitter_image":""},"jnews_review":[],"enable_review":"","type":"percentage","name":"","summary":"","brand":"","sku":"","good":[{"good_text":""}],"bad":[{"bad_text":""}],"score_override":"","override_value":"","rating":[{"rating_text":"","rating_number":"10"}],"price":[{"shop":"","price":"","link":"","icon":""}],"jnews_override_counter":{"view_counter_number":"0","share_counter_number":"0","like_counter_number":"0","dislike_counter_number":"0"},"jnews_post_split":{"post_split":[{"template":"1","tag":"h2","numbering":"asc","mode":"normal","toc_type":"normal"}]},"footnotes":""},"categories":[18],"tags":[570],"class_list":["post-27016","post","type-post","status-publish","format-standard","has-post-thumbnail","hentry","category-nacionales","tag-direccion-general-de-fabricaciones-militares"],"jetpack_featured_media_url":"https:\/\/atecordoba.org\/wp-content\/uploads\/2021\/08\/WhatsApp-Image-2021-08-04-at-12.13.46-1.jpeg","_links":{"self":[{"href":"https:\/\/atecordoba.org\/index.php?rest_route=\/wp\/v2\/posts\/27016","targetHints":{"allow":["GET"]}}],"collection":[{"href":"https:\/\/atecordoba.org\/index.php?rest_route=\/wp\/v2\/posts"}],"about":[{"href":"https:\/\/atecordoba.org\/index.php?rest_route=\/wp\/v2\/types\/post"}],"author":[{"embeddable":true,"href":"https:\/\/atecordoba.org\/index.php?rest_route=\/wp\/v2\/users\/3"}],"replies":[{"embeddable":true,"href":"https:\/\/atecordoba.org\/index.php?rest_route=%2Fwp%2Fv2%2Fcomments&post=27016"}],"version-history":[{"count":4,"href":"https:\/\/atecordoba.org\/index.php?rest_route=\/wp\/v2\/posts\/27016\/revisions"}],"predecessor-version":[{"id":27032,"href":"https:\/\/atecordoba.org\/index.php?rest_route=\/wp\/v2\/posts\/27016\/revisions\/27032"}],"wp:featuredmedia":[{"embeddable":true,"href":"https:\/\/atecordoba.org\/index.php?rest_route=\/wp\/v2\/media\/27017"}],"wp:attachment":[{"href":"https:\/\/atecordoba.org\/index.php?rest_route=%2Fwp%2Fv2%2Fmedia&parent=27016"}],"wp:term":[{"taxonomy":"category","embeddable":true,"href":"https:\/\/atecordoba.org\/index.php?rest_route=%2Fwp%2Fv2%2Fcategories&post=27016"},{"taxonomy":"post_tag","embeddable":true,"href":"https:\/\/atecordoba.org\/index.php?rest_route=%2Fwp%2Fv2%2Ftags&post=27016"}],"curies":[{"name":"wp","href":"https:\/\/api.w.org\/{rel}","templated":true}]}}