{"id":27008,"date":"2021-08-04T12:18:17","date_gmt":"2021-08-04T15:18:17","guid":{"rendered":"https:\/\/atecordoba.org\/?p=27008"},"modified":"2021-08-04T12:29:19","modified_gmt":"2021-08-04T15:29:19","slug":"lleva-un-mes-el-reclamo-de-ate-por-reapertura-de-paritarias-provinciales","status":"publish","type":"post","link":"https:\/\/atecordoba.org\/?p=27008","title":{"rendered":"Lleva un mes el reclamo de ATE por reapertura de paritarias provinciales"},"content":{"rendered":"\n<div class=\"wp-block-image\"><figure class=\"alignright size-large is-resized\"><img loading=\"lazy\" decoding=\"async\" src=\"https:\/\/atecordoba.org\/wp-content\/uploads\/2021\/08\/captura-paritarias-1024x644.jpg\" alt=\"\" class=\"wp-image-27011\" width=\"684\" height=\"430\"\/><figcaption>Reclamo de reapertura de paritarias de principios de julio.<\/figcaption><\/figure><\/div>\n\n\n\n<p>Frente a la escalada inflacionaria que destruye el poder adquisitivo salarial, ATE y la Multisectorial de la Salud viene reclamando desde comienzos de julio pasado que el Gobierno de C\u00f3rdoba convoque a la reapertura de paritarias para discutir una recomposici\u00f3n salarial. <\/p>\n\n\n\n<p>El reclamo fij\u00f3 un horizonte del 45% de piso para el aumento de haberes para 2021, tal como lo establecieron las numerosas asambleas que las y los trabajadores de la salud provincial propusieron y ratificaron a los largo de julio y esta primera semana de agosto. Fue la falta de respuestas del gobierno de Schiaretti lo que termin\u00f3 en el paro de actividades que los hospitales realizar\u00e1n ma\u00f1ana, con abandono de tareas a partir de las 10 horas y concentraci\u00f3n a las 12 horas en la esquina de Col\u00f3n y General Paz. <\/p>\n\n\n\n<p>En tal sentido, el secretario Adjunto del Consejo Directivo Provincial, Hubo Dur\u00e1n, apunt\u00f3 a que confluyan todos los sectores representativos de los hospitales en la paritaria, \u201cno como sucedi\u00f3 la \u00faltima convocatoria, donde solo estuvo el SEP\u201d. \u201cTodas las organizaciones de la Multisectorial de la Salud nos reunimos hoy por la tarde para organizar la continuidad del conflicto en unidad, fijando una fecha para llevar adelante una medida de fuerza contundente .\u201d, dijo el dirigente estatal.<\/p>\n\n\n\n<p>Hoy podemos advertir que el Gobierno de C\u00f3rdoba deja trascender en la prensa local que est\u00e1 dispuesto a replicar la misma mec\u00e1nica de negociaci\u00f3n, arbitraria y antidemocr\u00e1tica, dejando afuera de la mesa paritaria a la gran mayor\u00eda de organizaciones representativas del sector de la salud p\u00fablica. Al mismo tiempo, el SEP -gremio amarillo que expresa la voluntad de Schiaretti en el gremialismo cordob\u00e9s- toma el reclamo del 45% de recomposici\u00f3n como propio, si es cierto <a href=\"https:\/\/www.lavoz.com.ar\/politica\/paritarias-los-estatales-provinciales-pediran-un-aumento-del-45-para-todo-el-ano\/\">lo que publica hoy La Voz del Interior<\/a>. <\/p>\n\n\n<a href=\"https:\/\/atecordoba.org\/wp-content\/uploads\/2021\/08\/GOBIERNO-cordoba-x-apertura-paritarias-2021_junio.pdf\" class=\"pdfemb-viewer\" style=\"\" data-width=\"max\" data-height=\"max\" data-toolbar=\"bottom\" data-toolbar-fixed=\"off\">GOBIERNO-cordoba-x-apertura-paritarias-2021_junio<\/a>\n<p class=\"wp-block-pdfemb-pdf-embedder-viewer\"><\/p>\n\n\n\n<p>Cabe se\u00f1alar que hasta el momento la pauta provincial para el sector p\u00fablico apenas alcanz\u00f3 en este primer semestre de 2021el 17,5%, 10 puntos por debajo de la inflaci\u00f3n cordobesa para el mismo periodo, establecida en el 27% como <a href=\"https:\/\/lmdiario.com.ar\/contenido\/299980\/la-uepc-solicito-la-reapertura-urgente-de-la-paritaria-docente-en-cordoba\">dijo el gremio docente UEPC<\/a> en su \u00faltimo pedido de reapertura paritaria. <\/p>\n\n\n\n<p>Adem\u00e1s, mientras la secretaria General de la Gobernaci\u00f3n, Silvina Rivero, anuncia que \u201csiempre ofrecemos lo que podemos pagar\u201d, es importante destacar el que recaudaci\u00f3n provincial interanual aument\u00f3 un 60% seg\u00fan inform\u00f3 el Ministerio de Finanzas, y que el incremento real -descontaba la inflaci\u00f3n- es del 10%, por lo que, tomando la palabra de la funcionaria, el gobierno provincial est\u00e1 en condiciones de otorgar una recomposici\u00f3n que supere en 10 puntos la inflaci\u00f3n estimada para el 2021. <\/p>\n\n\n\n<p>Como se\u00f1alara en su oportunidad el secretario General de ATE C\u00f3rdoba, Federico Giuliani, &nbsp;&#8220;es imprescindible la recomposici\u00f3n de los haberes para las y los trabajadores que est\u00e1n arriesgando la vida cada d\u00eda para atender a la poblaci\u00f3n en esta pandemia&#8221;.<\/p>\n","protected":false},"excerpt":{"rendered":"<p>Frente a la escalada inflacionaria que destruye el poder adquisitivo salarial, ATE y la Multisectorial de la Salud viene reclamando desde comienzos de julio pasado que el Gobierno de C\u00f3rdoba convoque a la reapertura de paritarias para discutir una recomposici\u00f3n salarial. El reclamo fij\u00f3 un horizonte del 45% de piso para el aumento de haberes [&hellip;]<\/p>\n","protected":false},"author":3,"featured_media":27011,"comment_status":"open","ping_status":"open","sticky":false,"template":"","format":"standard","meta":{"_exactmetrics_skip_tracking":false,"_exactmetrics_sitenote_active":false,"_exactmetrics_sitenote_note":"","_exactmetrics_sitenote_category":0,"jnews-multi-image_gallery":[],"jnews_single_post":{"subtitle":"Ma\u00f1ana las y los provinciales realizaremos un paro en los todos hospitales de C\u00f3rdoba exigiendo el 45% de recomposici\u00f3n salarial y blanqueo de bonos en negro, reclamo que lleva un mes sin respuesta. Hasta el momento el gobierno solo otorg\u00f3 un escaso 17.5% mientras la recaudaci\u00f3n aument\u00f3 un 60%. El 29 de junio ATE reclam\u00f3 por nota la reapertura de paritarias pero el plan de lucha se sostiene desde el a\u00f1o pasado.  ","format":"standard","video":"","gallery":"","source_name":"","source_url":"","via_name":"","via_url":"","override":[{"single_blog_custom":"","sidebar":"","second_sidebar":"","share_position":"","share_float_style":"","post_date_format":"","post_date_format_custom":"","post_reading_time_wpm":"","zoom_button_out_step":"1","zoom_button_in_step":"1","number_popup_post":"1"}],"image_override":[{"single_post_thumbnail_size":"","single_post_gallery_size":""}],"trending_post_position":"","trending_post_label":"","sponsored_post_label":"","sponsored_post_name":"","sponsored_post_url":"","sponsored_post_logo":"","sponsored_post_desc":""},"jnews_primary_category":{"id":""},"jnews_social_meta":{"fb_title":"","fb_description":"","fb_image":"","twitter_title":"","twitter_description":"","twitter_image":""},"jnews_review":[],"enable_review":"","type":"percentage","name":"","summary":"","brand":"","sku":"","good":[{"good_text":""}],"bad":[{"bad_text":""}],"score_override":"","override_value":"","rating":[{"rating_text":"","rating_number":"10"}],"price":[{"shop":"","price":"","link":"","icon":""}],"jnews_override_counter":{"view_counter_number":"0","share_counter_number":"0","like_counter_number":"0","dislike_counter_number":"0"},"jnews_post_split":{"post_split":[{"template":"1","tag":"h2","numbering":"asc","mode":"normal","toc_type":"normal"}]},"footnotes":""},"categories":[8,1],"tags":[],"class_list":["post-27008","post","type-post","status-publish","format-standard","has-post-thumbnail","hentry","category-provinciales","category-sin-categoria"],"jetpack_featured_media_url":"https:\/\/atecordoba.org\/wp-content\/uploads\/2021\/08\/captura-paritarias-e1628090510911.jpg","_links":{"self":[{"href":"https:\/\/atecordoba.org\/index.php?rest_route=\/wp\/v2\/posts\/27008","targetHints":{"allow":["GET"]}}],"collection":[{"href":"https:\/\/atecordoba.org\/index.php?rest_route=\/wp\/v2\/posts"}],"about":[{"href":"https:\/\/atecordoba.org\/index.php?rest_route=\/wp\/v2\/types\/post"}],"author":[{"embeddable":true,"href":"https:\/\/atecordoba.org\/index.php?rest_route=\/wp\/v2\/users\/3"}],"replies":[{"embeddable":true,"href":"https:\/\/atecordoba.org\/index.php?rest_route=%2Fwp%2Fv2%2Fcomments&post=27008"}],"version-history":[{"count":4,"href":"https:\/\/atecordoba.org\/index.php?rest_route=\/wp\/v2\/posts\/27008\/revisions"}],"predecessor-version":[{"id":27015,"href":"https:\/\/atecordoba.org\/index.php?rest_route=\/wp\/v2\/posts\/27008\/revisions\/27015"}],"wp:featuredmedia":[{"embeddable":true,"href":"https:\/\/atecordoba.org\/index.php?rest_route=\/wp\/v2\/media\/27011"}],"wp:attachment":[{"href":"https:\/\/atecordoba.org\/index.php?rest_route=%2Fwp%2Fv2%2Fmedia&parent=27008"}],"wp:term":[{"taxonomy":"category","embeddable":true,"href":"https:\/\/atecordoba.org\/index.php?rest_route=%2Fwp%2Fv2%2Fcategories&post=27008"},{"taxonomy":"post_tag","embeddable":true,"href":"https:\/\/atecordoba.org\/index.php?rest_route=%2Fwp%2Fv2%2Ftags&post=27008"}],"curies":[{"name":"wp","href":"https:\/\/api.w.org\/{rel}","templated":true}]}}