{"id":27004,"date":"2021-08-03T14:41:15","date_gmt":"2021-08-03T17:41:15","guid":{"rendered":"https:\/\/atecordoba.org\/?p=27004"},"modified":"2021-08-03T14:41:57","modified_gmt":"2021-08-03T17:41:57","slug":"anac-movilizacion-a-sede-central-mientras-se-espera-el-paro-nacional-por-72-horas","status":"publish","type":"post","link":"https:\/\/atecordoba.org\/?p=27004","title":{"rendered":"ANAC: movilizaci\u00f3n a sede central mientras se espera el paro nacional por 72 horas"},"content":{"rendered":"\n<div class=\"wp-block-image\"><figure class=\"aligncenter size-large is-resized\"><img loading=\"lazy\" decoding=\"async\" src=\"https:\/\/atecordoba.org\/wp-content\/uploads\/2021\/08\/anac-bandera-1024x576.jpeg\" alt=\"\" class=\"wp-image-27006\" width=\"777\" height=\"437\" srcset=\"https:\/\/atecordoba.org\/wp-content\/uploads\/2021\/08\/anac-bandera-1024x576.jpeg 1024w, https:\/\/atecordoba.org\/wp-content\/uploads\/2021\/08\/anac-bandera-300x169.jpeg 300w, https:\/\/atecordoba.org\/wp-content\/uploads\/2021\/08\/anac-bandera-768x432.jpeg 768w, https:\/\/atecordoba.org\/wp-content\/uploads\/2021\/08\/anac-bandera-750x422.jpeg 750w, https:\/\/atecordoba.org\/wp-content\/uploads\/2021\/08\/anac-bandera.jpeg 1032w\" sizes=\"auto, (max-width: 777px) 100vw, 777px\" \/><\/figure><\/div>\n\n\n\n<p>En la ma\u00f1ana de hoy trabajadoras y trabajadores de ANAC se movilizaron a la sede del organismo en la Ciudad de Buenos Aires, en el marco del plan de lucha que viene llevando adelante el sector.<\/p>\n\n\n\n<p>Con la participaci\u00f3n de compa\u00f1eros y compa\u00f1eras de todo el pa\u00eds, convocados por la Coordinaci\u00f3n Nacional de ATE-ANAC, una movilizaci\u00f3n se traslad\u00f3 a al nuevo edificio de ANAC en calle Balcarse 320 donde se notific\u00f3 el paro por 72 horas convocado para los d\u00edas 10, 11 y 12 de agosto.<\/p>\n\n\n\n<p>&#8220;Estamos reclamando 250 pases a planta transitoria de compa\u00f1eros y compa\u00f1eras contratados, 600 recategorizaciones que est\u00e1n congeladas hace seis a\u00f1os, infraestructura para poder trabajar correctamente y que se avance definitivamente con el convenio colectivo sectorial&#8221;, explic\u00f3 Agust\u00edn Bertone, trabajador del organismo, vocal del Consejo Directivo Provincial (CDP) y responsable del Departamento de Nacionales de ATE C\u00f3rdoba.<\/p>\n\n\n\n<p>Bertone, que fue a CABA con un grupo de afiliados del Aeropuerto C\u00f3rdoba, explic\u00f3 que tras notificar la huelga &#8220;la administradora de ANAC y el Ministerio de Transporte  convocaron a ATE a una reuni\u00f3n, pero para levantar el paro tenemos que obtener respuestas concretas a nuestras demandas&#8221;. <\/p>\n\n\n\n<p>La movilizaci\u00f3n cont\u00f3 con la presencia del secretario General del CDP San Luis, Fernando Gatica, y el titular de la seccional ATE Esteban Echeverr\u00eda, Jorge Ravetti. <\/p>\n","protected":false},"excerpt":{"rendered":"<p>En la ma\u00f1ana de hoy trabajadoras y trabajadores de ANAC se movilizaron a la sede del organismo en la Ciudad de Buenos Aires, en el marco del plan de lucha que viene llevando adelante el sector. Con la participaci\u00f3n de compa\u00f1eros y compa\u00f1eras de todo el pa\u00eds, convocados por la Coordinaci\u00f3n Nacional de ATE-ANAC, una [&hellip;]<\/p>\n","protected":false},"author":3,"featured_media":27006,"comment_status":"open","ping_status":"open","sticky":false,"template":"","format":"standard","meta":{"_exactmetrics_skip_tracking":false,"_exactmetrics_sitenote_active":false,"_exactmetrics_sitenote_note":"","_exactmetrics_sitenote_category":0,"jnews-multi-image_gallery":[],"jnews_single_post":{"subtitle":"A \u00faltimo momento el Ministerio de Transporte convoc\u00f3 a ATE a un reuni\u00f3n, pero desde C\u00f3rdoba se exigen avances concretos para levantar la medida de fuerza. ","format":"standard","video":"","gallery":"","source_name":"","source_url":"","via_name":"","via_url":"","override":[{"single_blog_custom":"","sidebar":"","second_sidebar":"","share_position":"","share_float_style":"","post_date_format":"","post_date_format_custom":"","post_reading_time_wpm":"","zoom_button_out_step":"1","zoom_button_in_step":"1","number_popup_post":"1"}],"image_override":[{"single_post_thumbnail_size":"","single_post_gallery_size":""}],"trending_post_position":"","trending_post_label":"","sponsored_post_label":"","sponsored_post_name":"","sponsored_post_url":"","sponsored_post_logo":"","sponsored_post_desc":""},"jnews_primary_category":{"id":""},"jnews_social_meta":{"fb_title":"","fb_description":"","fb_image":"","twitter_title":"","twitter_description":"","twitter_image":""},"jnews_review":[],"enable_review":"","type":"percentage","name":"","summary":"","brand":"","sku":"","good":[{"good_text":""}],"bad":[{"bad_text":""}],"score_override":"","override_value":"","rating":[{"rating_text":"","rating_number":"10"}],"price":[{"shop":"","price":"","link":"","icon":""}],"jnews_override_counter":{"view_counter_number":"0","share_counter_number":"0","like_counter_number":"0","dislike_counter_number":"0"},"jnews_post_split":{"post_split":[{"template":"1","tag":"h2","numbering":"asc","mode":"normal","toc_type":"normal"}]},"footnotes":""},"categories":[18],"tags":[33],"class_list":["post-27004","post","type-post","status-publish","format-standard","has-post-thumbnail","hentry","category-nacionales","tag-anac"],"jetpack_featured_media_url":"https:\/\/atecordoba.org\/wp-content\/uploads\/2021\/08\/anac-bandera.jpeg","_links":{"self":[{"href":"https:\/\/atecordoba.org\/index.php?rest_route=\/wp\/v2\/posts\/27004","targetHints":{"allow":["GET"]}}],"collection":[{"href":"https:\/\/atecordoba.org\/index.php?rest_route=\/wp\/v2\/posts"}],"about":[{"href":"https:\/\/atecordoba.org\/index.php?rest_route=\/wp\/v2\/types\/post"}],"author":[{"embeddable":true,"href":"https:\/\/atecordoba.org\/index.php?rest_route=\/wp\/v2\/users\/3"}],"replies":[{"embeddable":true,"href":"https:\/\/atecordoba.org\/index.php?rest_route=%2Fwp%2Fv2%2Fcomments&post=27004"}],"version-history":[{"count":1,"href":"https:\/\/atecordoba.org\/index.php?rest_route=\/wp\/v2\/posts\/27004\/revisions"}],"predecessor-version":[{"id":27007,"href":"https:\/\/atecordoba.org\/index.php?rest_route=\/wp\/v2\/posts\/27004\/revisions\/27007"}],"wp:featuredmedia":[{"embeddable":true,"href":"https:\/\/atecordoba.org\/index.php?rest_route=\/wp\/v2\/media\/27006"}],"wp:attachment":[{"href":"https:\/\/atecordoba.org\/index.php?rest_route=%2Fwp%2Fv2%2Fmedia&parent=27004"}],"wp:term":[{"taxonomy":"category","embeddable":true,"href":"https:\/\/atecordoba.org\/index.php?rest_route=%2Fwp%2Fv2%2Fcategories&post=27004"},{"taxonomy":"post_tag","embeddable":true,"href":"https:\/\/atecordoba.org\/index.php?rest_route=%2Fwp%2Fv2%2Ftags&post=27004"}],"curies":[{"name":"wp","href":"https:\/\/api.w.org\/{rel}","templated":true}]}}