{"id":26996,"date":"2021-08-02T14:34:15","date_gmt":"2021-08-02T17:34:15","guid":{"rendered":"https:\/\/atecordoba.org\/?p=26996"},"modified":"2021-08-02T14:34:16","modified_gmt":"2021-08-02T17:34:16","slug":"plenario-de-anac-definio-realizar-un-paro-nacional-para-la-segunda-semana-de-agosto-con-marcha-a-la-sede-del-organismo","status":"publish","type":"post","link":"https:\/\/atecordoba.org\/?p=26996","title":{"rendered":"Plenario de ANAC defini\u00f3 realizar un paro nacional para la segunda semana de agosto con marcha a la sede del organismo"},"content":{"rendered":"\n<div class=\"wp-block-image\"><figure class=\"aligncenter size-large is-resized\"><img loading=\"lazy\" decoding=\"async\" src=\"https:\/\/atecordoba.org\/wp-content\/uploads\/2021\/08\/Anac_zoom-1024x626.jpg\" alt=\"\" class=\"wp-image-26997\" width=\"734\" height=\"449\"\/><\/figure><\/div>\n\n\n\n<p>En el marco de una asamblea general de ATE ANAC, se resolvi\u00f3 llevar adelante una movilizaci\u00f3n al edificio central de ANAC y un paro nacional de 72 horas, los d\u00edas 10, 11 y 12 de Agosto, que tendr\u00e1 afectaci\u00f3n total de los servicios aeroportuarios.<\/p>\n\n\n\n<p>En el plenario, encabezado por la Coordinaci\u00f3n Nacional ATE ANAC &nbsp;y la presencia de compa\u00f1era\/os de los Aeropuertos de San Juan, Ezeiza, San Luis, Bah\u00eda Blanca, Jujuy, Malargue, Sauce Viejo, Rosario, Comodoro Rivadavia, C\u00f3rdoba, R\u00edo Cuarto, Tandil, Resistencia, Reconquista, Mor\u00f3n, Santa Rosa, Posadas, Esquel, Trelew, R\u00edo Grande, General Pico, Puerto Madryn, Iguaz\u00fa y Formosa, repudiaron el accionar del Departamento SSEI Nacional y se defini\u00f3 realizar una presentaci\u00f3n internacional, ante los organismos competentes, denunciando las falencias operativas de la ANAC.<\/p>\n\n\n\n<p>Las medidas de fuerza de la sectorial, tambi\u00e9n se impone en el reclamo de pase a planta permanente o Art.9 de la\/os compa\u00f1era\/os bajo contrato OACI, el pago de re encasillamientos retroactivo, el Convenio Colectivo de Trabajo sectorial y una soluci\u00f3n para los problemas de infraestructura.<\/p>\n","protected":false},"excerpt":{"rendered":"<p>En el marco de una asamblea general de ATE ANAC, se resolvi\u00f3 llevar adelante una movilizaci\u00f3n al edificio central de ANAC y un paro nacional de 72 horas, los d\u00edas 10, 11 y 12 de Agosto, que tendr\u00e1 afectaci\u00f3n total de los servicios aeroportuarios. En el plenario, encabezado por la Coordinaci\u00f3n Nacional ATE ANAC &nbsp;y [&hellip;]<\/p>\n","protected":false},"author":3,"featured_media":26998,"comment_status":"open","ping_status":"open","sticky":false,"template":"","format":"standard","meta":{"_exactmetrics_skip_tracking":false,"_exactmetrics_sitenote_active":false,"_exactmetrics_sitenote_note":"","_exactmetrics_sitenote_category":0,"jnews-multi-image_gallery":[],"jnews_single_post":{"subtitle":"Tambi\u00e9n reclaman el pase a planta permanente o Art.9 de la\/os compa\u00f1era\/os bajo contrato OACI, el pago de re encasillamientos retroactivo y el CCT sectorial.","format":"standard","video":"","gallery":"","source_name":"","source_url":"","via_name":"","via_url":"","override":[{"single_blog_custom":"","sidebar":"","second_sidebar":"","share_position":"","share_float_style":"","post_date_format":"","post_date_format_custom":"","post_reading_time_wpm":"","zoom_button_out_step":"1","zoom_button_in_step":"1","number_popup_post":"1"}],"image_override":[{"single_post_thumbnail_size":"","single_post_gallery_size":""}],"trending_post_position":"","trending_post_label":"","sponsored_post_label":"","sponsored_post_name":"","sponsored_post_url":"","sponsored_post_logo":"","sponsored_post_desc":""},"jnews_primary_category":{"id":""},"jnews_social_meta":{"fb_title":"","fb_description":"","fb_image":"","twitter_title":"","twitter_description":"","twitter_image":""},"jnews_review":[],"enable_review":"","type":"percentage","name":"","summary":"","brand":"","sku":"","good":[{"good_text":""}],"bad":[{"bad_text":""}],"score_override":"","override_value":"","rating":[{"rating_text":"","rating_number":"10"}],"price":[{"shop":"","price":"","link":"","icon":""}],"jnews_override_counter":{"view_counter_number":"0","share_counter_number":"0","like_counter_number":"0","dislike_counter_number":"0"},"jnews_post_split":{"post_split":[{"template":"1","tag":"h2","numbering":"asc","mode":"normal","toc_type":"normal"}]},"footnotes":""},"categories":[18],"tags":[33],"class_list":["post-26996","post","type-post","status-publish","format-standard","has-post-thumbnail","hentry","category-nacionales","tag-anac"],"jetpack_featured_media_url":"https:\/\/atecordoba.org\/wp-content\/uploads\/2021\/08\/Anac-zoom-e1627925645460.jpg","_links":{"self":[{"href":"https:\/\/atecordoba.org\/index.php?rest_route=\/wp\/v2\/posts\/26996","targetHints":{"allow":["GET"]}}],"collection":[{"href":"https:\/\/atecordoba.org\/index.php?rest_route=\/wp\/v2\/posts"}],"about":[{"href":"https:\/\/atecordoba.org\/index.php?rest_route=\/wp\/v2\/types\/post"}],"author":[{"embeddable":true,"href":"https:\/\/atecordoba.org\/index.php?rest_route=\/wp\/v2\/users\/3"}],"replies":[{"embeddable":true,"href":"https:\/\/atecordoba.org\/index.php?rest_route=%2Fwp%2Fv2%2Fcomments&post=26996"}],"version-history":[{"count":1,"href":"https:\/\/atecordoba.org\/index.php?rest_route=\/wp\/v2\/posts\/26996\/revisions"}],"predecessor-version":[{"id":26999,"href":"https:\/\/atecordoba.org\/index.php?rest_route=\/wp\/v2\/posts\/26996\/revisions\/26999"}],"wp:featuredmedia":[{"embeddable":true,"href":"https:\/\/atecordoba.org\/index.php?rest_route=\/wp\/v2\/media\/26998"}],"wp:attachment":[{"href":"https:\/\/atecordoba.org\/index.php?rest_route=%2Fwp%2Fv2%2Fmedia&parent=26996"}],"wp:term":[{"taxonomy":"category","embeddable":true,"href":"https:\/\/atecordoba.org\/index.php?rest_route=%2Fwp%2Fv2%2Fcategories&post=26996"},{"taxonomy":"post_tag","embeddable":true,"href":"https:\/\/atecordoba.org\/index.php?rest_route=%2Fwp%2Fv2%2Ftags&post=26996"}],"curies":[{"name":"wp","href":"https:\/\/api.w.org\/{rel}","templated":true}]}}