{"id":26995,"date":"2021-08-02T15:02:45","date_gmt":"2021-08-02T18:02:45","guid":{"rendered":"https:\/\/atecordoba.org\/?p=26995"},"modified":"2021-08-02T15:02:46","modified_gmt":"2021-08-02T18:02:46","slug":"charla-virtual-sobre-pensamiento-estrategico-para-la-defensa-nacional","status":"publish","type":"post","link":"https:\/\/atecordoba.org\/?p=26995","title":{"rendered":"Charla virtual sobre pensamiento estrat\u00e9gico para la defensa nacional"},"content":{"rendered":"\n<figure class=\"wp-block-image size-large\"><img loading=\"lazy\" decoding=\"async\" width=\"1024\" height=\"1021\" src=\"https:\/\/atecordoba.org\/wp-content\/uploads\/2021\/08\/IMG-20210731-WA0046-1024x1021.jpg\" alt=\"\" class=\"wp-image-26981\"\/><\/figure>\n\n\n\n<p>La actividad, de car\u00e1cter virtual, es abierta para todas y todos los interesados en la tem\u00e1tica, centrando es esfuerzo militante y el desarrollo de pensamiento propio en la necesidad de una industria nacional que garantice la autonom\u00eda e independencia en un marco internacional de profundas disputas entre las potencias hegem\u00f3nicas, con especial repercusi\u00f3n regional. <\/p>\n\n\n\n<p>El papel de los trabajadores para definir ese rumbo es fundamental y para eso, con la coordinaci\u00f3n del secretario General de ATE C\u00f3rdoba, Federico Giuliani, estar\u00e1n disertando el secretario Adjunto de ATE Rosario y trabajador de la F\u00e1brica Militar Fray Luis Beltr\u00e1n, Fernando Peyrano, el secretario General de ATE Villa Mar\u00eda, Fernando Mercado, y su par de ATE R\u00edo Tercero, Dami\u00e1n Albornoz, junto al trabajador de la Comisi\u00f3n Nacional de Energ\u00eda At\u00f3mica, Maximiliano L\u00f3pez Pinto.  <\/p>\n\n\n\n<p>En tal sentido, Peyrano consider\u00f3 la actividad como estrat\u00e9gica en el marco de los 80 a\u00f1os que se celebran de Fabricaciones Militares, organismo qeu desarroll\u00f3 buena parte del fundamento de lo que posteriormente ser\u00eda la industria nacional. &#8220;La primera f\u00e1brica argentina la funda Fray Luis Beltran y fue una f\u00e1brica militar&#8221;, recuerda con orgullo Peyrano. <\/p>\n\n\n\n<p>Para el dirigente rosarino se trata de un tema profundamente relacionado con la soberan\u00eda nacional. &#8220;Desde Mosconi y Savio, pasando por la la resistencia de los trabajadores frente al ajuste de los &#8217;90, el rol de la industria para la defensa es clave&#8221;. Y en ese sentido destac\u00f3 que lo fundamental son pol\u00edticas de desarrollo con continuidad y no cambios abruptos cada cuatro a\u00f1os, como lo sucedido durante el macrismo. <\/p>\n\n\n\n<p>En esa l\u00ednea, y atento al ominoso contrabando de armar descubierto recientemente que habr\u00eda perpetrado el gobierno macrista para sostener el golpe de Estado en Bolivia, donde hab\u00eda producci\u00f3n de FFMM, Peyrano dijo que &#8220;esta producci\u00f3n en malas manos genera el repudio de la sociedad pero en bien manejado es una pol\u00edtica patri\u00f3tica  necesaria para la liberaci\u00f3n nacional&#8221;. <\/p>\n\n\n\n<p>Por su parte, L\u00f3pez Pinto, integrante de la Gerencia de Exploraci\u00f3n de Materias Primas de la CNEA, abundar\u00e1 sobre dicha materia en relaci\u00f3n a la explotaci\u00f3n de uranio para la industria nuclear, y &#8220;c\u00f3mo las actividades de la CNEA est\u00e1n vinculadas directamente con la soberan\u00eda energ\u00e9tica nacional, tan necesaria para el desarrollo industrial y para su uso cient\u00edfico, tecnol\u00f3gico y productivo de la naci\u00f3n&#8221;. <\/p>\n\n\n\n<p>Los interesados deben ingresar a las redes sociales de ATE C\u00f3rdoba (Twitter, Instagram y Facebook o en nuestra propia web). La actividad est\u00e1 programada para ma\u00f1ana, las 18 horas. <\/p>\n","protected":false},"excerpt":{"rendered":"<p>La actividad, de car\u00e1cter virtual, es abierta para todas y todos los interesados en la tem\u00e1tica, centrando es esfuerzo militante y el desarrollo de pensamiento propio en la necesidad de una industria nacional que garantice la autonom\u00eda e independencia en un marco internacional de profundas disputas entre las potencias hegem\u00f3nicas, con especial repercusi\u00f3n regional. El [&hellip;]<\/p>\n","protected":false},"author":3,"featured_media":26981,"comment_status":"open","ping_status":"open","sticky":false,"template":"","format":"standard","meta":{"_exactmetrics_skip_tracking":false,"_exactmetrics_sitenote_active":false,"_exactmetrics_sitenote_note":"","_exactmetrics_sitenote_category":0,"jnews-multi-image_gallery":[],"jnews_single_post":{"subtitle":"Charla virtual v\u00eda zoom a realizarse ma\u00f1ana martes 3 de agosto a las 18 horas. ","format":"standard","video":"","gallery":"","source_name":"","source_url":"","via_name":"","via_url":"","override":[{"single_blog_custom":"","sidebar":"","second_sidebar":"","share_position":"","share_float_style":"","post_date_format":"","post_date_format_custom":"","post_reading_time_wpm":"","zoom_button_out_step":"1","zoom_button_in_step":"1","number_popup_post":"1"}],"image_override":[{"single_post_thumbnail_size":"","single_post_gallery_size":""}],"trending_post_position":"","trending_post_label":"","sponsored_post_label":"","sponsored_post_name":"","sponsored_post_url":"","sponsored_post_logo":"","sponsored_post_desc":""},"jnews_primary_category":{"id":""},"jnews_social_meta":{"fb_title":"","fb_description":"","fb_image":"","twitter_title":"","twitter_description":"","twitter_image":""},"jnews_review":[],"enable_review":"","type":"percentage","name":"","summary":"","brand":"","sku":"","good":[{"good_text":""}],"bad":[{"bad_text":""}],"score_override":"","override_value":"","rating":[{"rating_text":"","rating_number":"10"}],"price":[{"shop":"","price":"","link":"","icon":""}],"jnews_override_counter":{"view_counter_number":"0","share_counter_number":"0","like_counter_number":"0","dislike_counter_number":"0"},"jnews_post_split":{"post_split":[{"template":"1","tag":"h2","numbering":"asc","mode":"normal","toc_type":"normal"}]},"footnotes":""},"categories":[10],"tags":[868,870,869],"class_list":["post-26995","post","type-post","status-publish","format-standard","has-post-thumbnail","hentry","category-accion-politica","tag-defensa-nacional","tag-pensamiento-estrategico","tag-soberania-popular"],"jetpack_featured_media_url":"https:\/\/atecordoba.org\/wp-content\/uploads\/2021\/08\/IMG-20210731-WA0046-e1627927313855.jpg","_links":{"self":[{"href":"https:\/\/atecordoba.org\/index.php?rest_route=\/wp\/v2\/posts\/26995","targetHints":{"allow":["GET"]}}],"collection":[{"href":"https:\/\/atecordoba.org\/index.php?rest_route=\/wp\/v2\/posts"}],"about":[{"href":"https:\/\/atecordoba.org\/index.php?rest_route=\/wp\/v2\/types\/post"}],"author":[{"embeddable":true,"href":"https:\/\/atecordoba.org\/index.php?rest_route=\/wp\/v2\/users\/3"}],"replies":[{"embeddable":true,"href":"https:\/\/atecordoba.org\/index.php?rest_route=%2Fwp%2Fv2%2Fcomments&post=26995"}],"version-history":[{"count":1,"href":"https:\/\/atecordoba.org\/index.php?rest_route=\/wp\/v2\/posts\/26995\/revisions"}],"predecessor-version":[{"id":27000,"href":"https:\/\/atecordoba.org\/index.php?rest_route=\/wp\/v2\/posts\/26995\/revisions\/27000"}],"wp:featuredmedia":[{"embeddable":true,"href":"https:\/\/atecordoba.org\/index.php?rest_route=\/wp\/v2\/media\/26981"}],"wp:attachment":[{"href":"https:\/\/atecordoba.org\/index.php?rest_route=%2Fwp%2Fv2%2Fmedia&parent=26995"}],"wp:term":[{"taxonomy":"category","embeddable":true,"href":"https:\/\/atecordoba.org\/index.php?rest_route=%2Fwp%2Fv2%2Fcategories&post=26995"},{"taxonomy":"post_tag","embeddable":true,"href":"https:\/\/atecordoba.org\/index.php?rest_route=%2Fwp%2Fv2%2Ftags&post=26995"}],"curies":[{"name":"wp","href":"https:\/\/api.w.org\/{rel}","templated":true}]}}