{"id":26992,"date":"2021-08-02T12:53:22","date_gmt":"2021-08-02T15:53:22","guid":{"rendered":"https:\/\/atecordoba.org\/?p=26992"},"modified":"2021-08-02T12:53:23","modified_gmt":"2021-08-02T15:53:23","slug":"por-45-de-aumento-para-el-2021-los-hospitales-haran-un-paro-masivo-el-jueves-5","status":"publish","type":"post","link":"https:\/\/atecordoba.org\/?p=26992","title":{"rendered":"Por 45% de aumento para el 2021 los hospitales har\u00e1n un paro masivo el jueves 5"},"content":{"rendered":"\n<div class=\"wp-block-image\"><figure class=\"aligncenter size-large is-resized\"><img loading=\"lazy\" decoding=\"async\" src=\"https:\/\/atecordoba.org\/wp-content\/uploads\/2021\/08\/maternidad-1024x768.jpeg\" alt=\"\" class=\"wp-image-26993\" width=\"721\" height=\"541\" srcset=\"https:\/\/atecordoba.org\/wp-content\/uploads\/2021\/08\/maternidad-1024x768.jpeg 1024w, https:\/\/atecordoba.org\/wp-content\/uploads\/2021\/08\/maternidad-300x225.jpeg 300w, https:\/\/atecordoba.org\/wp-content\/uploads\/2021\/08\/maternidad-768x576.jpeg 768w, https:\/\/atecordoba.org\/wp-content\/uploads\/2021\/08\/maternidad-750x563.jpeg 750w, https:\/\/atecordoba.org\/wp-content\/uploads\/2021\/08\/maternidad-1140x855.jpeg 1140w, https:\/\/atecordoba.org\/wp-content\/uploads\/2021\/08\/maternidad.jpeg 1280w\" sizes=\"auto, (max-width: 721px) 100vw, 721px\" \/><\/figure><\/div>\n\n\n\n<p>En el marco del conflicto por mejoras salariales que los equipos de salud vienen llevando a cabo desde comienzos de a\u00f1o, y ante la escasa pauta salarial que el gobierno provincial estableci\u00f3 en acuerdo con el SEP, la Multisectorial de la Salud convoca a un paro total de actividades para el pr\u00f3ximo jueves 5 de agosto, con la sola atenci\u00f3n de guardias m\u00ednimas y emergencias. <\/p>\n\n\n\n<p>Tal como consign\u00f3 el secretario Progremial de ATE C\u00f3rdoba, Roberto Calvetti, la pauta salarial otorgada por el gobierno provincial venci\u00f3 el 31 de julio y para agosto deben renegociar salarios. &#8220;Distintos sindicatos estamos reclamando participar de la mesa paritaria con el gobierno. Estamos pidiendo un 45% de aumento, seg\u00fan el mandato de asamblea, y que los bonos que cobra el personal delos hospitales pasen al salario b\u00e1sico y se blanqueen&#8221;.<\/p>\n\n\n\n<p>Por eso,  &#8220;el jueves 5 vamos a realizar una medida de fuerza. Que el gobierno escuche nuestros reclamos, solo se atender\u00e1n guardias m\u00ednimas, emergencias y el servicio Covid, sin atenci\u00f3n en consultorios externos. El paro ser\u00e1 total para el personal comprendido en las dos leyes, tanto para los equipos de salud como para el personal administrativo&#8221;.<\/p>\n\n\n\n<p>Adem\u00e1s, a media ma\u00f1ana est\u00e1 previsto realizar una movilizaci\u00f3n por el centro &#8220;para visibilizar nuestra lucha, para que la poblaci\u00f3n sepa qu\u00e9 estamos pidiendo. Hasta el momento no hay alguna propuesta oficial para zanjar el conflicto&#8221;, dijo el dirigente.<\/p>\n\n\n\n<p><strong>Hospital de Ni\u00f1os<\/strong><\/p>\n\n\n\n<p>En esa l\u00edena, la delegada de ATE en el Hospital de Ni\u00f1os, Yamila Sierra, dijo que en dicho centro de salud &#8220;estamos pasando por situaciones dif\u00edciles por la cantidad de pacientes que se agolpan para que los atiendan. Ya tenemos los primeros casos delta y la totalidad de las camas est\u00e1n ocupadas. Porque al Covid se suman las patolog\u00edas que terminan de ocupar el resto de las camas cr\u00edticas&#8221;.<\/p>\n\n\n\n<p>Sierra explic\u00f3 que &#8220;los servicios no dan abasto por la falta de personal. Por ejemplo, en la Guardia de ayer (por el domingo) solo hab\u00eda dos m\u00e9dicos y cuatro enfermeras y en sala de espera casi 60 pacientes, la mayor\u00eda con cuadros febriles&#8221;.<\/p>\n\n\n\n<p>Y concluy\u00f3: &#8220;a esto se suma la violencia institucional que sufrimos los equipos de salud, los aprietes y los descuentos. Adem\u00e1s de precarizados nos toca sufrir estas situaciones. Por eso vamos a garantizar que el paro sea contundente, es el compromiso que hemos realizado entre todo el personal&#8221;.<\/p>\n","protected":false},"excerpt":{"rendered":"<p>En el marco del conflicto por mejoras salariales que los equipos de salud vienen llevando a cabo desde comienzos de a\u00f1o, y ante la escasa pauta salarial que el gobierno provincial estableci\u00f3 en acuerdo con el SEP, la Multisectorial de la Salud convoca a un paro total de actividades para el pr\u00f3ximo jueves 5 de [&hellip;]<\/p>\n","protected":false},"author":3,"featured_media":26993,"comment_status":"open","ping_status":"open","sticky":false,"template":"","format":"standard","meta":{"_exactmetrics_skip_tracking":false,"_exactmetrics_sitenote_active":false,"_exactmetrics_sitenote_note":"","_exactmetrics_sitenote_category":0,"jnews-multi-image_gallery":[],"jnews_single_post":{"subtitle":"Ante la reapertura de la paritaria provincial, las asambleas de los equipos de salud reclaman ese porcentaje para equiparar la inflaci\u00f3n. Tambi\u00e9n piden el blanqueo de los bonos en negro.","format":"standard","video":"","gallery":"","source_name":"","source_url":"","via_name":"","via_url":"","override":[{"single_blog_custom":"","sidebar":"","second_sidebar":"","share_position":"","share_float_style":"","post_date_format":"","post_date_format_custom":"","post_reading_time_wpm":"","zoom_button_out_step":"1","zoom_button_in_step":"1","number_popup_post":"1"}],"image_override":[{"single_post_thumbnail_size":"","single_post_gallery_size":""}],"trending_post_position":"","trending_post_label":"","sponsored_post_label":"","sponsored_post_name":"","sponsored_post_url":"","sponsored_post_logo":"","sponsored_post_desc":""},"jnews_primary_category":{"id":""},"jnews_social_meta":{"fb_title":"","fb_description":"","fb_image":"","twitter_title":"","twitter_description":"","twitter_image":""},"jnews_review":[],"enable_review":"","type":"percentage","name":"","summary":"","brand":"","sku":"","good":[{"good_text":""}],"bad":[{"bad_text":""}],"score_override":"","override_value":"","rating":[{"rating_text":"","rating_number":"10"}],"price":[{"shop":"","price":"","link":"","icon":""}],"jnews_override_counter":{"view_counter_number":"0","share_counter_number":"0","like_counter_number":"0","dislike_counter_number":"0"},"jnews_post_split":{"post_split":[{"template":"1","tag":"h2","numbering":"asc","mode":"normal","toc_type":"normal"}]},"footnotes":""},"categories":[8],"tags":[867],"class_list":["post-26992","post","type-post","status-publish","format-standard","has-post-thumbnail","hentry","category-provinciales","tag-paro-hospitales"],"jetpack_featured_media_url":"https:\/\/atecordoba.org\/wp-content\/uploads\/2021\/08\/maternidad.jpeg","_links":{"self":[{"href":"https:\/\/atecordoba.org\/index.php?rest_route=\/wp\/v2\/posts\/26992","targetHints":{"allow":["GET"]}}],"collection":[{"href":"https:\/\/atecordoba.org\/index.php?rest_route=\/wp\/v2\/posts"}],"about":[{"href":"https:\/\/atecordoba.org\/index.php?rest_route=\/wp\/v2\/types\/post"}],"author":[{"embeddable":true,"href":"https:\/\/atecordoba.org\/index.php?rest_route=\/wp\/v2\/users\/3"}],"replies":[{"embeddable":true,"href":"https:\/\/atecordoba.org\/index.php?rest_route=%2Fwp%2Fv2%2Fcomments&post=26992"}],"version-history":[{"count":1,"href":"https:\/\/atecordoba.org\/index.php?rest_route=\/wp\/v2\/posts\/26992\/revisions"}],"predecessor-version":[{"id":26994,"href":"https:\/\/atecordoba.org\/index.php?rest_route=\/wp\/v2\/posts\/26992\/revisions\/26994"}],"wp:featuredmedia":[{"embeddable":true,"href":"https:\/\/atecordoba.org\/index.php?rest_route=\/wp\/v2\/media\/26993"}],"wp:attachment":[{"href":"https:\/\/atecordoba.org\/index.php?rest_route=%2Fwp%2Fv2%2Fmedia&parent=26992"}],"wp:term":[{"taxonomy":"category","embeddable":true,"href":"https:\/\/atecordoba.org\/index.php?rest_route=%2Fwp%2Fv2%2Fcategories&post=26992"},{"taxonomy":"post_tag","embeddable":true,"href":"https:\/\/atecordoba.org\/index.php?rest_route=%2Fwp%2Fv2%2Ftags&post=26992"}],"curies":[{"name":"wp","href":"https:\/\/api.w.org\/{rel}","templated":true}]}}