{"id":26967,"date":"2021-08-02T11:16:46","date_gmt":"2021-08-02T14:16:46","guid":{"rendered":"https:\/\/atecordoba.org\/?p=26967"},"modified":"2021-08-02T11:40:39","modified_gmt":"2021-08-02T14:40:39","slug":"multiples-actividades-en-la-visita-de-federico-giuliani-a-la-seccional-ate-san-francisco","status":"publish","type":"post","link":"https:\/\/atecordoba.org\/?p=26967","title":{"rendered":"M\u00faltiples actividades en la visita de Federico Giuliani a la seccional ATE San Francisco"},"content":{"rendered":"\n<figure class=\"wp-block-gallery columns-3 is-cropped wp-block-gallery-1 is-layout-flex wp-block-gallery-is-layout-flex\"><ul class=\"blocks-gallery-grid\"><li class=\"blocks-gallery-item\"><figure><img loading=\"lazy\" decoding=\"async\" width=\"960\" height=\"540\" src=\"https:\/\/atecordoba.org\/wp-content\/uploads\/2021\/08\/FB_IMG_1627834787568.jpg\" alt=\"\" data-id=\"26968\" data-full-url=\"https:\/\/atecordoba.org\/wp-content\/uploads\/2021\/08\/FB_IMG_1627834787568.jpg\" data-link=\"https:\/\/atecordoba.org\/?attachment_id=26968\" class=\"wp-image-26968\" srcset=\"https:\/\/atecordoba.org\/wp-content\/uploads\/2021\/08\/FB_IMG_1627834787568.jpg 960w, https:\/\/atecordoba.org\/wp-content\/uploads\/2021\/08\/FB_IMG_1627834787568-300x169.jpg 300w, https:\/\/atecordoba.org\/wp-content\/uploads\/2021\/08\/FB_IMG_1627834787568-768x432.jpg 768w, https:\/\/atecordoba.org\/wp-content\/uploads\/2021\/08\/FB_IMG_1627834787568-750x422.jpg 750w\" sizes=\"auto, (max-width: 960px) 100vw, 960px\" \/><\/figure><\/li><li class=\"blocks-gallery-item\"><figure><img loading=\"lazy\" decoding=\"async\" width=\"960\" height=\"540\" src=\"https:\/\/atecordoba.org\/wp-content\/uploads\/2021\/08\/FB_IMG_1627834815514.jpg\" alt=\"\" data-id=\"26969\" data-full-url=\"https:\/\/atecordoba.org\/wp-content\/uploads\/2021\/08\/FB_IMG_1627834815514.jpg\" data-link=\"https:\/\/atecordoba.org\/?attachment_id=26969\" class=\"wp-image-26969\" srcset=\"https:\/\/atecordoba.org\/wp-content\/uploads\/2021\/08\/FB_IMG_1627834815514.jpg 960w, https:\/\/atecordoba.org\/wp-content\/uploads\/2021\/08\/FB_IMG_1627834815514-300x169.jpg 300w, https:\/\/atecordoba.org\/wp-content\/uploads\/2021\/08\/FB_IMG_1627834815514-768x432.jpg 768w, https:\/\/atecordoba.org\/wp-content\/uploads\/2021\/08\/FB_IMG_1627834815514-750x422.jpg 750w\" sizes=\"auto, (max-width: 960px) 100vw, 960px\" \/><\/figure><\/li><li class=\"blocks-gallery-item\"><figure><img loading=\"lazy\" decoding=\"async\" width=\"960\" height=\"540\" src=\"https:\/\/atecordoba.org\/wp-content\/uploads\/2021\/08\/FB_IMG_1627834822524.jpg\" alt=\"\" data-id=\"26970\" data-full-url=\"https:\/\/atecordoba.org\/wp-content\/uploads\/2021\/08\/FB_IMG_1627834822524.jpg\" data-link=\"https:\/\/atecordoba.org\/?attachment_id=26970\" class=\"wp-image-26970\" srcset=\"https:\/\/atecordoba.org\/wp-content\/uploads\/2021\/08\/FB_IMG_1627834822524.jpg 960w, https:\/\/atecordoba.org\/wp-content\/uploads\/2021\/08\/FB_IMG_1627834822524-300x169.jpg 300w, https:\/\/atecordoba.org\/wp-content\/uploads\/2021\/08\/FB_IMG_1627834822524-768x432.jpg 768w, https:\/\/atecordoba.org\/wp-content\/uploads\/2021\/08\/FB_IMG_1627834822524-750x422.jpg 750w\" sizes=\"auto, (max-width: 960px) 100vw, 960px\" \/><\/figure><\/li><\/ul><\/figure>\n\n\n\n<p>Con la presencia del secretario General Federico Giuliani, el viernes pasado el Consejo Directivo Provincial (CDP) se hizo presente en la ciudad de San Francisco para tomar contacto con las y los estatales de diversos sectores de la localidad, participar de una actividad de homenaje a la pueblada del Tampierazo, conversar con las y los integrantes de nuestro centro de jubilados, participar de un plenario de trabajadoras y trabajadores municipales del Departamento San Justo y fortalecer la tarea que vienen realizando las y los compa\u00f1eros de la FENAT en el merendero Proyecto Esperanza, de barrio Acapulco.<\/p>\n\n\n\n<p>Junto a Giuliani estuvieron el secretario General de ATE San Francisco, Dar\u00edo Paredes que hizo las veces de anfitri\u00f3n -organizando la agenda de visitas y la conferencia de prensa-, as\u00ed como los responsables de ATE R\u00edo Tercero, Dami\u00e1n Albornoz, y de ATE R\u00edo Cuarto, Rafaela Alcoba.<\/p>\n\n\n\n<p>En primer t\u00e9rmino, el dirigente particip\u00f3 de una asamblea con las y los trabajadores del Hospital Iturraspe, convocando al Paro de ATE en Salud P\u00fablica del 5 de agosto y concluyendo con una audiencia institucional con el Director del nosocomio, el doctor Valent\u00edn Vicente.<\/p>\n\n\n\n<p>Seguidamente se llev\u00f3 a cabo el &#8220;Plenario Regional de Delegadxs Municipales de ATE San Francisco&#8221; con la presencia de referentes de cinco localidades de la zona: San Francisco, Freyre, Devoto, Colonia Marina y Tr\u00e1nsito.&nbsp;<\/p>\n\n\n\n<p>Posteriormente, reunido con la Presidenta del Centro de Jubiladxs de ATE San Francisco, Norma Navarro, Giuliani planific\u00f3 actividades en com\u00fan para resolver &#8220;la grave situaci\u00f3n por la que atraviesan nuestrxs abuelxs en Pandemia&#8221;, afirm\u00f3.<\/p>\n\n\n\n<p>En el Merendero Proyecto Esperanza de la FeNaT de la CTA Aut\u00f3noma Regional San Francisco, Giuliani visit\u00f3 a las compa\u00f1eras de la organizaci\u00f3n &#8220;que todos los d\u00edas contienen y dan amor a la pibada en la barriada Acapulco&#8221;, destac\u00f3 el secretario General.<\/p>\n\n\n\n<p>Finalmente, en horas de la tarde, Giuliani encabez\u00f3 la charla sobre el Tampierazo, una pueblada hist\u00f3rica para San Francisco que realiz\u00f3 en 1973, hace 48 a\u00f1os, cuando todav\u00eda impon\u00eda la violencia contra el pueblo la dictadura de Alejandro Lanusse, antes de la victoria electoral de H\u00e9ctor C\u00e1mpora. Tampierazo se refiere a la f\u00e1brica de pastas Tampieri. El hecho, que paraliz\u00f3 la ciudad y alcanz\u00f3 momentos de extrema violencia, se inscribe en un amplio contexto de conflictividad social a nivel nacional y provincial, un ciclo de protestas \u2013inaugurado con el Cordobazo\u2013 que se extendi\u00f3 hasta por lo menos 1975.<\/p>\n\n\n\n<p>La charla realizada en sede de ATE cont\u00f3 con la participaci\u00f3n del secretario General de la CTA San Francisco, Antonio Muratore, la autora del documental &#8216;Tampierazo 73. Cr\u00f3nica de una lucha olvidada&#8217;, la compa\u00f1era de ATE San Francisco Florencia Lucero y el delegado bancario en tiempos de Tampierazo, Jos\u00e9 Carballo. Tambi\u00e9n se realiz\u00f3 un sentido homenaje a Cacho Molina, joven de 15 a\u00f1os asesinado por la represi\u00f3n policial, con la entrega de un presente a su familia.\u00a0<\/p>\n\n\n\n<p>Durante la conferencia de prensa realizada momentos antes de la charla-debate, que cont\u00f3 con muy buena cantidad de compa\u00f1eros y compa\u00f1eras presentes, algunos dirigentes de ATE hicieron declaraciones a la prensa local. <\/p>\n\n\n\n<p>En ese sentido, Dar\u00edo Paredes dijo que en vistas de la pronta conformaci\u00f3n de la seccional de ATE para el departamento San Justo &#8220;nos fortalece mucho la presencia de Federico Giuliani, as\u00ed como de la compa\u00f1era Alcoba y del compa\u00f1ero Albornoz&#8221;. El dirigente destac\u00f3 la actividad de homenaje a la resistencia popular del &#8217;73 como &#8220;muy importante&#8221;. \u201cLo notamos los d\u00edas previos con la expectativa que despert\u00f3 en la gente. Para el que conoce lo que fue el Tampierazo en la ciudad le resulta emocionante&#8221;, asegur\u00f3.<\/p>\n\n\n\n<p>A su vez, Rafaela Alcoba declar\u00f3 &#8220;tenemos el mandato de salir a hablar con la gente cara a cara para que puedan expresar lo que les est\u00e1 pasando&#8221;.<\/p>\n\n\n\n<p>La dirigente del sur provincial afirm\u00f3 que &#8220;en el hospital provincial, por ejemplo, los reclamos de hoy son una realidad de larga data que se visibilizan mucho m\u00e1s por la pandemia. Creemos que este cansancio que tienen las y los trabajadores se tiene que transformar en lucha y en organizaci\u00f3n. Para eso venimos a plantear una jornada de lucha para tener una respuesta r\u00e1pida y concreta que canalice esos reclamos. Lo cierto es que las y los estatales somos garantes de derechos&#8221;,concluy\u00f3<\/p>\n\n\n\n<p><\/p>\n\n\n\n<figure class=\"wp-block-gallery columns-3 is-cropped wp-block-gallery-2 is-layout-flex wp-block-gallery-is-layout-flex\"><ul class=\"blocks-gallery-grid\"><li class=\"blocks-gallery-item\"><figure><img loading=\"lazy\" decoding=\"async\" width=\"960\" height=\"540\" src=\"https:\/\/atecordoba.org\/wp-content\/uploads\/2021\/08\/FB_IMG_1627834822524.jpg\" alt=\"\" data-id=\"26970\" data-full-url=\"https:\/\/atecordoba.org\/wp-content\/uploads\/2021\/08\/FB_IMG_1627834822524.jpg\" data-link=\"https:\/\/atecordoba.org\/?attachment_id=26970\" class=\"wp-image-26970\" srcset=\"https:\/\/atecordoba.org\/wp-content\/uploads\/2021\/08\/FB_IMG_1627834822524.jpg 960w, https:\/\/atecordoba.org\/wp-content\/uploads\/2021\/08\/FB_IMG_1627834822524-300x169.jpg 300w, https:\/\/atecordoba.org\/wp-content\/uploads\/2021\/08\/FB_IMG_1627834822524-768x432.jpg 768w, https:\/\/atecordoba.org\/wp-content\/uploads\/2021\/08\/FB_IMG_1627834822524-750x422.jpg 750w\" sizes=\"auto, (max-width: 960px) 100vw, 960px\" \/><\/figure><\/li><li class=\"blocks-gallery-item\"><figure><img loading=\"lazy\" decoding=\"async\" width=\"960\" height=\"540\" src=\"https:\/\/atecordoba.org\/wp-content\/uploads\/2021\/08\/FB_IMG_1627834840017.jpg\" alt=\"\" data-id=\"26971\" data-full-url=\"https:\/\/atecordoba.org\/wp-content\/uploads\/2021\/08\/FB_IMG_1627834840017.jpg\" data-link=\"https:\/\/atecordoba.org\/?attachment_id=26971\" class=\"wp-image-26971\" srcset=\"https:\/\/atecordoba.org\/wp-content\/uploads\/2021\/08\/FB_IMG_1627834840017.jpg 960w, https:\/\/atecordoba.org\/wp-content\/uploads\/2021\/08\/FB_IMG_1627834840017-300x169.jpg 300w, https:\/\/atecordoba.org\/wp-content\/uploads\/2021\/08\/FB_IMG_1627834840017-768x432.jpg 768w, https:\/\/atecordoba.org\/wp-content\/uploads\/2021\/08\/FB_IMG_1627834840017-750x422.jpg 750w\" sizes=\"auto, (max-width: 960px) 100vw, 960px\" \/><\/figure><\/li><li class=\"blocks-gallery-item\"><figure><img loading=\"lazy\" decoding=\"async\" width=\"960\" height=\"852\" src=\"https:\/\/atecordoba.org\/wp-content\/uploads\/2021\/08\/FB_IMG_1627834848895.jpg\" alt=\"\" data-id=\"26972\" data-full-url=\"https:\/\/atecordoba.org\/wp-content\/uploads\/2021\/08\/FB_IMG_1627834848895.jpg\" data-link=\"https:\/\/atecordoba.org\/?attachment_id=26972\" class=\"wp-image-26972\" srcset=\"https:\/\/atecordoba.org\/wp-content\/uploads\/2021\/08\/FB_IMG_1627834848895.jpg 960w, https:\/\/atecordoba.org\/wp-content\/uploads\/2021\/08\/FB_IMG_1627834848895-300x266.jpg 300w, https:\/\/atecordoba.org\/wp-content\/uploads\/2021\/08\/FB_IMG_1627834848895-768x682.jpg 768w, https:\/\/atecordoba.org\/wp-content\/uploads\/2021\/08\/FB_IMG_1627834848895-750x666.jpg 750w\" sizes=\"auto, (max-width: 960px) 100vw, 960px\" \/><\/figure><\/li><li class=\"blocks-gallery-item\"><figure><img loading=\"lazy\" decoding=\"async\" width=\"960\" height=\"540\" src=\"https:\/\/atecordoba.org\/wp-content\/uploads\/2021\/08\/FB_IMG_1627834944790.jpg\" alt=\"\" data-id=\"26978\" data-full-url=\"https:\/\/atecordoba.org\/wp-content\/uploads\/2021\/08\/FB_IMG_1627834944790.jpg\" data-link=\"https:\/\/atecordoba.org\/?attachment_id=26978\" class=\"wp-image-26978\" srcset=\"https:\/\/atecordoba.org\/wp-content\/uploads\/2021\/08\/FB_IMG_1627834944790.jpg 960w, https:\/\/atecordoba.org\/wp-content\/uploads\/2021\/08\/FB_IMG_1627834944790-300x169.jpg 300w, https:\/\/atecordoba.org\/wp-content\/uploads\/2021\/08\/FB_IMG_1627834944790-768x432.jpg 768w, https:\/\/atecordoba.org\/wp-content\/uploads\/2021\/08\/FB_IMG_1627834944790-750x422.jpg 750w\" sizes=\"auto, (max-width: 960px) 100vw, 960px\" \/><\/figure><\/li><li class=\"blocks-gallery-item\"><figure><img loading=\"lazy\" decoding=\"async\" width=\"1024\" height=\"767\" src=\"https:\/\/atecordoba.org\/wp-content\/uploads\/2021\/08\/FB_IMG_1627834939000-1024x767.jpg\" alt=\"\" data-id=\"26977\" data-full-url=\"https:\/\/atecordoba.org\/wp-content\/uploads\/2021\/08\/FB_IMG_1627834939000.jpg\" data-link=\"https:\/\/atecordoba.org\/?attachment_id=26977\" class=\"wp-image-26977\" srcset=\"https:\/\/atecordoba.org\/wp-content\/uploads\/2021\/08\/FB_IMG_1627834939000-1024x767.jpg 1024w, https:\/\/atecordoba.org\/wp-content\/uploads\/2021\/08\/FB_IMG_1627834939000-300x225.jpg 300w, https:\/\/atecordoba.org\/wp-content\/uploads\/2021\/08\/FB_IMG_1627834939000-768x575.jpg 768w, https:\/\/atecordoba.org\/wp-content\/uploads\/2021\/08\/FB_IMG_1627834939000-750x562.jpg 750w, https:\/\/atecordoba.org\/wp-content\/uploads\/2021\/08\/FB_IMG_1627834939000.jpg 1080w\" sizes=\"auto, (max-width: 1024px) 100vw, 1024px\" \/><\/figure><\/li><li class=\"blocks-gallery-item\"><figure><img loading=\"lazy\" decoding=\"async\" width=\"960\" height=\"540\" src=\"https:\/\/atecordoba.org\/wp-content\/uploads\/2021\/08\/FB_IMG_1627834916483.jpg\" alt=\"\" data-id=\"26976\" data-full-url=\"https:\/\/atecordoba.org\/wp-content\/uploads\/2021\/08\/FB_IMG_1627834916483.jpg\" data-link=\"https:\/\/atecordoba.org\/?attachment_id=26976\" class=\"wp-image-26976\" srcset=\"https:\/\/atecordoba.org\/wp-content\/uploads\/2021\/08\/FB_IMG_1627834916483.jpg 960w, https:\/\/atecordoba.org\/wp-content\/uploads\/2021\/08\/FB_IMG_1627834916483-300x169.jpg 300w, https:\/\/atecordoba.org\/wp-content\/uploads\/2021\/08\/FB_IMG_1627834916483-768x432.jpg 768w, https:\/\/atecordoba.org\/wp-content\/uploads\/2021\/08\/FB_IMG_1627834916483-750x422.jpg 750w\" sizes=\"auto, (max-width: 960px) 100vw, 960px\" \/><\/figure><\/li><li class=\"blocks-gallery-item\"><figure><img loading=\"lazy\" decoding=\"async\" width=\"960\" height=\"540\" src=\"https:\/\/atecordoba.org\/wp-content\/uploads\/2021\/08\/FB_IMG_1627834898177.jpg\" alt=\"\" data-id=\"26975\" data-full-url=\"https:\/\/atecordoba.org\/wp-content\/uploads\/2021\/08\/FB_IMG_1627834898177.jpg\" data-link=\"https:\/\/atecordoba.org\/?attachment_id=26975\" class=\"wp-image-26975\" srcset=\"https:\/\/atecordoba.org\/wp-content\/uploads\/2021\/08\/FB_IMG_1627834898177.jpg 960w, https:\/\/atecordoba.org\/wp-content\/uploads\/2021\/08\/FB_IMG_1627834898177-300x169.jpg 300w, https:\/\/atecordoba.org\/wp-content\/uploads\/2021\/08\/FB_IMG_1627834898177-768x432.jpg 768w, https:\/\/atecordoba.org\/wp-content\/uploads\/2021\/08\/FB_IMG_1627834898177-750x422.jpg 750w\" sizes=\"auto, (max-width: 960px) 100vw, 960px\" \/><\/figure><\/li><li class=\"blocks-gallery-item\"><figure><img loading=\"lazy\" decoding=\"async\" width=\"960\" height=\"540\" src=\"https:\/\/atecordoba.org\/wp-content\/uploads\/2021\/08\/FB_IMG_1627834892654.jpg\" alt=\"\" data-id=\"26974\" data-full-url=\"https:\/\/atecordoba.org\/wp-content\/uploads\/2021\/08\/FB_IMG_1627834892654.jpg\" data-link=\"https:\/\/atecordoba.org\/?attachment_id=26974\" class=\"wp-image-26974\" srcset=\"https:\/\/atecordoba.org\/wp-content\/uploads\/2021\/08\/FB_IMG_1627834892654.jpg 960w, https:\/\/atecordoba.org\/wp-content\/uploads\/2021\/08\/FB_IMG_1627834892654-300x169.jpg 300w, https:\/\/atecordoba.org\/wp-content\/uploads\/2021\/08\/FB_IMG_1627834892654-768x432.jpg 768w, https:\/\/atecordoba.org\/wp-content\/uploads\/2021\/08\/FB_IMG_1627834892654-750x422.jpg 750w\" sizes=\"auto, (max-width: 960px) 100vw, 960px\" \/><\/figure><\/li><li class=\"blocks-gallery-item\"><figure><img loading=\"lazy\" decoding=\"async\" width=\"960\" height=\"540\" src=\"https:\/\/atecordoba.org\/wp-content\/uploads\/2021\/08\/FB_IMG_1627834883294.jpg\" alt=\"\" data-id=\"26973\" data-full-url=\"https:\/\/atecordoba.org\/wp-content\/uploads\/2021\/08\/FB_IMG_1627834883294.jpg\" data-link=\"https:\/\/atecordoba.org\/?attachment_id=26973\" class=\"wp-image-26973\" srcset=\"https:\/\/atecordoba.org\/wp-content\/uploads\/2021\/08\/FB_IMG_1627834883294.jpg 960w, https:\/\/atecordoba.org\/wp-content\/uploads\/2021\/08\/FB_IMG_1627834883294-300x169.jpg 300w, https:\/\/atecordoba.org\/wp-content\/uploads\/2021\/08\/FB_IMG_1627834883294-768x432.jpg 768w, https:\/\/atecordoba.org\/wp-content\/uploads\/2021\/08\/FB_IMG_1627834883294-750x422.jpg 750w\" sizes=\"auto, (max-width: 960px) 100vw, 960px\" \/><\/figure><\/li><li class=\"blocks-gallery-item\"><figure><img loading=\"lazy\" decoding=\"async\" width=\"1024\" height=\"1011\" src=\"https:\/\/atecordoba.org\/wp-content\/uploads\/2021\/08\/IMG-20210730-WA0012-1024x1011.jpg\" alt=\"\" data-id=\"26979\" data-full-url=\"https:\/\/atecordoba.org\/wp-content\/uploads\/2021\/08\/IMG-20210730-WA0012.jpg\" data-link=\"https:\/\/atecordoba.org\/?attachment_id=26979\" class=\"wp-image-26979\" srcset=\"https:\/\/atecordoba.org\/wp-content\/uploads\/2021\/08\/IMG-20210730-WA0012-1024x1011.jpg 1024w, https:\/\/atecordoba.org\/wp-content\/uploads\/2021\/08\/IMG-20210730-WA0012-300x296.jpg 300w, https:\/\/atecordoba.org\/wp-content\/uploads\/2021\/08\/IMG-20210730-WA0012-768x758.jpg 768w, https:\/\/atecordoba.org\/wp-content\/uploads\/2021\/08\/IMG-20210730-WA0012-75x75.jpg 75w, https:\/\/atecordoba.org\/wp-content\/uploads\/2021\/08\/IMG-20210730-WA0012-750x740.jpg 750w, https:\/\/atecordoba.org\/wp-content\/uploads\/2021\/08\/IMG-20210730-WA0012.jpg 1078w\" sizes=\"auto, (max-width: 1024px) 100vw, 1024px\" \/><\/figure><\/li><li class=\"blocks-gallery-item\"><figure><img loading=\"lazy\" decoding=\"async\" width=\"1024\" height=\"576\" src=\"https:\/\/atecordoba.org\/wp-content\/uploads\/2021\/08\/IMG-20210730-WA0121-1024x576.jpg\" alt=\"\" data-id=\"26980\" data-full-url=\"https:\/\/atecordoba.org\/wp-content\/uploads\/2021\/08\/IMG-20210730-WA0121.jpg\" data-link=\"https:\/\/atecordoba.org\/?attachment_id=26980\" class=\"wp-image-26980\" srcset=\"https:\/\/atecordoba.org\/wp-content\/uploads\/2021\/08\/IMG-20210730-WA0121-1024x576.jpg 1024w, https:\/\/atecordoba.org\/wp-content\/uploads\/2021\/08\/IMG-20210730-WA0121-300x169.jpg 300w, https:\/\/atecordoba.org\/wp-content\/uploads\/2021\/08\/IMG-20210730-WA0121-768x432.jpg 768w, https:\/\/atecordoba.org\/wp-content\/uploads\/2021\/08\/IMG-20210730-WA0121-750x422.jpg 750w, https:\/\/atecordoba.org\/wp-content\/uploads\/2021\/08\/IMG-20210730-WA0121-1140x641.jpg 1140w, https:\/\/atecordoba.org\/wp-content\/uploads\/2021\/08\/IMG-20210730-WA0121.jpg 1280w\" sizes=\"auto, (max-width: 1024px) 100vw, 1024px\" \/><\/figure><\/li><li class=\"blocks-gallery-item\"><figure><img loading=\"lazy\" decoding=\"async\" width=\"540\" height=\"960\" src=\"https:\/\/atecordoba.org\/wp-content\/uploads\/2021\/08\/FB_IMG_1627834772419.jpg\" alt=\"\" data-id=\"26982\" data-full-url=\"https:\/\/atecordoba.org\/wp-content\/uploads\/2021\/08\/FB_IMG_1627834772419.jpg\" data-link=\"https:\/\/atecordoba.org\/?attachment_id=26982\" class=\"wp-image-26982\" srcset=\"https:\/\/atecordoba.org\/wp-content\/uploads\/2021\/08\/FB_IMG_1627834772419.jpg 540w, https:\/\/atecordoba.org\/wp-content\/uploads\/2021\/08\/FB_IMG_1627834772419-169x300.jpg 169w\" sizes=\"auto, (max-width: 540px) 100vw, 540px\" \/><\/figure><\/li><li class=\"blocks-gallery-item\"><figure><img loading=\"lazy\" decoding=\"async\" width=\"960\" height=\"540\" src=\"https:\/\/atecordoba.org\/wp-content\/uploads\/2021\/08\/FB_IMG_1627834776211.jpg\" alt=\"\" data-id=\"26983\" data-full-url=\"https:\/\/atecordoba.org\/wp-content\/uploads\/2021\/08\/FB_IMG_1627834776211.jpg\" data-link=\"https:\/\/atecordoba.org\/?attachment_id=26983\" class=\"wp-image-26983\" srcset=\"https:\/\/atecordoba.org\/wp-content\/uploads\/2021\/08\/FB_IMG_1627834776211.jpg 960w, https:\/\/atecordoba.org\/wp-content\/uploads\/2021\/08\/FB_IMG_1627834776211-300x169.jpg 300w, https:\/\/atecordoba.org\/wp-content\/uploads\/2021\/08\/FB_IMG_1627834776211-768x432.jpg 768w, https:\/\/atecordoba.org\/wp-content\/uploads\/2021\/08\/FB_IMG_1627834776211-750x422.jpg 750w\" sizes=\"auto, (max-width: 960px) 100vw, 960px\" \/><\/figure><\/li><li class=\"blocks-gallery-item\"><figure><img loading=\"lazy\" decoding=\"async\" width=\"960\" height=\"540\" src=\"https:\/\/atecordoba.org\/wp-content\/uploads\/2021\/08\/FB_IMG_1627834780743.jpg\" alt=\"\" data-id=\"26984\" data-full-url=\"https:\/\/atecordoba.org\/wp-content\/uploads\/2021\/08\/FB_IMG_1627834780743.jpg\" data-link=\"https:\/\/atecordoba.org\/?attachment_id=26984\" class=\"wp-image-26984\" srcset=\"https:\/\/atecordoba.org\/wp-content\/uploads\/2021\/08\/FB_IMG_1627834780743.jpg 960w, https:\/\/atecordoba.org\/wp-content\/uploads\/2021\/08\/FB_IMG_1627834780743-300x169.jpg 300w, https:\/\/atecordoba.org\/wp-content\/uploads\/2021\/08\/FB_IMG_1627834780743-768x432.jpg 768w, https:\/\/atecordoba.org\/wp-content\/uploads\/2021\/08\/FB_IMG_1627834780743-750x422.jpg 750w\" sizes=\"auto, (max-width: 960px) 100vw, 960px\" \/><\/figure><\/li><\/ul><\/figure>\n\n\n\n<p><\/p>\n","protected":false},"excerpt":{"rendered":"<p>Con la presencia del secretario General Federico Giuliani, el viernes pasado el Consejo Directivo Provincial (CDP) se hizo presente en la ciudad de San Francisco para tomar contacto con las y los estatales de diversos sectores de la localidad, participar de una actividad de homenaje a la pueblada del Tampierazo, conversar con las y los [&hellip;]<\/p>\n","protected":false},"author":3,"featured_media":26969,"comment_status":"open","ping_status":"open","sticky":false,"template":"","format":"standard","meta":{"_exactmetrics_skip_tracking":false,"_exactmetrics_sitenote_active":false,"_exactmetrics_sitenote_note":"","_exactmetrics_sitenote_category":0,"jnews-multi-image_gallery":[],"jnews_single_post":{"subtitle":"El secretario General de ATE C\u00f3rdoba estuvo acompa\u00f1ado del titular de la seccional San Francisco, Dar\u00edo Paredes, junto a la referente de ATE R\u00edo, Rafaela Alcoba, y a su par de R\u00edo Tercero, Dami\u00e1n Albornoz.","format":"standard","video":"","gallery":"","source_name":"","source_url":"","via_name":"","via_url":"","override":[{"single_blog_custom":"","sidebar":"","second_sidebar":"","share_position":"","share_float_style":"","post_date_format":"","post_date_format_custom":"","post_reading_time_wpm":"","zoom_button_out_step":"1","zoom_button_in_step":"1","number_popup_post":"1"}],"image_override":[{"single_post_thumbnail_size":"","single_post_gallery_size":""}],"trending_post_position":"","trending_post_label":"","sponsored_post_label":"","sponsored_post_name":"","sponsored_post_url":"","sponsored_post_logo":"","sponsored_post_desc":""},"jnews_primary_category":{"id":""},"jnews_social_meta":{"fb_title":"","fb_description":"","fb_image":"","twitter_title":"","twitter_description":"","twitter_image":""},"jnews_review":[],"enable_review":"","type":"percentage","name":"","summary":"","brand":"","sku":"","good":[{"good_text":""}],"bad":[{"bad_text":""}],"score_override":"","override_value":"","rating":[{"rating_text":"","rating_number":"10"}],"price":[{"shop":"","price":"","link":"","icon":""}],"jnews_override_counter":{"view_counter_number":"0","share_counter_number":"0","like_counter_number":"0","dislike_counter_number":"0"},"jnews_post_split":{"post_split":[{"template":"1","tag":"h2","numbering":"asc","mode":"normal","toc_type":"normal"}]},"footnotes":""},"categories":[148],"tags":[],"class_list":["post-26967","post","type-post","status-publish","format-standard","has-post-thumbnail","hentry","category-san-justo"],"jetpack_featured_media_url":"https:\/\/atecordoba.org\/wp-content\/uploads\/2021\/08\/FB_IMG_1627834815514.jpg","_links":{"self":[{"href":"https:\/\/atecordoba.org\/index.php?rest_route=\/wp\/v2\/posts\/26967","targetHints":{"allow":["GET"]}}],"collection":[{"href":"https:\/\/atecordoba.org\/index.php?rest_route=\/wp\/v2\/posts"}],"about":[{"href":"https:\/\/atecordoba.org\/index.php?rest_route=\/wp\/v2\/types\/post"}],"author":[{"embeddable":true,"href":"https:\/\/atecordoba.org\/index.php?rest_route=\/wp\/v2\/users\/3"}],"replies":[{"embeddable":true,"href":"https:\/\/atecordoba.org\/index.php?rest_route=%2Fwp%2Fv2%2Fcomments&post=26967"}],"version-history":[{"count":4,"href":"https:\/\/atecordoba.org\/index.php?rest_route=\/wp\/v2\/posts\/26967\/revisions"}],"predecessor-version":[{"id":26991,"href":"https:\/\/atecordoba.org\/index.php?rest_route=\/wp\/v2\/posts\/26967\/revisions\/26991"}],"wp:featuredmedia":[{"embeddable":true,"href":"https:\/\/atecordoba.org\/index.php?rest_route=\/wp\/v2\/media\/26969"}],"wp:attachment":[{"href":"https:\/\/atecordoba.org\/index.php?rest_route=%2Fwp%2Fv2%2Fmedia&parent=26967"}],"wp:term":[{"taxonomy":"category","embeddable":true,"href":"https:\/\/atecordoba.org\/index.php?rest_route=%2Fwp%2Fv2%2Fcategories&post=26967"},{"taxonomy":"post_tag","embeddable":true,"href":"https:\/\/atecordoba.org\/index.php?rest_route=%2Fwp%2Fv2%2Ftags&post=26967"}],"curies":[{"name":"wp","href":"https:\/\/api.w.org\/{rel}","templated":true}]}}