{"id":26961,"date":"2021-07-30T15:37:07","date_gmt":"2021-07-30T18:37:07","guid":{"rendered":"https:\/\/atecordoba.org\/?p=26961"},"modified":"2021-07-30T15:37:08","modified_gmt":"2021-07-30T18:37:08","slug":"ate-traslasierra-contra-la-violencia-institucional","status":"publish","type":"post","link":"https:\/\/atecordoba.org\/?p=26961","title":{"rendered":"ATE TRASLASIERRA contra la violencia institucional"},"content":{"rendered":"\n<figure class=\"wp-block-image size-large\"><img loading=\"lazy\" decoding=\"async\" width=\"1024\" height=\"576\" src=\"https:\/\/atecordoba.org\/wp-content\/uploads\/2021\/07\/WhatsApp-Image-2021-07-30-at-14.40.06-1024x576.jpeg\" alt=\"\" class=\"wp-image-26962\" srcset=\"https:\/\/atecordoba.org\/wp-content\/uploads\/2021\/07\/WhatsApp-Image-2021-07-30-at-14.40.06-1024x576.jpeg 1024w, https:\/\/atecordoba.org\/wp-content\/uploads\/2021\/07\/WhatsApp-Image-2021-07-30-at-14.40.06-300x169.jpeg 300w, https:\/\/atecordoba.org\/wp-content\/uploads\/2021\/07\/WhatsApp-Image-2021-07-30-at-14.40.06-768x432.jpeg 768w, https:\/\/atecordoba.org\/wp-content\/uploads\/2021\/07\/WhatsApp-Image-2021-07-30-at-14.40.06-750x422.jpeg 750w, https:\/\/atecordoba.org\/wp-content\/uploads\/2021\/07\/WhatsApp-Image-2021-07-30-at-14.40.06.jpeg 1080w\" sizes=\"auto, (max-width: 1024px) 100vw, 1024px\" \/><\/figure>\n\n\n\n<p>Desde la Asociaci\u00f3n Trabajadores del Estado (ATE) , a ra\u00edz de la situaci\u00f3n sufrida por una compa\u00f1era de trabajo en la Localidad de San Pedro , donde se le exige prespecialidad para renovar el contrato, \u00a0se debe aclarar que las compa\u00f1era est\u00e1 embarazada por lo que es m\u00e1s grave a\u00fan, sabiendo que las normas de bioseguridad deben ser cumplidas para protecci\u00f3n del profesional y del usuario del servicio .<\/p>\n\n\n\n<p>&nbsp;Psicolog\u00eda es una de esas \u00e1reas que pueden desarrollar su trabajo sin prespecialidad, y m\u00e1s en un primer nivel.<\/p>\n\n\n\n<p>Hoy la solidaridad no basta, hoy ATE ofrece\u00a0que los reclamos sean ORGANIZADOS, ACOMPA\u00d1ADOS y que se respeten cada una de las LEYES que nos amparan.<\/p>\n\n\n\n<p>Venimos hace muchos a\u00f1os viendo que los municipios trabajan con muchos empleados en condiciones de mucha precariedad, y sin contemplaciones para nuestros trabajadores.<\/p>\n\n\n\n<p>Digamos basta a este modelo poco emp\u00e1tico con los trabajadores, ellos son los que sostienen cada una de nuestras instituciones, ya sean Nacionales, Provinciales o Municipales.<\/p>\n\n\n\n<p>Que esta compa\u00f1era sea el s\u00edmbolo de un comienzo de que la VIOLENCIA INSTITUCIONAL\u00a0QUE SUFRIERON Y SIGUEN SUFRIENDO MUCHOS COMPA\u00d1EROS DEBE TERMINAR.<\/p>\n\n\n\n<p>Desde ATE\u00a0 TRASLASIERRA\u00a0 te invitamos a que seas parte de este cambio.<\/p>\n\n\n\n<p><strong>Contacto del Referente Zonal: Jorge Galaburri\u00a0 3544533114<\/strong><\/p>\n","protected":false},"excerpt":{"rendered":"<p>Desde la Asociaci\u00f3n Trabajadores del Estado (ATE) , a ra\u00edz de la situaci\u00f3n sufrida por una compa\u00f1era de trabajo en la Localidad de San Pedro , donde se le exige prespecialidad para renovar el contrato, \u00a0se debe aclarar que las compa\u00f1era est\u00e1 embarazada por lo que es m\u00e1s grave a\u00fan, sabiendo que las normas de [&hellip;]<\/p>\n","protected":false},"author":3,"featured_media":26963,"comment_status":"open","ping_status":"open","sticky":false,"template":"","format":"standard","meta":{"_exactmetrics_skip_tracking":false,"_exactmetrics_sitenote_active":false,"_exactmetrics_sitenote_note":"","_exactmetrics_sitenote_category":0,"jnews-multi-image_gallery":[],"jnews_single_post":{"subtitle":"","format":"standard","video":"","gallery":"","source_name":"","source_url":"","via_name":"","via_url":"","override":[{"single_blog_custom":"","sidebar":"","second_sidebar":"","share_position":"","share_float_style":"","post_date_format":"","post_date_format_custom":"","post_reading_time_wpm":"","zoom_button_out_step":"1","zoom_button_in_step":"1","number_popup_post":"1"}],"image_override":[{"single_post_thumbnail_size":"","single_post_gallery_size":""}],"trending_post_position":"","trending_post_label":"","sponsored_post_label":"","sponsored_post_name":"","sponsored_post_url":"","sponsored_post_logo":"","sponsored_post_desc":""},"jnews_primary_category":{"id":""},"jnews_social_meta":{"fb_title":"","fb_description":"","fb_image":"","twitter_title":"","twitter_description":"","twitter_image":""},"jnews_review":[],"enable_review":"","type":"percentage","name":"","summary":"","brand":"","sku":"","good":[{"good_text":""}],"bad":[{"bad_text":""}],"score_override":"","override_value":"","rating":[{"rating_text":"","rating_number":"10"}],"price":[{"shop":"","price":"","link":"","icon":""}],"jnews_override_counter":{"view_counter_number":"0","share_counter_number":"0","like_counter_number":"0","dislike_counter_number":"0"},"jnews_post_split":{"post_split":[{"template":"1","tag":"h2","numbering":"asc","mode":"normal","toc_type":"normal"}]},"footnotes":""},"categories":[1],"tags":[],"class_list":["post-26961","post","type-post","status-publish","format-standard","has-post-thumbnail","hentry","category-sin-categoria"],"jetpack_featured_media_url":"https:\/\/atecordoba.org\/wp-content\/uploads\/2021\/07\/WhatsApp-Image-2021-07-30-at-14.40.06-1.jpeg","_links":{"self":[{"href":"https:\/\/atecordoba.org\/index.php?rest_route=\/wp\/v2\/posts\/26961","targetHints":{"allow":["GET"]}}],"collection":[{"href":"https:\/\/atecordoba.org\/index.php?rest_route=\/wp\/v2\/posts"}],"about":[{"href":"https:\/\/atecordoba.org\/index.php?rest_route=\/wp\/v2\/types\/post"}],"author":[{"embeddable":true,"href":"https:\/\/atecordoba.org\/index.php?rest_route=\/wp\/v2\/users\/3"}],"replies":[{"embeddable":true,"href":"https:\/\/atecordoba.org\/index.php?rest_route=%2Fwp%2Fv2%2Fcomments&post=26961"}],"version-history":[{"count":1,"href":"https:\/\/atecordoba.org\/index.php?rest_route=\/wp\/v2\/posts\/26961\/revisions"}],"predecessor-version":[{"id":26964,"href":"https:\/\/atecordoba.org\/index.php?rest_route=\/wp\/v2\/posts\/26961\/revisions\/26964"}],"wp:featuredmedia":[{"embeddable":true,"href":"https:\/\/atecordoba.org\/index.php?rest_route=\/wp\/v2\/media\/26963"}],"wp:attachment":[{"href":"https:\/\/atecordoba.org\/index.php?rest_route=%2Fwp%2Fv2%2Fmedia&parent=26961"}],"wp:term":[{"taxonomy":"category","embeddable":true,"href":"https:\/\/atecordoba.org\/index.php?rest_route=%2Fwp%2Fv2%2Fcategories&post=26961"},{"taxonomy":"post_tag","embeddable":true,"href":"https:\/\/atecordoba.org\/index.php?rest_route=%2Fwp%2Fv2%2Ftags&post=26961"}],"curies":[{"name":"wp","href":"https:\/\/api.w.org\/{rel}","templated":true}]}}