{"id":26957,"date":"2021-07-30T15:33:27","date_gmt":"2021-07-30T18:33:27","guid":{"rendered":"https:\/\/atecordoba.org\/?p=26957"},"modified":"2021-07-30T15:33:29","modified_gmt":"2021-07-30T18:33:29","slug":"por-la-reactivacion-ate-convoco-asambleas-en-todas-las-fabricas-militares","status":"publish","type":"post","link":"https:\/\/atecordoba.org\/?p=26957","title":{"rendered":"Por la reactivaci\u00f3n: ATE convoc\u00f3 asambleas en todas las F\u00e1bricas Militares"},"content":{"rendered":"\n<h2 class=\"wp-block-heading\">El plenario se declar\u00f3 en \u201cespera activa\u201d ante un pedido salarial realizado semanas atr\u00e1s, y por la ralentizaci\u00f3n en la reactivaci\u00f3n del organismo y las reincorporaciones.<\/h2>\n\n\n\n<figure class=\"wp-block-image size-large\"><img loading=\"lazy\" decoding=\"async\" width=\"900\" height=\"437\" src=\"https:\/\/atecordoba.org\/wp-content\/uploads\/2021\/07\/0c81fabb33e03faec6ce895566215c92_m.jpg\" alt=\"\" class=\"wp-image-26958\" srcset=\"https:\/\/atecordoba.org\/wp-content\/uploads\/2021\/07\/0c81fabb33e03faec6ce895566215c92_m.jpg 900w, https:\/\/atecordoba.org\/wp-content\/uploads\/2021\/07\/0c81fabb33e03faec6ce895566215c92_m-300x146.jpg 300w, https:\/\/atecordoba.org\/wp-content\/uploads\/2021\/07\/0c81fabb33e03faec6ce895566215c92_m-768x373.jpg 768w, https:\/\/atecordoba.org\/wp-content\/uploads\/2021\/07\/0c81fabb33e03faec6ce895566215c92_m-750x364.jpg 750w\" sizes=\"auto, (max-width: 900px) 100vw, 900px\" \/><\/figure>\n\n\n\n<p>El plenario de representantes de Fabricaciones Militares S.E. de ATE se reuni\u00f3 y declar\u00f3 el estado de \u201cespera activa\u201d, y convoc\u00f3 a asambleas en cada F\u00e1brica Militar para la semana pr\u00f3xima.<\/p>\n\n\n\n<p>El sindicato manifest\u00f3 su preocupaci\u00f3n ante las demoras en el proceso de reactivaci\u00f3n del organismo y de reincorporaciones de despedidxs durante el macrismo. Tambi\u00e9n aguarda una respuesta favorable ante un planteo de mejora salarial efectuado ante Gesti\u00f3n P\u00fablica.<\/p>\n\n\n\n<p>En el plenario particip\u00f3 Dami\u00e1n Albornoz en representaci\u00f3n de la F\u00e1brica Militar de Rio lll, Fernando Mercado por Villa Mar\u00eda, Fernando Peyrano por Fray Luis Beltr\u00e1n y Gustavo Luj\u00e1n por Fanazul. Por el Consejo Directivo Nacional estuvo Mercedes Cabezas, Secretaria de Organizaci\u00f3n, Orestes \u201cBeto\u201d Galeano, coordinador de \u00c1reas Productivas, y Marcelo De Rito.<\/p>\n\n\n\n<p>Durante la reuni\u00f3n se analizaron las posibles consecuencias del cambio de autoridades y se manifest\u00f3 la precoupaci\u00f3n ante el lento proceso de reactivaci\u00f3n que tiene como consecuencia inmediata que la mayor\u00eda de los trabajadores\/as despedidos\/as en la etapa macrista todav\u00eda espera su reincorporaci\u00f3n.<\/p>\n\n\n\n<p>\u201cEntendemos que esto es producto de la pandemia pero tambi\u00e9n a que no se promueve con inversiones una mayor intervenci\u00f3n en el proceso de reindustrializaci\u00f3n que necesita nuestro pa\u00eds, para no solo ser exportadores de materias primas sin valor agregado\u201d, expresaron desde el Plenario.<\/p>\n\n\n\n<p>\u201cA pesar de las dificultades se\u00f1aladas dejamos en claro que no veremos de brazos cruzados detenerse el proceso de reincorporaciones ni que se altere que la prioridad para ingresar la tienen trabajadores\/as despedidos\/as\u201d, aseguraron.<\/p>\n\n\n\n<p>Asimismo, el Plenario declar\u00f3 una \u201cespera activa\u201d hasta tanto haya una respuesta a la propuesta enviada a la Secretar\u00eda de Gesti\u00f3n y Empleo P\u00fablico. Esta consiste en el reemplazo del adicional a cuenta de futuros aumentos, para todo el personal de Fabricaciones Militares S. E.<\/p>\n\n\n\n<p>En ese marco, se convoc\u00f3 a asambleas en cada F\u00e1brica Militar para los d\u00edas lunes 2, mi\u00e9rcoles 4 y viernes 6 del mes de agosto.<\/p>\n\n\n\n<p>\u201cRatificamos el criterio de unidad entre las f\u00e1bricas, trabajammos y luchamos para volver a tener un complejo industrial como el que nos legara el Gral Manuel Savio\u201d, concluyeron desde ATE.<\/p>\n","protected":false},"excerpt":{"rendered":"<p>El plenario se declar\u00f3 en \u201cespera activa\u201d ante un pedido salarial realizado semanas atr\u00e1s, y por la ralentizaci\u00f3n en la reactivaci\u00f3n del organismo y las reincorporaciones. El plenario de representantes de Fabricaciones Militares S.E. de ATE se reuni\u00f3 y declar\u00f3 el estado de \u201cespera activa\u201d, y convoc\u00f3 a asambleas en cada F\u00e1brica Militar para la [&hellip;]<\/p>\n","protected":false},"author":3,"featured_media":26959,"comment_status":"open","ping_status":"open","sticky":false,"template":"","format":"standard","meta":{"_exactmetrics_skip_tracking":false,"_exactmetrics_sitenote_active":false,"_exactmetrics_sitenote_note":"","_exactmetrics_sitenote_category":0,"jnews-multi-image_gallery":[],"jnews_single_post":{"subtitle":"","format":"standard","video":"","gallery":"","source_name":"","source_url":"","via_name":"","via_url":"","override":[{"single_blog_custom":"","sidebar":"","second_sidebar":"","share_position":"","share_float_style":"","post_date_format":"","post_date_format_custom":"","post_reading_time_wpm":"","zoom_button_out_step":"1","zoom_button_in_step":"1","number_popup_post":"1"}],"image_override":[{"single_post_thumbnail_size":"","single_post_gallery_size":""}],"trending_post_position":"","trending_post_label":"","sponsored_post_label":"","sponsored_post_name":"","sponsored_post_url":"","sponsored_post_logo":"","sponsored_post_desc":""},"jnews_primary_category":{"id":""},"jnews_social_meta":{"fb_title":"","fb_description":"","fb_image":"","twitter_title":"","twitter_description":"","twitter_image":""},"jnews_review":[],"enable_review":"","type":"percentage","name":"","summary":"","brand":"","sku":"","good":[{"good_text":""}],"bad":[{"bad_text":""}],"score_override":"","override_value":"","rating":[{"rating_text":"","rating_number":"10"}],"price":[{"shop":"","price":"","link":"","icon":""}],"jnews_override_counter":{"view_counter_number":"0","share_counter_number":"0","like_counter_number":"0","dislike_counter_number":"0"},"jnews_post_split":{"post_split":[{"template":"1","tag":"h2","numbering":"asc","mode":"normal","toc_type":"normal"}]},"footnotes":""},"categories":[17],"tags":[],"class_list":["post-26957","post","type-post","status-publish","format-standard","has-post-thumbnail","hentry","category-fabricaciones-militares"],"jetpack_featured_media_url":"https:\/\/atecordoba.org\/wp-content\/uploads\/2021\/07\/0c81fabb33e03faec6ce895566215c92_m-1.jpg","_links":{"self":[{"href":"https:\/\/atecordoba.org\/index.php?rest_route=\/wp\/v2\/posts\/26957","targetHints":{"allow":["GET"]}}],"collection":[{"href":"https:\/\/atecordoba.org\/index.php?rest_route=\/wp\/v2\/posts"}],"about":[{"href":"https:\/\/atecordoba.org\/index.php?rest_route=\/wp\/v2\/types\/post"}],"author":[{"embeddable":true,"href":"https:\/\/atecordoba.org\/index.php?rest_route=\/wp\/v2\/users\/3"}],"replies":[{"embeddable":true,"href":"https:\/\/atecordoba.org\/index.php?rest_route=%2Fwp%2Fv2%2Fcomments&post=26957"}],"version-history":[{"count":1,"href":"https:\/\/atecordoba.org\/index.php?rest_route=\/wp\/v2\/posts\/26957\/revisions"}],"predecessor-version":[{"id":26960,"href":"https:\/\/atecordoba.org\/index.php?rest_route=\/wp\/v2\/posts\/26957\/revisions\/26960"}],"wp:featuredmedia":[{"embeddable":true,"href":"https:\/\/atecordoba.org\/index.php?rest_route=\/wp\/v2\/media\/26959"}],"wp:attachment":[{"href":"https:\/\/atecordoba.org\/index.php?rest_route=%2Fwp%2Fv2%2Fmedia&parent=26957"}],"wp:term":[{"taxonomy":"category","embeddable":true,"href":"https:\/\/atecordoba.org\/index.php?rest_route=%2Fwp%2Fv2%2Fcategories&post=26957"},{"taxonomy":"post_tag","embeddable":true,"href":"https:\/\/atecordoba.org\/index.php?rest_route=%2Fwp%2Fv2%2Ftags&post=26957"}],"curies":[{"name":"wp","href":"https:\/\/api.w.org\/{rel}","templated":true}]}}