{"id":26955,"date":"2021-07-30T13:23:19","date_gmt":"2021-07-30T16:23:19","guid":{"rendered":"https:\/\/atecordoba.org\/?p=26955"},"modified":"2021-07-30T15:39:37","modified_gmt":"2021-07-30T18:39:37","slug":"salud-recorrida-y-asamblea-en-el-hospital-iturraspe-camino-al-paro-provincial-de-salud","status":"publish","type":"post","link":"https:\/\/atecordoba.org\/?p=26955","title":{"rendered":"Salud: Recorrida y asamblea en el Hospital Iturraspe camino al Paro Provincial de Salud"},"content":{"rendered":"\n<p>El Secretario General de ATE C\u00f3rdoba, Federico Giuliani, se encuentra con una nutrida agenda de trabajo en la ciudad de San Francisco, cabecera del Departamento San Justo.<\/p>\n\n\n\n<figure class=\"wp-block-image\"><img decoding=\"async\" src=\"http:\/\/ctaacordoba.org\/wp-content\/uploads\/2021\/07\/228132396_10159437528814805_8913846683148918755_n-300x169.jpg\" alt=\"\" class=\"wp-image-39920\"\/><\/figure>\n\n\n\n<figure class=\"wp-block-image\"><img decoding=\"async\" src=\"http:\/\/ctaacordoba.org\/wp-content\/uploads\/2021\/07\/228085420_10159437529309805_1702574764802911275_n-300x169.jpg\" alt=\"\" class=\"wp-image-39921\"\/><\/figure>\n\n\n\n<p>En horas de la ma\u00f1ana recorri\u00f3 junto a Dar\u00edo Paredes, Secretario General de ATE San Francisco, el Hospital Iturraspe. \u201cHicimos&nbsp;recorrida y asamblea con trabajadores y trabajadoras del Hospital Iturraspe de San Francisco convocando al Paro de ATE en Salud P\u00fablica del 5 de agosto junto a la Multisectorial. Cerramos con una audiencia institucional junto al Director, Dr. Valent\u00edn Vicente\u201d, escribi\u00f3 Giuliani en las redes sociales.<\/p>\n\n\n\n<figure class=\"wp-block-image\"><img decoding=\"async\" src=\"http:\/\/ctaacordoba.org\/wp-content\/uploads\/2021\/07\/229701502_4675720655805371_3752908338045906472_n-300x169.jpg\" alt=\"\" class=\"wp-image-39916\"\/><\/figure>\n\n\n\n<figure class=\"wp-block-image\"><img decoding=\"async\" src=\"http:\/\/ctaacordoba.org\/wp-content\/uploads\/2021\/07\/227712255_10159437530169805_6578118833007147814_n-300x169.jpg\" alt=\"\" class=\"wp-image-39917\"\/><\/figure>\n\n\n\n<p>Tambi\u00e9n est\u00e1n presentes y forman parte de la comitiva, Rafaela Alcoba, Secretaria General de ATE R\u00edo Cuarto y Dami\u00e1n Albornoz, Secretario General de ATE R\u00edo Tercero.<\/p>\n\n\n\n<p>En la ma\u00f1ana de hoy viernes y con la presencia de el secretario general de ATE provincia Federico Giuliani y nuestro secretario general Dar\u00edo Paredes recorremos las distintas \u00e1reas del hospital Iturraspe, escuchando las incertidumbres de los compa\u00f1eros de la salud.<\/p>\n\n\n\n<figure class=\"wp-block-image\"><img decoding=\"async\" src=\"http:\/\/ctaacordoba.org\/wp-content\/uploads\/2021\/07\/227922440_10159437529539805_5558569768798654804_n-169x300.jpg\" alt=\"\" class=\"wp-image-39919\"\/><\/figure>\n\n\n\n<figure class=\"wp-block-image\"><img decoding=\"async\" src=\"http:\/\/ctaacordoba.org\/wp-content\/uploads\/2021\/07\/227922440_10159437529539805_5558569768798654804_n-169x300.jpg\" alt=\"\" class=\"wp-image-39919\"\/><\/figure>\n\n\n\n<p>A las 13 horas, Giuliani, Alcoba y Albornoz, junto a dirigentes regionales participar\u00e1n del Plenario de Delegados y Delegadas de San Francisco y Zona, en la sede sindical de ATE, sita en la esquina de Ram\u00f3n y Cajal y De\u00e1n Funes.<\/p>\n\n\n\n<p>A las 18, participar\u00e1n de manera presencial en el Zoom programado por la CTA Aut\u00f3noma C\u00f3rdoba en recordatorio del 48 aniversario del \u201cTampierazo\u201d.<\/p>\n","protected":false},"excerpt":{"rendered":"<p>El Secretario General de ATE C\u00f3rdoba, Federico Giuliani, se encuentra con una nutrida agenda de trabajo en la ciudad de San Francisco, cabecera del Departamento San Justo. En horas de la ma\u00f1ana recorri\u00f3 junto a Dar\u00edo Paredes, Secretario General de ATE San Francisco, el Hospital Iturraspe. \u201cHicimos&nbsp;recorrida y asamblea con trabajadores y trabajadoras del Hospital [&hellip;]<\/p>\n","protected":false},"author":3,"featured_media":26965,"comment_status":"open","ping_status":"open","sticky":false,"template":"","format":"standard","meta":{"_exactmetrics_skip_tracking":false,"_exactmetrics_sitenote_active":false,"_exactmetrics_sitenote_note":"","_exactmetrics_sitenote_category":0,"jnews-multi-image_gallery":[],"jnews_single_post":{"subtitle":"","format":"standard","video":"","gallery":"","source_name":"","source_url":"","via_name":"","via_url":"","override":[{"single_blog_custom":"","sidebar":"","second_sidebar":"","share_position":"","share_float_style":"","post_date_format":"","post_date_format_custom":"","post_reading_time_wpm":"","zoom_button_out_step":"1","zoom_button_in_step":"1","number_popup_post":"1"}],"image_override":[{"single_post_thumbnail_size":"","single_post_gallery_size":""}],"trending_post_position":"","trending_post_label":"","sponsored_post_label":"","sponsored_post_name":"","sponsored_post_url":"","sponsored_post_logo":"","sponsored_post_desc":""},"jnews_primary_category":{"id":""},"jnews_social_meta":{"fb_title":"","fb_description":"El Secretario General de ATE C\u00f3rdoba, Federico Giuliani, se encuentra con una nutrida agenda de trabajo en la ciudad de San Francisco, cabecera del Departamento San Justo.","fb_image":"","twitter_title":"","twitter_description":"","twitter_image":""},"jnews_review":[],"enable_review":"","type":"percentage","name":"","summary":"","brand":"","sku":"","good":[{"good_text":""}],"bad":[{"bad_text":""}],"score_override":"","override_value":"","rating":[{"rating_text":"","rating_number":"10"}],"price":[{"shop":"","price":"","link":"","icon":""}],"jnews_override_counter":{"view_counter_number":"0","share_counter_number":"0","like_counter_number":"0","dislike_counter_number":"0"},"jnews_post_split":{"post_split":[{"template":"1","tag":"h2","numbering":"asc","mode":"normal","toc_type":"normal"}]},"footnotes":""},"categories":[1],"tags":[],"class_list":["post-26955","post","type-post","status-publish","format-standard","has-post-thumbnail","hentry","category-sin-categoria"],"jetpack_featured_media_url":"https:\/\/atecordoba.org\/wp-content\/uploads\/2021\/07\/WhatsApp-Image-2021-07-30-at-13.41.38.jpeg","_links":{"self":[{"href":"https:\/\/atecordoba.org\/index.php?rest_route=\/wp\/v2\/posts\/26955","targetHints":{"allow":["GET"]}}],"collection":[{"href":"https:\/\/atecordoba.org\/index.php?rest_route=\/wp\/v2\/posts"}],"about":[{"href":"https:\/\/atecordoba.org\/index.php?rest_route=\/wp\/v2\/types\/post"}],"author":[{"embeddable":true,"href":"https:\/\/atecordoba.org\/index.php?rest_route=\/wp\/v2\/users\/3"}],"replies":[{"embeddable":true,"href":"https:\/\/atecordoba.org\/index.php?rest_route=%2Fwp%2Fv2%2Fcomments&post=26955"}],"version-history":[{"count":2,"href":"https:\/\/atecordoba.org\/index.php?rest_route=\/wp\/v2\/posts\/26955\/revisions"}],"predecessor-version":[{"id":26966,"href":"https:\/\/atecordoba.org\/index.php?rest_route=\/wp\/v2\/posts\/26955\/revisions\/26966"}],"wp:featuredmedia":[{"embeddable":true,"href":"https:\/\/atecordoba.org\/index.php?rest_route=\/wp\/v2\/media\/26965"}],"wp:attachment":[{"href":"https:\/\/atecordoba.org\/index.php?rest_route=%2Fwp%2Fv2%2Fmedia&parent=26955"}],"wp:term":[{"taxonomy":"category","embeddable":true,"href":"https:\/\/atecordoba.org\/index.php?rest_route=%2Fwp%2Fv2%2Fcategories&post=26955"},{"taxonomy":"post_tag","embeddable":true,"href":"https:\/\/atecordoba.org\/index.php?rest_route=%2Fwp%2Fv2%2Ftags&post=26955"}],"curies":[{"name":"wp","href":"https:\/\/api.w.org\/{rel}","templated":true}]}}