{"id":26948,"date":"2021-07-29T14:04:20","date_gmt":"2021-07-29T17:04:20","guid":{"rendered":"https:\/\/atecordoba.org\/?p=26948"},"modified":"2021-07-29T16:28:26","modified_gmt":"2021-07-29T19:28:26","slug":"sexto-plenario-de-sectores-nacionales-de-ate-cordoba","status":"publish","type":"post","link":"https:\/\/atecordoba.org\/?p=26948","title":{"rendered":"Plenario de nacionales de ATE C\u00f3rdoba define acci\u00f3n gremial el 11 de agosto"},"content":{"rendered":"\n<h2 class=\"wp-block-heading\">En el sexto plenario de nacionales se plante\u00f3: <strong>Reapertura de paritarias y pase a planta permanente YA<\/strong><\/h2>\n\n\n\n<figure class=\"wp-block-image size-large\"><img loading=\"lazy\" decoding=\"async\" width=\"1024\" height=\"768\" src=\"https:\/\/atecordoba.org\/wp-content\/uploads\/2021\/07\/Print-PLENARIO-NACIONALES-1024x768.jpg\" alt=\"\" class=\"wp-image-26949\" srcset=\"https:\/\/atecordoba.org\/wp-content\/uploads\/2021\/07\/Print-PLENARIO-NACIONALES-1024x768.jpg 1024w, https:\/\/atecordoba.org\/wp-content\/uploads\/2021\/07\/Print-PLENARIO-NACIONALES-300x225.jpg 300w, https:\/\/atecordoba.org\/wp-content\/uploads\/2021\/07\/Print-PLENARIO-NACIONALES-768x576.jpg 768w, https:\/\/atecordoba.org\/wp-content\/uploads\/2021\/07\/Print-PLENARIO-NACIONALES-1536x1152.jpg 1536w, https:\/\/atecordoba.org\/wp-content\/uploads\/2021\/07\/Print-PLENARIO-NACIONALES-750x562.jpg 750w, https:\/\/atecordoba.org\/wp-content\/uploads\/2021\/07\/Print-PLENARIO-NACIONALES-1140x855.jpg 1140w, https:\/\/atecordoba.org\/wp-content\/uploads\/2021\/07\/Print-PLENARIO-NACIONALES.jpg 1890w\" sizes=\"auto, (max-width: 1024px) 100vw, 1024px\" \/><\/figure>\n\n\n\n<p>En el marco de los reclamos salariales que se suceden en todos los sectores estatales, ante la escalada de precios que ataca el salario de las y los trabajadores, con aumentos desmesurados en los principales elementos de la canasta de consumo popular, el Consejo Directivo Provincial (CDP) convoca a estas instancias plenarias con el fin de organizar y definir las estrategias de reclamo.&nbsp;<\/p>\n\n\n\n<p>La conducci\u00f3n de ATE C\u00f3rdoba impulsa estos plenarios que reivindican el papel de la asamblea democr\u00e1tica como el \u00e1mbito de decisi\u00f3n colectiva del rumbo de nuestro sindicato. Delegadas y delegados de todos los puntos de la provincia aportan su mirada y experiencia militante para enriquecer las l\u00edneas de acci\u00f3n gremial, por lo que su participaci\u00f3n es indispensable en esta instancia organizativa a los fines de planificar un reclamo salarial y laboral, que se expresa de manera un\u00e1nime en todos los sectores de trabajo.&nbsp;<\/p>\n\n\n\n<p>Con una nutrida participaci\u00f3n se llev\u00f3 adelante el sexto plenario de ATE C\u00f3rdoba de sectores nacionales, en donde m\u00e1s de 40 delegadas y delegados se sumaron a debatir y armar agenda en conjunto.<\/p>\n\n\n\n<p>El llamado incluye el siguiente temario:&nbsp;<\/p>\n\n\n\n<ul class=\"wp-block-list\"><li>Recomposici\u00f3n salarial del 45% antes de fin de a\u00f1o.<\/li><li>Pase a Planta con criterio Federal y de equidad de G\u00e9nero.<\/li><li>Reincorporaci\u00f3n de Despedidxs por el macrismo.<\/li><li>Cumplimiento de Cupo Laboral Trans y por Discapacidad.<\/li><li>Plenario Nacional de Delegados de Sectores Nacionales de ATE Nacional.<\/li><li>Mesa Federal para la Paritaria Nacional.<\/li><li>Apertura de todos Convenios Sectoriales.<\/li><\/ul>\n\n\n\n<p>AGENDA DE TRABAJO<\/p>\n\n\n\n<ol class=\"wp-block-list\"><li>Recorrido y asambleas sectoriales, de manera presencial y\/o virtual para tomar el pulso de la situaci\u00f3n en cada organismo.<\/li><li>Acci\u00f3n gremial conjunta&nbsp; para el 11 de Agosto, 10 Hs. Radio abierta en la Plaza Agust\u00edn Tosco.&nbsp;&nbsp;<\/li><li>Relevamiento sectorial para tener informaci\u00f3n concreta de situaci\u00f3n contractual de las y los trabajadores para elevarla al CDN y se contemple C\u00f3rdoba en los cupos por pase a planta permanente.<\/li><li>Relevamiento por cupos de discapacidad y travesti trans para conocer el cumplimiento y gestionar audiencias con autoridades de cada organismo para que se cumpla con la normativa vigente en ambos casos.<\/li><li>Elevar al CDN el pedido de convocatoria a un plenario nacional.<\/li><\/ol>\n\n\n\n<p><\/p>\n","protected":false},"excerpt":{"rendered":"<p>En el sexto plenario de nacionales se plante\u00f3: Reapertura de paritarias y pase a planta permanente YA En el marco de los reclamos salariales que se suceden en todos los sectores estatales, ante la escalada de precios que ataca el salario de las y los trabajadores, con aumentos desmesurados en los principales elementos de la [&hellip;]<\/p>\n","protected":false},"author":3,"featured_media":26949,"comment_status":"open","ping_status":"open","sticky":false,"template":"","format":"standard","meta":{"_exactmetrics_skip_tracking":false,"_exactmetrics_sitenote_active":false,"_exactmetrics_sitenote_note":"","_exactmetrics_sitenote_category":0,"jnews-multi-image_gallery":[],"jnews_single_post":{"subtitle":"","format":"standard","video":"","gallery":"","source_name":"","source_url":"","via_name":"","via_url":"","override":[{"single_blog_custom":"","sidebar":"","second_sidebar":"","share_position":"","share_float_style":"","post_date_format":"","post_date_format_custom":"","post_reading_time_wpm":"","zoom_button_out_step":"1","zoom_button_in_step":"1","number_popup_post":"1"}],"image_override":[{"single_post_thumbnail_size":"","single_post_gallery_size":""}],"trending_post_position":"","trending_post_label":"","sponsored_post_label":"","sponsored_post_name":"","sponsored_post_url":"","sponsored_post_logo":"","sponsored_post_desc":""},"jnews_primary_category":{"id":""},"jnews_social_meta":{"fb_title":"","fb_description":"","fb_image":"","twitter_title":"","twitter_description":"","twitter_image":""},"jnews_review":[],"enable_review":"","type":"percentage","name":"","summary":"","brand":"","sku":"","good":[{"good_text":""}],"bad":[{"bad_text":""}],"score_override":"","override_value":"","rating":[{"rating_text":"","rating_number":"10"}],"price":[{"shop":"","price":"","link":"","icon":""}],"jnews_override_counter":{"view_counter_number":"0","share_counter_number":"0","like_counter_number":"0","dislike_counter_number":"0"},"jnews_post_split":{"post_split":[{"template":"1","tag":"h2","numbering":"asc","mode":"normal","toc_type":"normal"}]},"footnotes":""},"categories":[18],"tags":[],"class_list":["post-26948","post","type-post","status-publish","format-standard","has-post-thumbnail","hentry","category-nacionales"],"jetpack_featured_media_url":"https:\/\/atecordoba.org\/wp-content\/uploads\/2021\/07\/Print-PLENARIO-NACIONALES.jpg","_links":{"self":[{"href":"https:\/\/atecordoba.org\/index.php?rest_route=\/wp\/v2\/posts\/26948","targetHints":{"allow":["GET"]}}],"collection":[{"href":"https:\/\/atecordoba.org\/index.php?rest_route=\/wp\/v2\/posts"}],"about":[{"href":"https:\/\/atecordoba.org\/index.php?rest_route=\/wp\/v2\/types\/post"}],"author":[{"embeddable":true,"href":"https:\/\/atecordoba.org\/index.php?rest_route=\/wp\/v2\/users\/3"}],"replies":[{"embeddable":true,"href":"https:\/\/atecordoba.org\/index.php?rest_route=%2Fwp%2Fv2%2Fcomments&post=26948"}],"version-history":[{"count":3,"href":"https:\/\/atecordoba.org\/index.php?rest_route=\/wp\/v2\/posts\/26948\/revisions"}],"predecessor-version":[{"id":26952,"href":"https:\/\/atecordoba.org\/index.php?rest_route=\/wp\/v2\/posts\/26948\/revisions\/26952"}],"wp:featuredmedia":[{"embeddable":true,"href":"https:\/\/atecordoba.org\/index.php?rest_route=\/wp\/v2\/media\/26949"}],"wp:attachment":[{"href":"https:\/\/atecordoba.org\/index.php?rest_route=%2Fwp%2Fv2%2Fmedia&parent=26948"}],"wp:term":[{"taxonomy":"category","embeddable":true,"href":"https:\/\/atecordoba.org\/index.php?rest_route=%2Fwp%2Fv2%2Fcategories&post=26948"},{"taxonomy":"post_tag","embeddable":true,"href":"https:\/\/atecordoba.org\/index.php?rest_route=%2Fwp%2Fv2%2Ftags&post=26948"}],"curies":[{"name":"wp","href":"https:\/\/api.w.org\/{rel}","templated":true}]}}