{"id":26942,"date":"2021-07-29T13:45:11","date_gmt":"2021-07-29T16:45:11","guid":{"rendered":"https:\/\/atecordoba.org\/?p=26942"},"modified":"2021-07-29T16:29:02","modified_gmt":"2021-07-29T19:29:02","slug":"jueves-con-protestas-de-trabajadores-de-la-salud-en-toda-la-provincia","status":"publish","type":"post","link":"https:\/\/atecordoba.org\/?p=26942","title":{"rendered":"Jueves con protestas de trabajadores de la Salud en toda la provincia"},"content":{"rendered":"\n<p><strong>Trabajadoras y trabajadores sanitarios de C\u00f3rdoba representados en la Multisectorial de Salud que nuclea a ocho organizaciones profesionales y de trabajadores del sector, realizaron este jueves una jornada de protesta en la provincia de C\u00f3rdoba.<\/strong><\/p>\n\n\n\n<p>\u201cAnte la cr\u00edtica situaci\u00f3n salarial y la falta de respuesta del gobierno de C\u00f3rdoba, la Multisectorial de Salud defini\u00f3 estas asambleas con el claro objetivo de profundizar el plan de lucha con la participaci\u00f3n de dirigentes de la multisectorial junto a referentes y delegados\/as de todos los hospitales de C\u00f3rdoba Capital\u201d, se\u00f1al\u00f3 Hugo Dur\u00e1n Secretario General Adjunto.<\/p>\n\n\n\n<p><a href=\"https:\/\/fb.watch\/72AOFAvozS\/\" data-type=\"URL\" data-id=\"https:\/\/fb.watch\/72AOFAvozS\/\">\/<\/a><a href=\"https:\/\/fb.watch\/72AOFAvozS\/\">https:\/\/fb.watch\/72AOFAvozS\/<\/a><\/p>\n\n\n\n<p><strong>La asamblea en la Maternidad Provincial fue muy importante y de una amplia participaci\u00f3n, &#8220;ante el descontento por la falta de respuesta del Gobierno y algunos embates contra algunas y algunos trabajadores en particular, la decisi\u00f3n de la asamblea fue convocar a paro con concurrencia para el d\u00eda jueves 5 de Agosto.<\/strong> Adem\u00e1s con ser\u00e1 con una concentraci\u00f3n en Gral. Paz y Col\u00f3n para realizar una movilizaci\u00f3n con el conjunto de las y los trabajadores&#8221;, remarc\u00f3 Dur\u00e1n.<\/p>\n\n\n\n<p>\u201cLa situaci\u00f3n de agobio f\u00edsica, mental y econ\u00f3mico que vienen arrastrando las y los trabajadores de la Salud de C\u00f3rdoba hacen que sea cada d\u00eda m\u00e1s dif\u00edcil seguir sosteniendo este sistema de Salud tan necesario para los cordobeses, vale mencionar que hoy un m\u00e9dico o una enfermera con 5 a\u00f1os de antig\u00fcedad est\u00e1 cobrando de bolsillo un b\u00e1sico de $37.000 y llega a un sueldo de bolsillo de $65.000 con una carga horaria de 36 a 40 horas de trabajo semanal.<\/p>\n\n\n\n<p>En ese sentido el 70% de las y los trabajadores est\u00e1 por debajo de la l\u00ednea de la pobreza y del mismo modo, siete de cada 10  est\u00e1 precarizado. &#8220;Por esto se exige un 45% de aumento m\u00e1s pasar los bonos al b\u00e1sico y a partir de esto pagaar las categor\u00edas que se adeudan que ya son cuatro&#8221;, expuso el Secretario Adjunto de ATE.<\/p>\n\n\n\n<p>Por otra parte, el reclamo exige el pase a planta permanente de las y los trabajadores monotributistas y contratados y la habilitaci\u00f3n de concursos para acceder a nuevos cargos.<\/p>\n\n\n\n<p>Fuentes: CBA24N y Gremios en Red.<\/p>\n\n\n\n<p><\/p>\n\n\n\n<figure class=\"wp-block-image size-large\"><img loading=\"lazy\" decoding=\"async\" width=\"1024\" height=\"768\" src=\"https:\/\/atecordoba.org\/wp-content\/uploads\/2021\/07\/228035759_1501471470203653_302295377878142410_n-4-1024x768.jpg\" alt=\"\" class=\"wp-image-26943\" srcset=\"https:\/\/atecordoba.org\/wp-content\/uploads\/2021\/07\/228035759_1501471470203653_302295377878142410_n-4-1024x768.jpg 1024w, https:\/\/atecordoba.org\/wp-content\/uploads\/2021\/07\/228035759_1501471470203653_302295377878142410_n-4-300x225.jpg 300w, https:\/\/atecordoba.org\/wp-content\/uploads\/2021\/07\/228035759_1501471470203653_302295377878142410_n-4-768x576.jpg 768w, https:\/\/atecordoba.org\/wp-content\/uploads\/2021\/07\/228035759_1501471470203653_302295377878142410_n-4-750x563.jpg 750w, https:\/\/atecordoba.org\/wp-content\/uploads\/2021\/07\/228035759_1501471470203653_302295377878142410_n-4-1140x855.jpg 1140w, https:\/\/atecordoba.org\/wp-content\/uploads\/2021\/07\/228035759_1501471470203653_302295377878142410_n-4.jpg 1280w\" sizes=\"auto, (max-width: 1024px) 100vw, 1024px\" \/><\/figure>\n","protected":false},"excerpt":{"rendered":"<p>Trabajadoras y trabajadores sanitarios de C\u00f3rdoba representados en la Multisectorial de Salud que nuclea a ocho organizaciones profesionales y de trabajadores del sector, realizaron este jueves una jornada de protesta en la provincia de C\u00f3rdoba. \u201cAnte la cr\u00edtica situaci\u00f3n salarial y la falta de respuesta del gobierno de C\u00f3rdoba, la Multisectorial de Salud defini\u00f3 estas [&hellip;]<\/p>\n","protected":false},"author":3,"featured_media":26943,"comment_status":"open","ping_status":"open","sticky":true,"template":"","format":"standard","meta":{"_exactmetrics_skip_tracking":false,"_exactmetrics_sitenote_active":false,"_exactmetrics_sitenote_note":"","_exactmetrics_sitenote_category":0,"jnews-multi-image_gallery":[],"jnews_single_post":{"subtitle":"","format":"standard","video":"","gallery":"","source_name":"","source_url":"","via_name":"","via_url":"\/https:\/\/fb.watch\/72AOFAvozS\/","override":[{"single_blog_custom":"","sidebar":"","second_sidebar":"","share_position":"","share_float_style":"","post_date_format":"","post_date_format_custom":"","post_reading_time_wpm":"","zoom_button_out_step":"1","zoom_button_in_step":"1","number_popup_post":"1"}],"image_override":[{"single_post_thumbnail_size":"","single_post_gallery_size":""}],"trending_post_position":"","trending_post_label":"","sponsored_post_label":"","sponsored_post_name":"","sponsored_post_url":"","sponsored_post_logo":"","sponsored_post_desc":""},"jnews_primary_category":{"id":""},"jnews_social_meta":{"fb_title":"","fb_description":"Reclamo por un aumento salarial de al menos el 45% y mejores condiciones laborales para las y los trabajadores del sector. Hoy hubo asambleas. Podr\u00eda aprobarse un paro de 24 horas para la semana pr\u00f3xima.","fb_image":"26943","twitter_title":"","twitter_description":"","twitter_image":""},"jnews_review":[],"enable_review":"","type":"percentage","name":"","summary":"","brand":"","sku":"","good":[{"good_text":""}],"bad":[{"bad_text":""}],"score_override":"","override_value":"","rating":[{"rating_text":"","rating_number":"10"}],"price":[{"shop":"","price":"","link":"","icon":""}],"jnews_override_counter":{"view_counter_number":"0","share_counter_number":"0","like_counter_number":"0","dislike_counter_number":"0"},"jnews_post_split":{"post_split":[{"template":"1","tag":"h2","numbering":"asc","mode":"normal","toc_type":"normal"}]},"footnotes":""},"categories":[10,341,8],"tags":[],"class_list":["post-26942","post","type-post","status-publish","format-standard","has-post-thumbnail","hentry","category-accion-politica","category-cdp","category-provinciales"],"jetpack_featured_media_url":"https:\/\/atecordoba.org\/wp-content\/uploads\/2021\/07\/228035759_1501471470203653_302295377878142410_n-4.jpg","_links":{"self":[{"href":"https:\/\/atecordoba.org\/index.php?rest_route=\/wp\/v2\/posts\/26942","targetHints":{"allow":["GET"]}}],"collection":[{"href":"https:\/\/atecordoba.org\/index.php?rest_route=\/wp\/v2\/posts"}],"about":[{"href":"https:\/\/atecordoba.org\/index.php?rest_route=\/wp\/v2\/types\/post"}],"author":[{"embeddable":true,"href":"https:\/\/atecordoba.org\/index.php?rest_route=\/wp\/v2\/users\/3"}],"replies":[{"embeddable":true,"href":"https:\/\/atecordoba.org\/index.php?rest_route=%2Fwp%2Fv2%2Fcomments&post=26942"}],"version-history":[{"count":4,"href":"https:\/\/atecordoba.org\/index.php?rest_route=\/wp\/v2\/posts\/26942\/revisions"}],"predecessor-version":[{"id":26953,"href":"https:\/\/atecordoba.org\/index.php?rest_route=\/wp\/v2\/posts\/26942\/revisions\/26953"}],"wp:featuredmedia":[{"embeddable":true,"href":"https:\/\/atecordoba.org\/index.php?rest_route=\/wp\/v2\/media\/26943"}],"wp:attachment":[{"href":"https:\/\/atecordoba.org\/index.php?rest_route=%2Fwp%2Fv2%2Fmedia&parent=26942"}],"wp:term":[{"taxonomy":"category","embeddable":true,"href":"https:\/\/atecordoba.org\/index.php?rest_route=%2Fwp%2Fv2%2Fcategories&post=26942"},{"taxonomy":"post_tag","embeddable":true,"href":"https:\/\/atecordoba.org\/index.php?rest_route=%2Fwp%2Fv2%2Ftags&post=26942"}],"curies":[{"name":"wp","href":"https:\/\/api.w.org\/{rel}","templated":true}]}}