{"id":26938,"date":"2021-07-29T12:48:25","date_gmt":"2021-07-29T15:48:25","guid":{"rendered":"https:\/\/atecordoba.org\/?p=26938"},"modified":"2021-07-29T12:49:58","modified_gmt":"2021-07-29T15:49:58","slug":"giuliani-recorrio-traslasierra-para-avanzar-en-la-organziacion-de-las-y-los-estatales-del-valle","status":"publish","type":"post","link":"https:\/\/atecordoba.org\/?p=26938","title":{"rendered":"Giuliani recorri\u00f3 Traslasierra para avanzar en la organizaci\u00f3n de las y los estatales del Valle"},"content":{"rendered":"\n<p>Con la presencia del Secretario General de ATE y la CTA Aut\u00f3noma C\u00f3rdoba, Federico Giuliani y de la Secretaria General de ATE R\u00edo Cuarto, Rafaela Alcoba, junto a otros miembros del Consejo Directivo Provincial (CDP) del Sindicato, mantuvieron este mi\u00e9rcoles significativas recorridas en sectores municipales y de la Salud en el Valle de Traslasierra. Tras las reuniones, se decidi\u00f3 lanzar ATE Municipales en esa regi\u00f3n del oeste cordob\u00e9s. \u201cMunicipales de Traslasierra se organizan en ATE C\u00f3rdoba. Con la presencia de referentes de diez localidades del Valle, realizamos este mi\u00e9rcoles a la tarde en nuestra Sede Serrana de ATE y CTA aut\u00f3noma una asamblea en donde se defini\u00f3 la incorporaci\u00f3n en ATE de trabajadores y trabajadoras del sector con Mary D\u00edaz como Delegada Regional\u201d, escribi\u00f3 Giuliani en su sitio de Facebook.<\/p>\n\n\n\n<p>Rafaela Alcoba, que estuvo acompa\u00f1ada por el Secretario de Finanzas de ATE R\u00edo Cuarto, Mauricio Macci\u00f3, es la responsable del ATE Municipales en la provincia. El gremio viene creciendo en representaci\u00f3n con la presencia de delegados en m\u00e1s de cien municipalidades y comunas de la provincia. Cabe recordar que C\u00f3rdoba es el territorio que m\u00e1s municipios y comunes tiene en el pa\u00eds: 427.<\/p>\n\n\n\n<figure class=\"wp-block-image\"><img decoding=\"async\" src=\"http:\/\/ctaacordoba.org\/wp-content\/uploads\/2021\/07\/227200283_10159434785779805_1434236266470902231_n-300x169.jpg\" alt=\"\" class=\"wp-image-39839\"\/><\/figure>\n\n\n\n<figure class=\"wp-block-image\"><img decoding=\"async\" src=\"http:\/\/ctaacordoba.org\/wp-content\/uploads\/2021\/07\/225866148_10159434785609805_1689353400818843865_n-300x169.jpg\" alt=\"\" class=\"wp-image-39840\"\/><\/figure>\n\n\n\n<p>\u201cRafaela Alcoba apunt\u00f3: \u201cPara nosotros siempre ha sido una prioridad extender nuestra referencia territorial entendiendo que all\u00ed es donde se da la disputa principal por la conciencia de los trabajdores\u201d. \u201cEstamos decididos a continuar organizando a los trabajadores y trabajadoras municipales de todas las ciudades y localidades de la provincia para darles la opci\u00f3n de una herramienta de lucha que les permita luchar contra la precarizaci\u00f3n laboral y los magros salarios. La mayor\u00eda de los municipales est\u00e1n por debajo de la l\u00ednea de pobreza\u201d, concluy\u00f3.<\/p>\n\n\n\n<h3 class=\"wp-block-heading\">Hacia el Paro Provincial de Salud<\/h3>\n\n\n\n<figure class=\"wp-block-image\"><img decoding=\"async\" src=\"http:\/\/ctaacordoba.org\/wp-content\/uploads\/2021\/07\/222088821_10159434010074805_8572924567073574266_n-300x169.jpg\" alt=\"\" class=\"wp-image-39841\"\/><\/figure>\n\n\n\n<figure class=\"wp-block-image\"><img decoding=\"async\" src=\"http:\/\/ctaacordoba.org\/wp-content\/uploads\/2021\/07\/226291801_10159434009799805_7576775333998940738_n-300x169.jpg\" alt=\"\" class=\"wp-image-39842\"\/><\/figure>\n\n\n\n<p>Durante la jornada de ayer, y acompa\u00f1ado de Hugo \u201cP\u00e1jaro\u201d Galaburri, referente de ATE y de la Central en Traslasierra y de otros compa\u00f1eros y compa\u00f1eras, Giuliani recorri\u00f3 dependencias municipales y particip\u00f3 de asambleas en el Hospital Regional de Villa Dolores trabajando el Paro en Salud P\u00fablica Provincial en C\u00f3rdoba del pr\u00f3ximo jueves 5 de agosto. Tambi\u00e9n participaron de las actividades desarrolladas en Villa Dolores y otras localidades del Valle de Traslasierra Silvia Alcoba, Secretaria General de la CTA-A Regional R\u00edo Cuarto y Coordinadora Provincial de la Federaci\u00f3n Nacional Territorial (FeNaT-CTA) y Ferm\u00edn Boloquy de Juventudes de la CTA Aut\u00f3noma.<\/p>\n\n\n\n<figure class=\"wp-block-image\"><img decoding=\"async\" src=\"http:\/\/ctaacordoba.org\/wp-content\/uploads\/2021\/07\/226624745_10159434785214805_9208724613903740982_n-300x169.jpg\" alt=\"\" class=\"wp-image-39835\"\/><\/figure>\n","protected":false},"excerpt":{"rendered":"<p>Con la presencia del Secretario General de ATE y la CTA Aut\u00f3noma C\u00f3rdoba, Federico Giuliani y de la Secretaria General de ATE R\u00edo Cuarto, Rafaela Alcoba, junto a otros miembros del Consejo Directivo Provincial (CDP) del Sindicato, mantuvieron este mi\u00e9rcoles significativas recorridas en sectores municipales y de la Salud en el Valle de Traslasierra. Tras [&hellip;]<\/p>\n","protected":false},"author":3,"featured_media":26939,"comment_status":"open","ping_status":"open","sticky":true,"template":"","format":"standard","meta":{"_exactmetrics_skip_tracking":false,"_exactmetrics_sitenote_active":false,"_exactmetrics_sitenote_note":"","_exactmetrics_sitenote_category":0,"jnews-multi-image_gallery":[],"jnews_single_post":{"subtitle":"","format":"standard","video":"","gallery":"","source_name":"","source_url":"","via_name":"","via_url":"","override":[{"single_blog_custom":"","sidebar":"","second_sidebar":"","share_position":"","share_float_style":"","post_date_format":"","post_date_format_custom":"","post_reading_time_wpm":"","zoom_button_out_step":"1","zoom_button_in_step":"1","number_popup_post":"1"}],"image_override":[{"single_post_thumbnail_size":"","single_post_gallery_size":""}],"trending_post_position":"","trending_post_label":"","sponsored_post_label":"","sponsored_post_name":"","sponsored_post_url":"","sponsored_post_logo":"","sponsored_post_desc":""},"jnews_primary_category":{"id":""},"jnews_social_meta":{"fb_title":"","fb_description":"Con la presencia del Secretario General de ATE y la CTA Aut\u00f3noma C\u00f3rdoba, Federico Giuliani y de la Secretaria General de ATE R\u00edo Cuarto, Rafaela Alcoba, junto a otros miembros del Consejo Directivo Provincial (CDP) del Sindicato, mantuvieron este mi\u00e9rcoles significativas recorridas en sectores municipales y de la Salud en el Valle de Traslasierra. ","fb_image":"","twitter_title":"","twitter_description":"","twitter_image":""},"jnews_review":[],"enable_review":"","type":"percentage","name":"","summary":"","brand":"","sku":"","good":[{"good_text":""}],"bad":[{"bad_text":""}],"score_override":"","override_value":"","rating":[{"rating_text":"","rating_number":"10"}],"price":[{"shop":"","price":"","link":"","icon":""}],"jnews_override_counter":{"view_counter_number":"0","share_counter_number":"0","like_counter_number":"0","dislike_counter_number":"0"},"jnews_post_split":{"post_split":[{"template":"1","tag":"h2","numbering":"asc","mode":"normal","toc_type":"normal"}]},"footnotes":""},"categories":[20,18],"tags":[],"class_list":["post-26938","post","type-post","status-publish","format-standard","has-post-thumbnail","hentry","category-municipales","category-nacionales"],"jetpack_featured_media_url":"https:\/\/atecordoba.org\/wp-content\/uploads\/2021\/07\/228035759_1501471470203653_302295377878142410_n-3.jpg","_links":{"self":[{"href":"https:\/\/atecordoba.org\/index.php?rest_route=\/wp\/v2\/posts\/26938","targetHints":{"allow":["GET"]}}],"collection":[{"href":"https:\/\/atecordoba.org\/index.php?rest_route=\/wp\/v2\/posts"}],"about":[{"href":"https:\/\/atecordoba.org\/index.php?rest_route=\/wp\/v2\/types\/post"}],"author":[{"embeddable":true,"href":"https:\/\/atecordoba.org\/index.php?rest_route=\/wp\/v2\/users\/3"}],"replies":[{"embeddable":true,"href":"https:\/\/atecordoba.org\/index.php?rest_route=%2Fwp%2Fv2%2Fcomments&post=26938"}],"version-history":[{"count":2,"href":"https:\/\/atecordoba.org\/index.php?rest_route=\/wp\/v2\/posts\/26938\/revisions"}],"predecessor-version":[{"id":26941,"href":"https:\/\/atecordoba.org\/index.php?rest_route=\/wp\/v2\/posts\/26938\/revisions\/26941"}],"wp:featuredmedia":[{"embeddable":true,"href":"https:\/\/atecordoba.org\/index.php?rest_route=\/wp\/v2\/media\/26939"}],"wp:attachment":[{"href":"https:\/\/atecordoba.org\/index.php?rest_route=%2Fwp%2Fv2%2Fmedia&parent=26938"}],"wp:term":[{"taxonomy":"category","embeddable":true,"href":"https:\/\/atecordoba.org\/index.php?rest_route=%2Fwp%2Fv2%2Fcategories&post=26938"},{"taxonomy":"post_tag","embeddable":true,"href":"https:\/\/atecordoba.org\/index.php?rest_route=%2Fwp%2Fv2%2Ftags&post=26938"}],"curies":[{"name":"wp","href":"https:\/\/api.w.org\/{rel}","templated":true}]}}