{"id":26925,"date":"2021-07-28T13:47:59","date_gmt":"2021-07-28T16:47:59","guid":{"rendered":"https:\/\/atecordoba.org\/?p=26925"},"modified":"2021-07-29T12:20:05","modified_gmt":"2021-07-29T15:20:05","slug":"ate-cordoba-suma-un-nuevo-sector-de-nacionales-con-eugenio-talbot-como-delegado-sectorial","status":"publish","type":"post","link":"https:\/\/atecordoba.org\/?p=26925","title":{"rendered":"ATE C\u00f3rdoba suma un nuevo sector de nacionales, con Eugenio Talbot, como delegado sectorial"},"content":{"rendered":"\n<p>&#8220;Hoy gracias una lucha incesante que hemos realizado la poblaci\u00f3n trans travesti, cada uno desde el lugar que ha considerado m\u00e1s oportuno y l\u00f3gico, comenzamos a ocupar espacios dentro de Estado en donde, muchos entendemos como un lugar de dif\u00edciles luchas. Los que hoy podemos contar nuestras vivencias como trans visibilizados desde las dictaduras y democracias, tenemos no solo el deber de continuar las luchas de quienes ya no est\u00e1n entre nosotrxs, sino tambi\u00e9n el de compartir una realidad con las nuevas generaciones, porque no se puede construir futuro si no se observa y analiza nuestro pasado, invisibilizado y ocultado por una decisi\u00f3n pol\u00edtica que se gener\u00f3 desde el origen de nuestra patria. Hoy vivimos un momento hist\u00f3rico y como siempre me he definido y he aprendido que no soy el soldado de nadie, mi funci\u00f3n es aportar de manera constructiva y cr\u00edtica, estrategias para consolidar pol\u00edticas p\u00fablicas que nos beneficien a todxs. Con ese horizonte me sumo a esta lucha colectiva, a esta lucha de trabajadorxs. Orgulloso de las oportunidades que me ofrece y deseo conquistar en ATE, espero que cada persona encuentre en m\u00ed no solo un compa\u00f1ero de luchas, sino un militante que desea hacer historia&#8221;, comienza Eugenio Talbot en su relato.<\/p>\n\n\n\n<p>Eugenio, recientemente parte de la planta de trabajadores del Estado Nacional ha sido designado por ATE C\u00f3rdoba como delegado normalizador en su sector de trabajo.<\/p>\n\n\n\n<p>A continuaci\u00f3n un extracto de l a notificaci\u00f3n elevada a Alba Rueda notificando la disposici\u00f3n tomada por Federico Giuliani, Secretario General.<\/p>\n\n\n\n<p>A la Subsecretaria de DiversidadesMinisterio de la Mujer, Genero y Diversidad de la Naci\u00f3n Sra. Alba RuedaS. \/ D.De nuestra consideraci\u00f3n: En nombre y representaci\u00f3n del Consejo Directivo Provincial C\u00f3rdoba de la Asociaci\u00f3n Trabajadores del Estado (ATE), nos dirigimos a Ud. con el prop\u00f3sito de poner en su conocimiento que, de acuerdo a la Resoluci\u00f3n CDP 08\/2021, el compa\u00f1ero Talbot Wright Eugenio Ernesto, ha sido electo y designado Delegado Normalizador por nuestra entidad en la Subsecretaria de Diversidades dependiente del Ministerio de la Mujer y Diversidad de la Naci\u00f3n, de conformidad con lo dispuesto en las normas estatutarias y legales vigentes.Adjuntamos la nota presentada en el Ministerio de Trabajo, Empleo ySeguridad Social de la Naci\u00f3n.Sin otro particular, saludamos a Ud. muy atte.-<\/p>\n","protected":false},"excerpt":{"rendered":"<p>&#8220;Hoy gracias una lucha incesante que hemos realizado la poblaci\u00f3n trans travesti, cada uno desde el lugar que ha considerado m\u00e1s oportuno y l\u00f3gico, comenzamos a ocupar espacios dentro de Estado en donde, muchos entendemos como un lugar de dif\u00edciles luchas. Los que hoy podemos contar nuestras vivencias como trans visibilizados desde las dictaduras y [&hellip;]<\/p>\n","protected":false},"author":3,"featured_media":26935,"comment_status":"open","ping_status":"open","sticky":false,"template":"","format":"standard","meta":{"_exactmetrics_skip_tracking":false,"_exactmetrics_sitenote_active":false,"_exactmetrics_sitenote_note":"","_exactmetrics_sitenote_category":0,"jnews-multi-image_gallery":[],"jnews_single_post":{"subtitle":"","format":"standard","video":"","gallery":"","source_name":"","source_url":"","via_name":"","via_url":"","override":[{"single_blog_custom":"","sidebar":"","second_sidebar":"","share_position":"","share_float_style":"","post_date_format":"","post_date_format_custom":"","post_reading_time_wpm":"","zoom_button_out_step":"1","zoom_button_in_step":"1","number_popup_post":"1"}],"image_override":[{"single_post_thumbnail_size":"","single_post_gallery_size":""}],"trending_post_position":"","trending_post_label":"","sponsored_post_label":"","sponsored_post_name":"","sponsored_post_url":"","sponsored_post_logo":"","sponsored_post_desc":""},"jnews_primary_category":{"id":""},"jnews_social_meta":{"fb_title":"El formar parte de ATE no solo me ha permitido concretar parte de un sue\u00f1o hist\u00f3rico en mi vida, sino que me posiciona en un sitio que festejo.  Mi historia personal mucho tiene que ver con esta decisi\u00f3n.  Mi familia entera estuvo involucrada \u00edntimamente en la lucha por el reconocimiento de derechos de lxs trabajadorxs. Consign\u00f3 Talbot","fb_description":"","fb_image":"26926","twitter_title":"","twitter_description":"","twitter_image":""},"jnews_review":[],"enable_review":"","type":"percentage","name":"","summary":"","brand":"","sku":"","good":[{"good_text":""}],"bad":[{"bad_text":""}],"score_override":"","override_value":"","rating":[{"rating_text":"","rating_number":"10"}],"price":[{"shop":"","price":"","link":"","icon":""}],"jnews_override_counter":{"view_counter_number":"0","share_counter_number":"0","like_counter_number":"0","dislike_counter_number":"0"},"jnews_post_split":{"post_split":[{"template":"1","tag":"h2","numbering":"asc","mode":"normal","toc_type":"normal"}]},"footnotes":""},"categories":[1],"tags":[],"class_list":["post-26925","post","type-post","status-publish","format-standard","has-post-thumbnail","hentry","category-sin-categoria"],"jetpack_featured_media_url":"https:\/\/atecordoba.org\/wp-content\/uploads\/2021\/07\/228035759_1501471470203653_302295377878142410_n-1.jpg","_links":{"self":[{"href":"https:\/\/atecordoba.org\/index.php?rest_route=\/wp\/v2\/posts\/26925","targetHints":{"allow":["GET"]}}],"collection":[{"href":"https:\/\/atecordoba.org\/index.php?rest_route=\/wp\/v2\/posts"}],"about":[{"href":"https:\/\/atecordoba.org\/index.php?rest_route=\/wp\/v2\/types\/post"}],"author":[{"embeddable":true,"href":"https:\/\/atecordoba.org\/index.php?rest_route=\/wp\/v2\/users\/3"}],"replies":[{"embeddable":true,"href":"https:\/\/atecordoba.org\/index.php?rest_route=%2Fwp%2Fv2%2Fcomments&post=26925"}],"version-history":[{"count":1,"href":"https:\/\/atecordoba.org\/index.php?rest_route=\/wp\/v2\/posts\/26925\/revisions"}],"predecessor-version":[{"id":26927,"href":"https:\/\/atecordoba.org\/index.php?rest_route=\/wp\/v2\/posts\/26925\/revisions\/26927"}],"wp:featuredmedia":[{"embeddable":true,"href":"https:\/\/atecordoba.org\/index.php?rest_route=\/wp\/v2\/media\/26935"}],"wp:attachment":[{"href":"https:\/\/atecordoba.org\/index.php?rest_route=%2Fwp%2Fv2%2Fmedia&parent=26925"}],"wp:term":[{"taxonomy":"category","embeddable":true,"href":"https:\/\/atecordoba.org\/index.php?rest_route=%2Fwp%2Fv2%2Fcategories&post=26925"},{"taxonomy":"post_tag","embeddable":true,"href":"https:\/\/atecordoba.org\/index.php?rest_route=%2Fwp%2Fv2%2Ftags&post=26925"}],"curies":[{"name":"wp","href":"https:\/\/api.w.org\/{rel}","templated":true}]}}