{"id":26919,"date":"2021-07-28T09:45:00","date_gmt":"2021-07-28T12:45:00","guid":{"rendered":"https:\/\/atecordoba.org\/?p=26919"},"modified":"2021-07-29T12:11:24","modified_gmt":"2021-07-29T15:11:24","slug":"nuevas-medidas-de-fuerza-de-las-y-los-trabajadores-de-la-salud","status":"publish","type":"post","link":"https:\/\/atecordoba.org\/?p=26919","title":{"rendered":"Nuevas medidas de fuerza de las y los trabajadores de la salud"},"content":{"rendered":"\n<p><\/p>\n\n\n\n<p>En di\u00e1logo con <strong>Cadena 3<\/strong>, Hugo Dur\u00e1n, secretario adjunto de ATE, dijo que decidieron recurrir a la medida de fuerza ante <strong>&#8220;la cr\u00edtica situaci\u00f3n salarial y la falta de respuestas del Gobierno de C\u00f3rdoba&#8221;.&nbsp;<\/strong>La multisectorial propuso el 5 de agosto para paro, previo a asambleas masivas en Maternidad Provincial, Hospital de Ni\u00f1os, y el Misericordia, para profundizar el plan de lucha debido a la situaci\u00f3n salarial. Ser\u00e1 en estas instancias en las que se definir\u00e1 fecha y modalidad.<\/p>\n\n\n\n<p>La falta de di\u00e1logo y de respuestas por parte del gobierno lleva a convocar al conjunto de trabajadores y trabajadoras hospitalarios, delegados\/as y dirigentes a lo largo y ancho de la provincia a los fines de profundizar el plan de lucha para instar a un di\u00e1logo sumamente necesario y de una respuesta salarial acorde, ya que es la m\u00e1s baja del pa\u00eds no reconociendo el trabajo de las y los trabajadores de la salud en la pandemia.<\/p>\n\n\n\n<p>La Asociaci\u00f3n de M\u00e9dicos de C\u00f3rdoba y la Multisectorial de Salud convocaron a una asamblea este jueves para <strong>definir un plan de lucha que prevee un nuevo paro provincial, programado para el 5 de agosto.&nbsp;<\/strong><\/p>\n","protected":false},"excerpt":{"rendered":"<p>En di\u00e1logo con Cadena 3, Hugo Dur\u00e1n, secretario adjunto de ATE, dijo que decidieron recurrir a la medida de fuerza ante &#8220;la cr\u00edtica situaci\u00f3n salarial y la falta de respuestas del Gobierno de C\u00f3rdoba&#8221;.&nbsp;La multisectorial propuso el 5 de agosto para paro, previo a asambleas masivas en Maternidad Provincial, Hospital de Ni\u00f1os, y el Misericordia, [&hellip;]<\/p>\n","protected":false},"author":3,"featured_media":26920,"comment_status":"open","ping_status":"open","sticky":false,"template":"","format":"standard","meta":{"_exactmetrics_skip_tracking":false,"_exactmetrics_sitenote_active":false,"_exactmetrics_sitenote_note":"","_exactmetrics_sitenote_category":0,"jnews-multi-image_gallery":[],"jnews_single_post":{"subtitle":"El jueves realizar\u00e1n asambleas y el 5 de agosto un paro provincial. Reclaman mejoras salariales. Seg\u00fan argument\u00f3 el secretario adjunto de ATE, han tenido \"la peor paritaria del pa\u00eds con un 17,5 %\".","format":"standard","video":"","gallery":"","source_name":"","source_url":"","via_name":"","via_url":"","override":[{"single_blog_custom":"","sidebar":"","second_sidebar":"","share_position":"","share_float_style":"","post_date_format":"","post_date_format_custom":"","post_reading_time_wpm":"","zoom_button_out_step":"1","zoom_button_in_step":"1","number_popup_post":"1"}],"image_override":[{"single_post_thumbnail_size":"","single_post_gallery_size":""}],"trending_post_position":"","trending_post_label":"","sponsored_post_label":"","sponsored_post_name":"","sponsored_post_url":"","sponsored_post_logo":"","sponsored_post_desc":""},"jnews_primary_category":{"id":""},"jnews_social_meta":{"fb_title":"","fb_description":"","fb_image":"26920","twitter_title":"","twitter_description":"","twitter_image":""},"jnews_review":[],"enable_review":"","type":"percentage","name":"","summary":"","brand":"","sku":"","good":[{"good_text":""}],"bad":[{"bad_text":""}],"score_override":"","override_value":"","rating":[{"rating_text":"","rating_number":"10"}],"price":[{"shop":"","price":"","link":"","icon":""}],"jnews_override_counter":{"view_counter_number":"0","share_counter_number":"0","like_counter_number":"0","dislike_counter_number":"0"},"jnews_post_split":{"post_split":[{"template":"1","tag":"h2","numbering":"asc","mode":"normal","toc_type":"normal"}]},"footnotes":""},"categories":[1],"tags":[],"class_list":["post-26919","post","type-post","status-publish","format-standard","has-post-thumbnail","hentry","category-sin-categoria"],"jetpack_featured_media_url":"https:\/\/atecordoba.org\/wp-content\/uploads\/2021\/07\/FEED-PLACA-BASE.jpg","_links":{"self":[{"href":"https:\/\/atecordoba.org\/index.php?rest_route=\/wp\/v2\/posts\/26919","targetHints":{"allow":["GET"]}}],"collection":[{"href":"https:\/\/atecordoba.org\/index.php?rest_route=\/wp\/v2\/posts"}],"about":[{"href":"https:\/\/atecordoba.org\/index.php?rest_route=\/wp\/v2\/types\/post"}],"author":[{"embeddable":true,"href":"https:\/\/atecordoba.org\/index.php?rest_route=\/wp\/v2\/users\/3"}],"replies":[{"embeddable":true,"href":"https:\/\/atecordoba.org\/index.php?rest_route=%2Fwp%2Fv2%2Fcomments&post=26919"}],"version-history":[{"count":2,"href":"https:\/\/atecordoba.org\/index.php?rest_route=\/wp\/v2\/posts\/26919\/revisions"}],"predecessor-version":[{"id":26933,"href":"https:\/\/atecordoba.org\/index.php?rest_route=\/wp\/v2\/posts\/26919\/revisions\/26933"}],"wp:featuredmedia":[{"embeddable":true,"href":"https:\/\/atecordoba.org\/index.php?rest_route=\/wp\/v2\/media\/26920"}],"wp:attachment":[{"href":"https:\/\/atecordoba.org\/index.php?rest_route=%2Fwp%2Fv2%2Fmedia&parent=26919"}],"wp:term":[{"taxonomy":"category","embeddable":true,"href":"https:\/\/atecordoba.org\/index.php?rest_route=%2Fwp%2Fv2%2Fcategories&post=26919"},{"taxonomy":"post_tag","embeddable":true,"href":"https:\/\/atecordoba.org\/index.php?rest_route=%2Fwp%2Fv2%2Ftags&post=26919"}],"curies":[{"name":"wp","href":"https:\/\/api.w.org\/{rel}","templated":true}]}}