{"id":26910,"date":"2021-07-27T13:56:41","date_gmt":"2021-07-27T16:56:41","guid":{"rendered":"https:\/\/atecordoba.org\/?p=26910"},"modified":"2021-07-27T13:56:42","modified_gmt":"2021-07-27T16:56:42","slug":"ate-cordoba-se-suma-como-miembro-activo-de-la-red-nacional-intersindical-contra-la-violencia-laboral","status":"publish","type":"post","link":"https:\/\/atecordoba.org\/?p=26910","title":{"rendered":"ATE C\u00f3rdoba se suma como miembro activo de la Red Nacional  Intersindical contra la Violencia Laboral"},"content":{"rendered":"\n<figure class=\"wp-block-image size-large\"><img loading=\"lazy\" decoding=\"async\" width=\"590\" height=\"322\" src=\"https:\/\/atecordoba.org\/wp-content\/uploads\/2021\/07\/image-10.png\" alt=\"\" class=\"wp-image-26912\" srcset=\"https:\/\/atecordoba.org\/wp-content\/uploads\/2021\/07\/image-10.png 590w, https:\/\/atecordoba.org\/wp-content\/uploads\/2021\/07\/image-10-300x164.png 300w\" sizes=\"auto, (max-width: 590px) 100vw, 590px\" \/><\/figure>\n\n\n\n<p>En el presente mes de Julio el CDP de ATE C\u00f3rdoba se incorpora a la Red Nacional Intersindical contra la Violencia y Acoso Laboral.<\/p>\n\n\n\n<p>Este nuevo compromiso que se asume es el resultado de coordinaci\u00f3n y militancia que vienen realizando las compa\u00f1eras y compa\u00f1eros de la conducci\u00f3n del CDP ATE C\u00f3rdoba en promover hac\u00eda adentro y fuera del espacio gremial un \u00e1mbito libre de acoso y violencia tal como lo establece el Convenio 190 de OIT sobre violencia y acoso en el mundo del trabajo y su Recomendaci\u00f3n 206. La Argentina ha ratificado dicho convenio por Ley 27.580 en la Rep\u00fablica Argentina y ha entrado en vigor en el pasado mes de junio.<\/p>\n\n\n\n<p>Asimismo, la participaci\u00f3n en dicho espacio busca tejer redes con otras organizaciones sindicales, potenciar las herramientas de prevenci\u00f3n y atenci\u00f3n del acoso y violencia existentes y generar la contenci\u00f3n, abordaje de esta problem\u00e1tica de manera integral.<\/p>\n\n\n\n<p>La decisi\u00f3n del Secretario General, Federico Giuliani en involucrar a ATE C\u00f3rdoba en toda iniciativa que permita la promoci\u00f3n de derechos y la defensa de los y las trabajadoras Estatales ha sido una constante en \u00e9stos casi dos a\u00f1os de gesti\u00f3n. De esta manera, cu\u00e1ndo se le propuso asumir un nuevo compromiso y desaf\u00edo, no dud\u00f3 en apoyar.<\/p>\n\n\n\n<p>El Departamento de G\u00e9neros y Diversidades del CDP de ATE C\u00f3rdoba, en la figura de una de sus directoras, Mar\u00eda Sotti ha promovido la incorporaci\u00f3n de ATE C\u00f3rdoba c\u00f3mo miembro activo de la Red Nacional Intersindical contra la Violencia Laboral. De esta manera, el pasado martes 20 de julio, se participio de la Plenaria Intersindical que se realiz\u00f3 por Zoom donde se debatieron sobre las acciones que se est\u00e1n desarrollando como Red, sobre todo en la encuesta de Violencia laboral que se est\u00e1 haciendo de manera conjunta con la Universidad Nacional de Avellaneda, la OIT y el Ministerio de Trabajo, Empleo y Seguridad Social de la Naci\u00f3n. Tambi\u00e9n se defini\u00f3 una agenda de trabajo para el segundo semestre estableciendo el trabajo en comisiones para operativizar el trabajo de la agenda planteada. As\u00ed se arm\u00f3 un grupo que va estar a cargo de la organizaci\u00f3n del Congreso Internacional sobre Violencia Laboral que se realizar\u00e1 del 20 a 22 de octubre, otro grupo a cargo del estudio y elaboraci\u00f3n de propuesta a los proyectos de Ley sobre Violencia Laboral ya existentes y ser\u00eda importante que como red estemos haciendo un aporte; y un grupo vinculado a la participaci\u00f3n de la Red en el Congreso organizado por el Ministerio de la Mujer de la provincia de Buenos Aires en el marco del 25 de Noviembre, D\u00eda Internacional de la Eliminaci\u00f3n de las Violencias contra las mujeres. En este \u00faltimo grupo se ha involucrado ATE C\u00f3rdoba.<\/p>\n\n\n\n<figure class=\"wp-block-image size-large\"><img loading=\"lazy\" decoding=\"async\" width=\"590\" height=\"319\" src=\"https:\/\/atecordoba.org\/wp-content\/uploads\/2021\/07\/image-11.png\" alt=\"\" class=\"wp-image-26913\" srcset=\"https:\/\/atecordoba.org\/wp-content\/uploads\/2021\/07\/image-11.png 590w, https:\/\/atecordoba.org\/wp-content\/uploads\/2021\/07\/image-11-300x162.png 300w\" sizes=\"auto, (max-width: 590px) 100vw, 590px\" \/><\/figure>\n\n\n\n<p>Por \u00faltimo, se est\u00e1 avanzando hacia el interior del sindicato con la creaci\u00f3n de una Coordinaci\u00f3n en Violencia Laboral dependiente del Departamento de G\u00e9neros y Diversidades, cuyo equipo se encargar\u00e1 de recepcionar y atender las situaciones de acoso y violencia laboral que tengan los afiliados y afiliadas en sus \u00e1mbitos laborales. En unos d\u00edas se har\u00e1 la presentaci\u00f3n oficial y se podr\u00e1 tomar conocimiento del equipo de trabajo que estar\u00e1 a cargo y conocer los medios para plantear situaciones de acoso y violencia. Se trata de un logro para toda la organizaci\u00f3n pero sobre todo para el conjunto de trabajadores afiliades en ATE C\u00f3rdoba.<\/p>\n","protected":false},"excerpt":{"rendered":"<p>En el presente mes de Julio el CDP de ATE C\u00f3rdoba se incorpora a la Red Nacional Intersindical contra la Violencia y Acoso Laboral. Este nuevo compromiso que se asume es el resultado de coordinaci\u00f3n y militancia que vienen realizando las compa\u00f1eras y compa\u00f1eros de la conducci\u00f3n del CDP ATE C\u00f3rdoba en promover hac\u00eda adentro [&hellip;]<\/p>\n","protected":false},"author":3,"featured_media":26911,"comment_status":"open","ping_status":"open","sticky":false,"template":"","format":"standard","meta":{"_exactmetrics_skip_tracking":false,"_exactmetrics_sitenote_active":false,"_exactmetrics_sitenote_note":"","_exactmetrics_sitenote_category":0,"jnews-multi-image_gallery":[],"jnews_single_post":{"subtitle":"","format":"standard","video":"","gallery":"","source_name":"","source_url":"","via_name":"","via_url":"","override":[{"single_blog_custom":"","sidebar":"","second_sidebar":"","share_position":"","share_float_style":"","post_date_format":"","post_date_format_custom":"","post_reading_time_wpm":"","zoom_button_out_step":"1","zoom_button_in_step":"1","number_popup_post":"1"}],"image_override":[{"single_post_thumbnail_size":"","single_post_gallery_size":""}],"trending_post_position":"","trending_post_label":"","sponsored_post_label":"","sponsored_post_name":"","sponsored_post_url":"","sponsored_post_logo":"","sponsored_post_desc":""},"jnews_primary_category":{"id":""},"jnews_social_meta":{"fb_title":"","fb_description":"","fb_image":"","twitter_title":"","twitter_description":"","twitter_image":""},"jnews_review":[],"enable_review":"","type":"percentage","name":"","summary":"","brand":"","sku":"","good":[{"good_text":""}],"bad":[{"bad_text":""}],"score_override":"","override_value":"","rating":[{"rating_text":"","rating_number":"10"}],"price":[{"shop":"","price":"","link":"","icon":""}],"jnews_override_counter":{"view_counter_number":"0","share_counter_number":"0","like_counter_number":"0","dislike_counter_number":"0"},"jnews_post_split":{"post_split":[{"template":"1","tag":"h2","numbering":"asc","mode":"normal","toc_type":"normal"}]},"footnotes":""},"categories":[10,341,325],"tags":[],"class_list":["post-26910","post","type-post","status-publish","format-standard","has-post-thumbnail","hentry","category-accion-politica","category-cdp","category-generos-y-diversidades"],"jetpack_featured_media_url":"https:\/\/atecordoba.org\/wp-content\/uploads\/2021\/07\/Plenaria-Intersindical-1.jpg","_links":{"self":[{"href":"https:\/\/atecordoba.org\/index.php?rest_route=\/wp\/v2\/posts\/26910","targetHints":{"allow":["GET"]}}],"collection":[{"href":"https:\/\/atecordoba.org\/index.php?rest_route=\/wp\/v2\/posts"}],"about":[{"href":"https:\/\/atecordoba.org\/index.php?rest_route=\/wp\/v2\/types\/post"}],"author":[{"embeddable":true,"href":"https:\/\/atecordoba.org\/index.php?rest_route=\/wp\/v2\/users\/3"}],"replies":[{"embeddable":true,"href":"https:\/\/atecordoba.org\/index.php?rest_route=%2Fwp%2Fv2%2Fcomments&post=26910"}],"version-history":[{"count":1,"href":"https:\/\/atecordoba.org\/index.php?rest_route=\/wp\/v2\/posts\/26910\/revisions"}],"predecessor-version":[{"id":26914,"href":"https:\/\/atecordoba.org\/index.php?rest_route=\/wp\/v2\/posts\/26910\/revisions\/26914"}],"wp:featuredmedia":[{"embeddable":true,"href":"https:\/\/atecordoba.org\/index.php?rest_route=\/wp\/v2\/media\/26911"}],"wp:attachment":[{"href":"https:\/\/atecordoba.org\/index.php?rest_route=%2Fwp%2Fv2%2Fmedia&parent=26910"}],"wp:term":[{"taxonomy":"category","embeddable":true,"href":"https:\/\/atecordoba.org\/index.php?rest_route=%2Fwp%2Fv2%2Fcategories&post=26910"},{"taxonomy":"post_tag","embeddable":true,"href":"https:\/\/atecordoba.org\/index.php?rest_route=%2Fwp%2Fv2%2Ftags&post=26910"}],"curies":[{"name":"wp","href":"https:\/\/api.w.org\/{rel}","templated":true}]}}