{"id":2691,"date":"2013-05-14T17:18:02","date_gmt":"2013-05-14T20:18:02","guid":{"rendered":"http:\/\/www.atecordoba.org\/?p=2691"},"modified":"2013-05-14T17:18:02","modified_gmt":"2013-05-14T20:18:02","slug":"repudio-por-la-detencion-de-cinco-delegados-en-provincia-de-buenos-aires","status":"publish","type":"post","link":"https:\/\/atecordoba.org\/?p=2691","title":{"rendered":"Repudio por la detenci\u00f3n de cinco delegados en provincia de Buenos Aires"},"content":{"rendered":"<p><em>ATE C\u00f3rdoba repudia la detenci\u00f3n por parte de la polic\u00eda bonaerense de cinco delegados de nuestra organizaci\u00f3n y se solidariza con los compa\u00f1eros de la Provincia de Buenos Aires.<\/em><\/p>\n<p><a href=\"http:\/\/www.atecordoba.org\/wp-content\/uploads\/2013\/05\/logo-ATE-bs-as1.jpg\"><img loading=\"lazy\" decoding=\"async\" class=\"aligncenter size-full wp-image-2693\" title=\"logo ATE bs as\" src=\"http:\/\/www.atecordoba.org\/wp-content\/uploads\/2013\/05\/logo-ATE-bs-as1.jpg\" alt=\"\" width=\"970\" height=\"155\" \/><\/a><\/p>\n<div>Se trata de un escal\u00f3n m\u00e1s en la criminalizaci\u00f3n de la protesta, ya que estos compa\u00f1eros sufrieron la detenci\u00f3n por su actividad gremial, a manos del gobierno de Daniel Scioli, que expresa as\u00ed su autoritarismo y falta de respeto por la democracia en las relaciones laborales dentro del Estado provincial.<\/div>\n<div><\/div>\n<div>De la misma manera, se insta a la justicia a liberar inmediatamente a los compa\u00f1eros para garantizar la continuidad de la representaci\u00f3n sindical de los trabajadores de la Direcci\u00f3n General de Cultura y Educaci\u00f3n de dicha provincia.<\/div>\n<div>\n<div><\/div>\n<div>Mar\u00eda Teresa Romero<\/div>\n<div>Secretaria General<\/div>\n<div>ATE C\u00f3rdoba<\/div>\n<\/div>\n<div><\/div>\n<p>&nbsp;<\/p>\n","protected":false},"excerpt":{"rendered":"<p>ATE C\u00f3rdoba repudia la detenci\u00f3n por parte de la polic\u00eda bonaerense de cinco delegados de nuestra organizaci\u00f3n y se solidariza con los compa\u00f1eros de la Provincia de Buenos Aires. Se trata de un escal\u00f3n m\u00e1s en la criminalizaci\u00f3n de la protesta, ya que estos compa\u00f1eros sufrieron la detenci\u00f3n por su actividad gremial, a manos del [&hellip;]<\/p>\n","protected":false},"author":1,"featured_media":19220,"comment_status":"open","ping_status":"open","sticky":false,"template":"","format":"standard","meta":{"_exactmetrics_skip_tracking":false,"_exactmetrics_sitenote_active":false,"_exactmetrics_sitenote_note":"","_exactmetrics_sitenote_category":0,"jnews-multi-image_gallery":[],"jnews_single_post":[],"jnews_primary_category":[],"jnews_social_meta":[],"jnews_review":[],"enable_review":"","type":"","name":"","summary":"","brand":"","sku":"","good":[],"bad":[],"score_override":"","override_value":"","rating":[],"price":[],"jnews_override_counter":[],"jnews_post_split":[],"footnotes":""},"categories":[18],"tags":[],"class_list":["post-2691","post","type-post","status-publish","format-standard","has-post-thumbnail","hentry","category-nacionales"],"jetpack_featured_media_url":"https:\/\/atecordoba.org\/wp-content\/uploads\/2020\/05\/logo-nuevochico-e1561581322808.png","_links":{"self":[{"href":"https:\/\/atecordoba.org\/index.php?rest_route=\/wp\/v2\/posts\/2691","targetHints":{"allow":["GET"]}}],"collection":[{"href":"https:\/\/atecordoba.org\/index.php?rest_route=\/wp\/v2\/posts"}],"about":[{"href":"https:\/\/atecordoba.org\/index.php?rest_route=\/wp\/v2\/types\/post"}],"author":[{"embeddable":true,"href":"https:\/\/atecordoba.org\/index.php?rest_route=\/wp\/v2\/users\/1"}],"replies":[{"embeddable":true,"href":"https:\/\/atecordoba.org\/index.php?rest_route=%2Fwp%2Fv2%2Fcomments&post=2691"}],"version-history":[{"count":0,"href":"https:\/\/atecordoba.org\/index.php?rest_route=\/wp\/v2\/posts\/2691\/revisions"}],"wp:featuredmedia":[{"embeddable":true,"href":"https:\/\/atecordoba.org\/index.php?rest_route=\/wp\/v2\/media\/19220"}],"wp:attachment":[{"href":"https:\/\/atecordoba.org\/index.php?rest_route=%2Fwp%2Fv2%2Fmedia&parent=2691"}],"wp:term":[{"taxonomy":"category","embeddable":true,"href":"https:\/\/atecordoba.org\/index.php?rest_route=%2Fwp%2Fv2%2Fcategories&post=2691"},{"taxonomy":"post_tag","embeddable":true,"href":"https:\/\/atecordoba.org\/index.php?rest_route=%2Fwp%2Fv2%2Ftags&post=2691"}],"curies":[{"name":"wp","href":"https:\/\/api.w.org\/{rel}","templated":true}]}}