{"id":26905,"date":"2021-07-27T13:43:47","date_gmt":"2021-07-27T16:43:47","guid":{"rendered":"https:\/\/atecordoba.org\/?p=26905"},"modified":"2021-07-27T14:13:27","modified_gmt":"2021-07-27T17:13:27","slug":"posible-paro-provincial-en-salud","status":"publish","type":"post","link":"https:\/\/atecordoba.org\/?p=26905","title":{"rendered":"Jueves 29 de julio Asamblea de Hospitales en la Maternidad Provincial"},"content":{"rendered":"\n<figure class=\"wp-block-image size-large\"><img decoding=\"async\" src=\"https:\/\/atecordoba.org\/wp-content\/uploads\/2021\/04\/heroes.jpeg\" alt=\"\"\/><\/figure>\n\n\n\n<p>Ante la critica situaci\u00f3n salarial y la falta de respuesta del gobierno de C\u00f3rdoba, la Multisectorial de Salud ha definido una Asamblea Masiva de Hospitales con sede en la Maternidad Provincial para el pr\u00f3ximo jueves 29 de julio a las 10hs con el claro objetivo de profundizar el plan de lucha y dicha asamblea participaran dirigentes de la Multisectorial, referentes y delegados\/as de todos los hospitales de C\u00f3rdoba Capital. En dicha asamblea se leer\u00e1 la <strong>propuesta tentativa de un Paro Provincial en Salud para el d\u00eda jueves 5 de Agosto.<\/strong> <\/p>\n\n\n\n<p>Quedando de esta manera los hospitales facultados para realizar asambleas y determinar en las mismas la ratificaci\u00f3n o rectificaci\u00f3n de la fecha tentativa de Paro y la modalidad de la medida de fuerza, que busca realizarse de manera conjunta en todos los hospitales de la provincia de C\u00f3rdoba.<\/p>\n\n\n\n<p><strong>Comunicado: <\/strong><\/p>\n\n\n<a href=\"https:\/\/atecordoba.org\/wp-content\/uploads\/2021\/07\/cordoba.pdf\" class=\"pdfemb-viewer\" style=\"\" data-width=\"max\" data-height=\"max\" data-toolbar=\"bottom\" data-toolbar-fixed=\"off\">cordoba<\/a>\n<p class=\"wp-block-pdfemb-pdf-embedder-viewer\"><\/p>\n\n\n\n<p><\/p>\n","protected":false},"excerpt":{"rendered":"<p>Ante la critica situaci\u00f3n salarial y la falta de respuesta del gobierno de C\u00f3rdoba, la Multisectorial de Salud ha definido una Asamblea Masiva de Hospitales con sede en la Maternidad Provincial para el pr\u00f3ximo jueves 29 de julio a las 10hs con el claro objetivo de profundizar el plan de lucha y dicha asamblea participaran [&hellip;]<\/p>\n","protected":false},"author":3,"featured_media":26918,"comment_status":"open","ping_status":"open","sticky":false,"template":"","format":"standard","meta":{"_exactmetrics_skip_tracking":false,"_exactmetrics_sitenote_active":false,"_exactmetrics_sitenote_note":"","_exactmetrics_sitenote_category":0,"jnews-multi-image_gallery":[],"jnews_single_post":{"subtitle":"","format":"standard","video":"","gallery":"","source_name":"","source_url":"","via_name":"","via_url":"","override":[{"single_blog_custom":"","sidebar":"","second_sidebar":"","share_position":"","share_float_style":"","post_date_format":"","post_date_format_custom":"","post_reading_time_wpm":"","zoom_button_out_step":"1","zoom_button_in_step":"1","number_popup_post":"1"}],"image_override":[{"single_post_thumbnail_size":"","single_post_gallery_size":""}],"trending_post_position":"","trending_post_label":"","sponsored_post_label":"","sponsored_post_name":"","sponsored_post_url":"","sponsored_post_logo":"","sponsored_post_desc":""},"jnews_primary_category":{"id":""},"jnews_social_meta":{"fb_title":"","fb_description":"","fb_image":"","twitter_title":"","twitter_description":"","twitter_image":""},"jnews_review":[],"enable_review":"","type":"percentage","name":"","summary":"","brand":"","sku":"","good":[{"good_text":""}],"bad":[{"bad_text":""}],"score_override":"","override_value":"","rating":[{"rating_text":"","rating_number":"10"}],"price":[{"shop":"","price":"","link":"","icon":""}],"jnews_override_counter":{"view_counter_number":"0","share_counter_number":"0","like_counter_number":"0","dislike_counter_number":"0"},"jnews_post_split":{"post_split":[{"template":"1","tag":"h2","numbering":"asc","mode":"normal","toc_type":"normal"}]},"footnotes":""},"categories":[53,8,102],"tags":[],"class_list":["post-26905","post","type-post","status-publish","format-standard","has-post-thumbnail","hentry","category-comunicados-de-prensa","category-provinciales","category-salud-2"],"jetpack_featured_media_url":"https:\/\/atecordoba.org\/wp-content\/uploads\/2021\/07\/heroes.jpeg","_links":{"self":[{"href":"https:\/\/atecordoba.org\/index.php?rest_route=\/wp\/v2\/posts\/26905","targetHints":{"allow":["GET"]}}],"collection":[{"href":"https:\/\/atecordoba.org\/index.php?rest_route=\/wp\/v2\/posts"}],"about":[{"href":"https:\/\/atecordoba.org\/index.php?rest_route=\/wp\/v2\/types\/post"}],"author":[{"embeddable":true,"href":"https:\/\/atecordoba.org\/index.php?rest_route=\/wp\/v2\/users\/3"}],"replies":[{"embeddable":true,"href":"https:\/\/atecordoba.org\/index.php?rest_route=%2Fwp%2Fv2%2Fcomments&post=26905"}],"version-history":[{"count":4,"href":"https:\/\/atecordoba.org\/index.php?rest_route=\/wp\/v2\/posts\/26905\/revisions"}],"predecessor-version":[{"id":26916,"href":"https:\/\/atecordoba.org\/index.php?rest_route=\/wp\/v2\/posts\/26905\/revisions\/26916"}],"wp:featuredmedia":[{"embeddable":true,"href":"https:\/\/atecordoba.org\/index.php?rest_route=\/wp\/v2\/media\/26918"}],"wp:attachment":[{"href":"https:\/\/atecordoba.org\/index.php?rest_route=%2Fwp%2Fv2%2Fmedia&parent=26905"}],"wp:term":[{"taxonomy":"category","embeddable":true,"href":"https:\/\/atecordoba.org\/index.php?rest_route=%2Fwp%2Fv2%2Fcategories&post=26905"},{"taxonomy":"post_tag","embeddable":true,"href":"https:\/\/atecordoba.org\/index.php?rest_route=%2Fwp%2Fv2%2Ftags&post=26905"}],"curies":[{"name":"wp","href":"https:\/\/api.w.org\/{rel}","templated":true}]}}