{"id":26902,"date":"2021-07-23T20:26:40","date_gmt":"2021-07-23T23:26:40","guid":{"rendered":"https:\/\/atecordoba.org\/?p=26902"},"modified":"2021-07-23T20:26:42","modified_gmt":"2021-07-23T23:26:42","slug":"reunion-con-paritarios-de-la-fabrica-militar-rio-tercero","status":"publish","type":"post","link":"https:\/\/atecordoba.org\/?p=26902","title":{"rendered":"Reuni\u00f3n con Paritarios de la F\u00e1brica Militar R\u00edo Tercero"},"content":{"rendered":"\n<figure class=\"wp-block-image size-large\"><img loading=\"lazy\" decoding=\"async\" width=\"1024\" height=\"576\" src=\"https:\/\/atecordoba.org\/wp-content\/uploads\/2021\/07\/image-9-1024x576.png\" alt=\"\" class=\"wp-image-26903\" srcset=\"https:\/\/atecordoba.org\/wp-content\/uploads\/2021\/07\/image-9-1024x576.png 1024w, https:\/\/atecordoba.org\/wp-content\/uploads\/2021\/07\/image-9-300x169.png 300w, https:\/\/atecordoba.org\/wp-content\/uploads\/2021\/07\/image-9-768x432.png 768w, https:\/\/atecordoba.org\/wp-content\/uploads\/2021\/07\/image-9-750x422.png 750w, https:\/\/atecordoba.org\/wp-content\/uploads\/2021\/07\/image-9-1140x641.png 1140w, https:\/\/atecordoba.org\/wp-content\/uploads\/2021\/07\/image-9.png 1440w\" sizes=\"auto, (max-width: 1024px) 100vw, 1024px\" \/><\/figure>\n\n\n\n<p>El Secretario General de ATE C\u00f3rdoba, Federico Giuliani, estuvo reunido en la Sede del Consejo Directivo Provincial (CDP) del sindicato con dirigentes de R\u00edo Tercero.<\/p>\n\n\n\n<p>\u201cEstuvimos reunidos junto a nuestros Paritarios de la F\u00e1brica Militar de R\u00edo Tercero, Emanuel Mari\u00f1o y Alexander Cabrera, junto al Secretario Gremial de la Seccional de ATE en esa ciudad, David Salto&nbsp;y el Secretario de Organizaci\u00f3n Juan Baz\u00e1n\u201d, poste\u00f3 Giuliani en su sitio de Facebook.<\/p>\n\n\n\n<p>\u201cMe acompa\u00f1\u00f3 el Secretario de Formaci\u00f3n del CDP, C\u00e9sar Teaux. Intercambiamos puntos de vista sobre el presente de nuestro sindicato en el territorio y los avances que se est\u00e1n teniendo en la conformaci\u00f3n del Convenio Colectivo Sectorial de Fabricaciones Militares\u201d, finaliz\u00f3 el dirigente riocuartense.<\/p>\n","protected":false},"excerpt":{"rendered":"<p>El Secretario General de ATE C\u00f3rdoba, Federico Giuliani, estuvo reunido en la Sede del Consejo Directivo Provincial (CDP) del sindicato con dirigentes de R\u00edo Tercero. \u201cEstuvimos reunidos junto a nuestros Paritarios de la F\u00e1brica Militar de R\u00edo Tercero, Emanuel Mari\u00f1o y Alexander Cabrera, junto al Secretario Gremial de la Seccional de ATE en esa ciudad, [&hellip;]<\/p>\n","protected":false},"author":3,"featured_media":26903,"comment_status":"open","ping_status":"open","sticky":false,"template":"","format":"standard","meta":{"_exactmetrics_skip_tracking":false,"_exactmetrics_sitenote_active":false,"_exactmetrics_sitenote_note":"","_exactmetrics_sitenote_category":0,"jnews-multi-image_gallery":[],"jnews_single_post":{"subtitle":"","format":"standard","video":"","gallery":"","source_name":"","source_url":"","via_name":"","via_url":"","override":[{"single_blog_custom":"","sidebar":"","second_sidebar":"","share_position":"","share_float_style":"","post_date_format":"","post_date_format_custom":"","post_reading_time_wpm":"","zoom_button_out_step":"1","zoom_button_in_step":"1","number_popup_post":"1"}],"image_override":[{"single_post_thumbnail_size":"","single_post_gallery_size":""}],"trending_post_position":"","trending_post_label":"","sponsored_post_label":"","sponsored_post_name":"","sponsored_post_url":"","sponsored_post_logo":"","sponsored_post_desc":""},"jnews_primary_category":{"id":""},"jnews_social_meta":{"fb_title":"","fb_description":"","fb_image":"","twitter_title":"","twitter_description":"","twitter_image":""},"jnews_review":[],"enable_review":"","type":"percentage","name":"","summary":"","brand":"","sku":"","good":[{"good_text":""}],"bad":[{"bad_text":""}],"score_override":"","override_value":"","rating":[{"rating_text":"","rating_number":"10"}],"price":[{"shop":"","price":"","link":"","icon":""}],"jnews_override_counter":{"view_counter_number":"0","share_counter_number":"0","like_counter_number":"0","dislike_counter_number":"0"},"jnews_post_split":{"post_split":[{"template":"1","tag":"h2","numbering":"asc","mode":"normal","toc_type":"normal"}]},"footnotes":""},"categories":[17,18,13],"tags":[],"class_list":["post-26902","post","type-post","status-publish","format-standard","has-post-thumbnail","hentry","category-fabricaciones-militares","category-nacionales","category-rio-tercero"],"jetpack_featured_media_url":"https:\/\/atecordoba.org\/wp-content\/uploads\/2021\/07\/image-9.png","_links":{"self":[{"href":"https:\/\/atecordoba.org\/index.php?rest_route=\/wp\/v2\/posts\/26902","targetHints":{"allow":["GET"]}}],"collection":[{"href":"https:\/\/atecordoba.org\/index.php?rest_route=\/wp\/v2\/posts"}],"about":[{"href":"https:\/\/atecordoba.org\/index.php?rest_route=\/wp\/v2\/types\/post"}],"author":[{"embeddable":true,"href":"https:\/\/atecordoba.org\/index.php?rest_route=\/wp\/v2\/users\/3"}],"replies":[{"embeddable":true,"href":"https:\/\/atecordoba.org\/index.php?rest_route=%2Fwp%2Fv2%2Fcomments&post=26902"}],"version-history":[{"count":1,"href":"https:\/\/atecordoba.org\/index.php?rest_route=\/wp\/v2\/posts\/26902\/revisions"}],"predecessor-version":[{"id":26904,"href":"https:\/\/atecordoba.org\/index.php?rest_route=\/wp\/v2\/posts\/26902\/revisions\/26904"}],"wp:featuredmedia":[{"embeddable":true,"href":"https:\/\/atecordoba.org\/index.php?rest_route=\/wp\/v2\/media\/26903"}],"wp:attachment":[{"href":"https:\/\/atecordoba.org\/index.php?rest_route=%2Fwp%2Fv2%2Fmedia&parent=26902"}],"wp:term":[{"taxonomy":"category","embeddable":true,"href":"https:\/\/atecordoba.org\/index.php?rest_route=%2Fwp%2Fv2%2Fcategories&post=26902"},{"taxonomy":"post_tag","embeddable":true,"href":"https:\/\/atecordoba.org\/index.php?rest_route=%2Fwp%2Fv2%2Ftags&post=26902"}],"curies":[{"name":"wp","href":"https:\/\/api.w.org\/{rel}","templated":true}]}}