{"id":26883,"date":"2021-07-22T20:16:06","date_gmt":"2021-07-22T23:16:06","guid":{"rendered":"https:\/\/atecordoba.org\/?p=26883"},"modified":"2021-07-22T20:22:02","modified_gmt":"2021-07-22T23:22:02","slug":"en-villa-carlos-paz-ate-convoco-a-la-unidad","status":"publish","type":"post","link":"https:\/\/atecordoba.org\/?p=26883","title":{"rendered":"En Villa Carlos Paz ATE convoc\u00f3 a la unidad"},"content":{"rendered":"\n<p>El pasado 21 de julio, ATE realiz\u00f3 una reuni\u00f3n en su sede sindical de Villa Carlos Paz<\/p>\n\n\n\n<figure class=\"wp-block-image size-large\"><img loading=\"lazy\" decoding=\"async\" width=\"1024\" height=\"768\" src=\"https:\/\/atecordoba.org\/wp-content\/uploads\/2021\/07\/image-1024x768.png\" alt=\"\" class=\"wp-image-26885\" srcset=\"https:\/\/atecordoba.org\/wp-content\/uploads\/2021\/07\/image-1024x768.png 1024w, https:\/\/atecordoba.org\/wp-content\/uploads\/2021\/07\/image-300x225.png 300w, https:\/\/atecordoba.org\/wp-content\/uploads\/2021\/07\/image-768x576.png 768w, https:\/\/atecordoba.org\/wp-content\/uploads\/2021\/07\/image-1536x1152.png 1536w, https:\/\/atecordoba.org\/wp-content\/uploads\/2021\/07\/image-750x563.png 750w, https:\/\/atecordoba.org\/wp-content\/uploads\/2021\/07\/image-1140x855.png 1140w, https:\/\/atecordoba.org\/wp-content\/uploads\/2021\/07\/image.png 1600w\" sizes=\"auto, (max-width: 1024px) 100vw, 1024px\" \/><\/figure>\n\n\n\n<p><br>A esta instancia se convoc\u00f3 a Jos\u00e9 Altamirano Secretario General del Sindicato de Trabajadores Municipales (STM) y a Gustavo Vald\u00e9s Secretario General de SIPOS (Sindicato Personal de Obras Sanitarias).<br>Al convite solo Sipos asisti\u00f3 y un conjunto de trabajadores y trabajadoras municipales de diferentes sectores.<br>Hugo Dur\u00e1n, Secretario General Adjunto dio el puntapi\u00e9: &#8220;ante los avances de las pol\u00edticas precarizadoras impulsadas por el intendente Daniel G\u00f3mez Gesteira desde el Municipio de Villa Carlos Paz, convocamos para abordar los diferentes perjuicios que se vienen cometiendo: precarizaci\u00f3n laboral, sanciones, incumplimiento en los salarios y en la provisi\u00f3n de herramientas. Consideramos que es hora de la unidad para dar pelea&#8221;.<\/p>\n\n\n\n<p><br>C\u00e9sar Theaux y Julia Giuliani, parte del Consejo Directivo Provincial tambi\u00e9n se hicieron presentes, mantuviendo luego, audiencias con dos de las y los candidatos a defensores del pueblo: Gabriela Colombres y Rodrigo Serna.<\/p>\n\n\n\n<figure class=\"wp-block-image size-large\"><img loading=\"lazy\" decoding=\"async\" width=\"1024\" height=\"768\" src=\"https:\/\/atecordoba.org\/wp-content\/uploads\/2021\/07\/image-3-1024x768.png\" alt=\"\" class=\"wp-image-26892\" srcset=\"https:\/\/atecordoba.org\/wp-content\/uploads\/2021\/07\/image-3-1024x768.png 1024w, https:\/\/atecordoba.org\/wp-content\/uploads\/2021\/07\/image-3-300x225.png 300w, https:\/\/atecordoba.org\/wp-content\/uploads\/2021\/07\/image-3-768x576.png 768w, https:\/\/atecordoba.org\/wp-content\/uploads\/2021\/07\/image-3-1536x1152.png 1536w, https:\/\/atecordoba.org\/wp-content\/uploads\/2021\/07\/image-3-750x563.png 750w, https:\/\/atecordoba.org\/wp-content\/uploads\/2021\/07\/image-3-1140x855.png 1140w, https:\/\/atecordoba.org\/wp-content\/uploads\/2021\/07\/image-3.png 1600w\" sizes=\"auto, (max-width: 1024px) 100vw, 1024px\" \/><\/figure>\n\n\n\n<p><br>Seguimos creciendo y consolidandolos en Punilla.<\/p>\n","protected":false},"excerpt":{"rendered":"<p>El pasado 21 de julio, ATE realiz\u00f3 una reuni\u00f3n en su sede sindical de Villa Carlos Paz A esta instancia se convoc\u00f3 a Jos\u00e9 Altamirano Secretario General del Sindicato de Trabajadores Municipales (STM) y a Gustavo Vald\u00e9s Secretario General de SIPOS (Sindicato Personal de Obras Sanitarias).Al convite solo Sipos asisti\u00f3 y un conjunto de trabajadores [&hellip;]<\/p>\n","protected":false},"author":3,"featured_media":26884,"comment_status":"open","ping_status":"open","sticky":false,"template":"","format":"standard","meta":{"_exactmetrics_skip_tracking":false,"_exactmetrics_sitenote_active":false,"_exactmetrics_sitenote_note":"","_exactmetrics_sitenote_category":0,"jnews-multi-image_gallery":[],"jnews_single_post":{"subtitle":"","format":"standard","video":"","gallery":"","source_name":"","source_url":"","via_name":"","via_url":"","override":[{"single_blog_custom":"","sidebar":"","second_sidebar":"","share_position":"","share_float_style":"","post_date_format":"","post_date_format_custom":"","post_reading_time_wpm":"","zoom_button_out_step":"1","zoom_button_in_step":"1","number_popup_post":"1"}],"image_override":[{"single_post_thumbnail_size":"","single_post_gallery_size":""}],"trending_post_position":"","trending_post_label":"","sponsored_post_label":"","sponsored_post_name":"","sponsored_post_url":"","sponsored_post_logo":"","sponsored_post_desc":""},"jnews_primary_category":{"id":""},"jnews_social_meta":{"fb_title":"","fb_description":"","fb_image":"","twitter_title":"","twitter_description":"","twitter_image":""},"jnews_review":[],"enable_review":"","type":"percentage","name":"","summary":"","brand":"","sku":"","good":[{"good_text":""}],"bad":[{"bad_text":""}],"score_override":"","override_value":"","rating":[{"rating_text":"","rating_number":"10"}],"price":[{"shop":"","price":"","link":"","icon":""}],"jnews_override_counter":{"view_counter_number":"0","share_counter_number":"0","like_counter_number":"0","dislike_counter_number":"0"},"jnews_post_split":{"post_split":[{"template":"1","tag":"h2","numbering":"asc","mode":"normal","toc_type":"normal"}]},"footnotes":""},"categories":[10,341,20],"tags":[],"class_list":["post-26883","post","type-post","status-publish","format-standard","has-post-thumbnail","hentry","category-accion-politica","category-cdp","category-municipales"],"jetpack_featured_media_url":"https:\/\/atecordoba.org\/wp-content\/uploads\/2021\/07\/ATE-VCP-1.jpeg","_links":{"self":[{"href":"https:\/\/atecordoba.org\/index.php?rest_route=\/wp\/v2\/posts\/26883","targetHints":{"allow":["GET"]}}],"collection":[{"href":"https:\/\/atecordoba.org\/index.php?rest_route=\/wp\/v2\/posts"}],"about":[{"href":"https:\/\/atecordoba.org\/index.php?rest_route=\/wp\/v2\/types\/post"}],"author":[{"embeddable":true,"href":"https:\/\/atecordoba.org\/index.php?rest_route=\/wp\/v2\/users\/3"}],"replies":[{"embeddable":true,"href":"https:\/\/atecordoba.org\/index.php?rest_route=%2Fwp%2Fv2%2Fcomments&post=26883"}],"version-history":[{"count":4,"href":"https:\/\/atecordoba.org\/index.php?rest_route=\/wp\/v2\/posts\/26883\/revisions"}],"predecessor-version":[{"id":26895,"href":"https:\/\/atecordoba.org\/index.php?rest_route=\/wp\/v2\/posts\/26883\/revisions\/26895"}],"wp:featuredmedia":[{"embeddable":true,"href":"https:\/\/atecordoba.org\/index.php?rest_route=\/wp\/v2\/media\/26884"}],"wp:attachment":[{"href":"https:\/\/atecordoba.org\/index.php?rest_route=%2Fwp%2Fv2%2Fmedia&parent=26883"}],"wp:term":[{"taxonomy":"category","embeddable":true,"href":"https:\/\/atecordoba.org\/index.php?rest_route=%2Fwp%2Fv2%2Fcategories&post=26883"},{"taxonomy":"post_tag","embeddable":true,"href":"https:\/\/atecordoba.org\/index.php?rest_route=%2Fwp%2Fv2%2Ftags&post=26883"}],"curies":[{"name":"wp","href":"https:\/\/api.w.org\/{rel}","templated":true}]}}