{"id":26880,"date":"2021-07-22T20:04:11","date_gmt":"2021-07-22T23:04:11","guid":{"rendered":"https:\/\/atecordoba.org\/?p=26880"},"modified":"2021-07-22T20:04:13","modified_gmt":"2021-07-22T23:04:13","slug":"la-seccional-de-ate-rio-cuarto-junto-a-otras-organizaciones-consideran-alarmante-la-situacion-de-senaf","status":"publish","type":"post","link":"https:\/\/atecordoba.org\/?p=26880","title":{"rendered":"La Seccional de ATE R\u00edo Cuarto junto a otras organizaciones consideran alarmante la situaci\u00f3n de SENAF"},"content":{"rendered":"\n<figure class=\"wp-block-image\"><img decoding=\"async\" src=\"https:\/\/images.lavoz.com.ar\/resizer\/mD_oJ-DAUTt_mSZ6Vcey4oeA20g=\/1023x682\/smart\/cloudfront-us-east-1.images.arcpublishing.com\/grupoclarin\/3AI67CPI2BHEJL64PJ37FPYEMQ.JPG\" alt=\"Jueces reclaman por la situaci\u00f3n de Senaf en R\u00edo Cuarto\"\/><\/figure>\n\n\n\n<p>En R\u00edo Cuarto, la Secretar\u00eda de Ni\u00f1ez Adolescencia y Familia (Senaf) llega a recibir m\u00e1s de 30 casos de infancia vulnerada por semana, que se suman a una cantidad de expedientes abiertos, con necesidad de seguimiento. Por ley, la Senaf tiene competencia exclusiva en la materia. Las trabajadoras sociales y psic\u00f3logas de las Unidades de Desarrollo Regional (Uder) son las que se encargan de tomar las medidas excepcionales (como retirar a ni\u00f1os), elaborar informes para la Justicia y resolver si el ni\u00f1o regresa a su centro de vida, va con la familia extensa o queda en situaci\u00f3n de adoptabilidad.<\/p>\n\n\n\n<p>Hace m\u00e1s de ocho a\u00f1os que los equipos t\u00e9cnicos de Senaf est\u00e1n integrados por becarias, cinco psic\u00f3logas y tres trabajadoras sociales que cobran unos diez mil pesos por mes, en promedio. Trabajan de lunes a viernes de 8 a 13 y aseguran que no dan abasto.<\/p>\n\n\n\n<p>Desde el Ministerio de Justicia provincial admiten que el reclamo \u201ces de larga data\u201d. \u201cSe viene trabajando para resolverlo\u201d, expres\u00f3 una vocera de Senaf, pero inform\u00f3 que no hay avances concretos para dar a conocer una postura oficial.<\/p>\n\n\n\n<p>Representantes de la Asociaci\u00f3n Trabajadores del Estado (ATE), magistrados judiciales y familias de acogimiento de R\u00edo Cuarto y la regi\u00f3n, califican como \u201cmuy grave\u201d el problema y advierten que \u201cse est\u00e1 afectando la protecci\u00f3n integral de los derechos de ni\u00f1as, ni\u00f1os y adolescentes\u201d.<\/p>\n\n\n\n<p>Se\u00f1alan que, si bien Senaf es una de las secretar\u00edas provinciales con mayor cantidad de personal, muchos de sus empleados ser\u00edan administrativos o abogados, y \u201cno hay suficientes psic\u00f3logos y trabajadores sociales para garantizar el cumplimiento de la ley\u201d.<\/p>\n\n\n\n<p>\u201cPor temor\u201d, las becarias no dan su nombre, pero testimonian: \u201cDan ganas de llorar porque no tienen idea del trabajo que hacemos, de las cosas que viven estos ni\u00f1os, los retiros que tenemos que hacer en domicilio, familias con armas\u2026Estamos hablando de ni\u00f1os en situaci\u00f3n de vulnerabilidad y cualquier cosa que digamos lo toman como un tema pol\u00edtico\u201d.<\/p>\n\n\n\n<p>\u201cMuchas veces nos llega un oficio para informar sobre un ni\u00f1o y no se llega a responderlo a tiempo. Estamos atrasados porque somos pocos, cinco horas no alcanzan y siendo becarias tenemos la mayor responsabilidad. Adem\u00e1s, hay cambios permanentes en los equipos porque, como no se revierte la situaci\u00f3n, los profesionales renuncian. Se le cambia a los ni\u00f1os, varias veces, la psic\u00f3loga\u2026\u201d, dice otra de las afectadas.<\/p>\n\n\n\n<p>\u201cLos equipos t\u00e9cnicos de Senaf R\u00edo Cuarto estamos en una situaci\u00f3n que no da para m\u00e1s. Nunca hicimos paro para no afectar a las infancias, confiamos en que nos jerarquizar\u00edan, pero fueron s\u00f3lo promesas. Despu\u00e9s de ocho a\u00f1os tuvimos que agremiarnos y alzar nuestra voz\u201d, apunta otra profesional.<\/p>\n\n\n\n<p><\/p>\n\n\n\n<p><strong>Fuerte respaldo de Magistrados<\/strong><\/p>\n\n\n\n<p>El juez de Ni\u00f1ez de R\u00edo Cuarto, Mariano Correa, expresa: \u201cHoy son absolutamente insuficientes los equipos t\u00e9cnicos que tiene la UDER local. Eso se ve plasmado cada vez que le dan intervenci\u00f3n a la Justicia para el control de las medidas de legalidad. Lo m\u00e1s grave tiene que ver con el incumplimiento de plazos previstos en la ley\u201d. \u201cSon situaciones de vulneraci\u00f3n, maltrato, abuso, privaci\u00f3n de un derecho esencial (\u2026) los plazos deben ser breves por la gravedad que esto tiene para la vida de un infante\u201d, remarca, al ser consultado por este diario.https:\/\/0f2c7ddf323668b6704a40b20b3acec4.safeframe.googlesyndication.com\/safeframe\/1-0-38\/html\/container.html<\/p>\n\n\n\n<p>Su antecesor, jubilado en diciembre, Jos\u00e9 Varela Geuna, tambi\u00e9n considera que \u201cla situaci\u00f3n de precarizaci\u00f3n de los profesionales y la invisibilizaci\u00f3n de sus tareas, tan trascendentes y sensibles, resulta extremadamente grave y tremendamente preocupante\u201d.<\/p>\n\n\n\n<p>\u201cEl alma de esta instituci\u00f3n lo constituyen sus profesionales t\u00e9cnicos, asistentes sociales y psic\u00f3logos, que trabajan a destajo, hasta a veces arriesgan su propia vida para realizar constataciones en domicilio, eventualmente tomar medidas excepcionales, lo cual es una medida extrema, realizan informes con los que se va a decidir cuestiones tan trascendentes como el futuro de la vida de un ni\u00f1o. Tienen un compromiso excepcional y un nivel de ingresos muy por debajo de la indigencia\u201d, se\u00f1ala Varela, con 40 a\u00f1os de trayectoria en Tribunales.<\/p>\n\n\n\n<p>Correa agrega: \u201cNo es menos importante destacar que los cuerpos t\u00e9cnicos deber\u00edan ser permanentes, no sujetos a reg\u00edmenes de pasant\u00edas o becas. M\u00e1s all\u00e1 de la cuesti\u00f3n econ\u00f3mica, el inconveniente m\u00e1s grave es la p\u00e9rdida de seguimiento y de la experiencia de los profesionales. Tenemos historias de vida de ni\u00f1os que se pierden, digamos as\u00ed, porque se cambia la plantilla, se rota personal, lo que dificulta el seguimiento\u201d.<\/p>\n\n\n\n<p><\/p>\n\n\n\n<p><strong>M\u00e1s opiniones<\/strong><\/p>\n\n\n\n<p>\u201cHay una falta de seguimiento y muchas demoras, pr\u00f3rrogas que afectan a los chicos. Nos llegan los beb\u00e9s sin leche, pa\u00f1ales, sin el Apross habilitado, hasta sin documento. Si uno no llama, no te comunican nada. Falta acompa\u00f1amiento psicol\u00f3gico. Se tiran la pelota unos con otros, no dan abasto\u201d, testimoni\u00f3 un integrante del programa Familias por Familias.<\/p>\n\n\n\n<p>Otra persona que ha acogido a ni\u00f1os en su hogar y trabaja con las infancias desde hace a\u00f1os en R\u00edo Cuarto, reclama por falta de recursos humanos y materiales. \u201cReci\u00e9n me toc\u00f3 ir a denunciar personalmente el caso de un abusador que no respet\u00f3 la cautelar, viol\u00f3 a una ni\u00f1a y no hab\u00eda un psic\u00f3logo que la pudiera ver en el momento. Es inaudito, me dijeron que hab\u00eda 40 pacientes en espera. Parece que no tienen dimensi\u00f3n de lo que significa el abuso en la infancia y las secuelas que deja\u201d.<\/p>\n\n\n\n<p>\u201cTodos deber\u00edamos apuntar a lo mismo: tratar de que esos ni\u00f1os est\u00e9n bien y crezcan en un buen entorno. Pero muchas veces se nombran punteros o militantes sin formaci\u00f3n para tomar decisiones. Los jefes de Senaf deber\u00edan rendir como hacen los jueces para entrar en Tribunales\u201d, agrega otra becaria afectada.<\/p>\n\n\n\n<p>Fuente: La Voz del Interior<\/p>\n","protected":false},"excerpt":{"rendered":"<p>En R\u00edo Cuarto, la Secretar\u00eda de Ni\u00f1ez Adolescencia y Familia (Senaf) llega a recibir m\u00e1s de 30 casos de infancia vulnerada por semana, que se suman a una cantidad de expedientes abiertos, con necesidad de seguimiento. Por ley, la Senaf tiene competencia exclusiva en la materia. Las trabajadoras sociales y psic\u00f3logas de las Unidades de [&hellip;]<\/p>\n","protected":false},"author":3,"featured_media":26881,"comment_status":"open","ping_status":"open","sticky":false,"template":"","format":"standard","meta":{"_exactmetrics_skip_tracking":false,"_exactmetrics_sitenote_active":false,"_exactmetrics_sitenote_note":"","_exactmetrics_sitenote_category":0,"jnews-multi-image_gallery":[],"jnews_single_post":{"subtitle":"","format":"standard","video":"","gallery":"","source_name":"","source_url":"","via_name":"","via_url":"","override":[{"single_blog_custom":"","sidebar":"","second_sidebar":"","share_position":"","share_float_style":"","post_date_format":"","post_date_format_custom":"","post_reading_time_wpm":"","zoom_button_out_step":"1","zoom_button_in_step":"1","number_popup_post":"1"}],"image_override":[{"single_post_thumbnail_size":"","single_post_gallery_size":""}],"trending_post_position":"","trending_post_label":"","sponsored_post_label":"","sponsored_post_name":"","sponsored_post_url":"","sponsored_post_logo":"","sponsored_post_desc":""},"jnews_primary_category":{"id":""},"jnews_social_meta":{"fb_title":"La Seccional de ATE R\u00edo Cuarto junto a otras organizaciones consideran alarmante la situaci\u00f3n de SENAF","fb_description":"","fb_image":"","twitter_title":"","twitter_description":"","twitter_image":""},"jnews_review":[],"enable_review":"","type":"percentage","name":"","summary":"","brand":"","sku":"","good":[{"good_text":""}],"bad":[{"bad_text":""}],"score_override":"","override_value":"","rating":[{"rating_text":"","rating_number":"10"}],"price":[{"shop":"","price":"","link":"","icon":""}],"jnews_override_counter":{"view_counter_number":"0","share_counter_number":"0","like_counter_number":"0","dislike_counter_number":"0"},"jnews_post_split":{"post_split":[{"template":"1","tag":"h2","numbering":"asc","mode":"normal","toc_type":"normal"}]},"footnotes":""},"categories":[10,12],"tags":[],"class_list":["post-26880","post","type-post","status-publish","format-standard","has-post-thumbnail","hentry","category-accion-politica","category-rio-cuarto"],"jetpack_featured_media_url":"https:\/\/atecordoba.org\/wp-content\/uploads\/2021\/07\/SENAF-Rio-Cuarto.jpg","_links":{"self":[{"href":"https:\/\/atecordoba.org\/index.php?rest_route=\/wp\/v2\/posts\/26880","targetHints":{"allow":["GET"]}}],"collection":[{"href":"https:\/\/atecordoba.org\/index.php?rest_route=\/wp\/v2\/posts"}],"about":[{"href":"https:\/\/atecordoba.org\/index.php?rest_route=\/wp\/v2\/types\/post"}],"author":[{"embeddable":true,"href":"https:\/\/atecordoba.org\/index.php?rest_route=\/wp\/v2\/users\/3"}],"replies":[{"embeddable":true,"href":"https:\/\/atecordoba.org\/index.php?rest_route=%2Fwp%2Fv2%2Fcomments&post=26880"}],"version-history":[{"count":1,"href":"https:\/\/atecordoba.org\/index.php?rest_route=\/wp\/v2\/posts\/26880\/revisions"}],"predecessor-version":[{"id":26882,"href":"https:\/\/atecordoba.org\/index.php?rest_route=\/wp\/v2\/posts\/26880\/revisions\/26882"}],"wp:featuredmedia":[{"embeddable":true,"href":"https:\/\/atecordoba.org\/index.php?rest_route=\/wp\/v2\/media\/26881"}],"wp:attachment":[{"href":"https:\/\/atecordoba.org\/index.php?rest_route=%2Fwp%2Fv2%2Fmedia&parent=26880"}],"wp:term":[{"taxonomy":"category","embeddable":true,"href":"https:\/\/atecordoba.org\/index.php?rest_route=%2Fwp%2Fv2%2Fcategories&post=26880"},{"taxonomy":"post_tag","embeddable":true,"href":"https:\/\/atecordoba.org\/index.php?rest_route=%2Fwp%2Fv2%2Ftags&post=26880"}],"curies":[{"name":"wp","href":"https:\/\/api.w.org\/{rel}","templated":true}]}}