{"id":26875,"date":"2021-07-22T13:12:32","date_gmt":"2021-07-22T16:12:32","guid":{"rendered":"https:\/\/atecordoba.org\/?p=26875"},"modified":"2021-07-22T19:30:28","modified_gmt":"2021-07-22T22:30:28","slug":"ate-cordoba-mteyss-jornada-de-lucha","status":"publish","type":"post","link":"https:\/\/atecordoba.org\/?p=26875","title":{"rendered":"La AT C\u00f3rdoba y R\u00edo Cuarto (MTEySS) se sumaron a la Jornada Provincial de Lucha de Sectores Nacionales"},"content":{"rendered":"\n<figure class=\"wp-block-image size-large\"><img loading=\"lazy\" decoding=\"async\" width=\"1024\" height=\"457\" src=\"https:\/\/atecordoba.org\/wp-content\/uploads\/2021\/07\/WhatsApp-Image-2021-07-22-at-13.05.23-1024x457.jpeg\" alt=\"\" class=\"wp-image-26876\" srcset=\"https:\/\/atecordoba.org\/wp-content\/uploads\/2021\/07\/WhatsApp-Image-2021-07-22-at-13.05.23-1024x457.jpeg 1024w, https:\/\/atecordoba.org\/wp-content\/uploads\/2021\/07\/WhatsApp-Image-2021-07-22-at-13.05.23-300x134.jpeg 300w, https:\/\/atecordoba.org\/wp-content\/uploads\/2021\/07\/WhatsApp-Image-2021-07-22-at-13.05.23-768x343.jpeg 768w, https:\/\/atecordoba.org\/wp-content\/uploads\/2021\/07\/WhatsApp-Image-2021-07-22-at-13.05.23-750x335.jpeg 750w, https:\/\/atecordoba.org\/wp-content\/uploads\/2021\/07\/WhatsApp-Image-2021-07-22-at-13.05.23.jpeg 1079w\" sizes=\"auto, (max-width: 1024px) 100vw, 1024px\" \/><\/figure>\n\n\n\n<p>El pasado mi\u00e9rcoles 21 de julio en el marco de la Jornada Provincial de Lucha de Sectores Nacionales la AT de C\u00f3rdoba y AT Rio Cuarto se sumaron y realizaron un asamblea virtual para acompa\u00f1ar la medida promovida desde el CDP ATE C\u00f3rdoba.<br>En la instancia virtual se hicieron presentes mas de 20 Compa\u00f1eras y compa\u00f1eros donde se reiteraron los pedidos de <strong>Recomposici\u00f3n salarial de m\u00ednimo de 45% antes de fin de a\u00f1o, Pase a Planta con criterio Federal y de equidad de G\u00e9nero y Cumplimiento de Cupo Laboral Trans y por Discapacidad<\/strong><\/p>\n\n\n\n<p>Se aprovecho la instancia de la asamblea para hablar de la reuni\u00f3n mantenida entre delegades de ATE (Emiliano Navarro y Mar\u00eda Elena Berger) y el jefe de la AT C\u00f3rdoba frente a la posibilidad de retorno a la presencialidad dejando en claro que dada las condiciones edilicias actuales no es posible un retorno presencial de todes les trabajadores. Asimismo la delegada por la AT R\u00edo Cuarto, Eva Velasco expreso que ha reunido con el jefe de su Agencia y han establecido un cronograma de presencialidad que implica que se garantiza la asistencia al lugar de trabajo pero en burbujas. Tambi\u00e9n expres\u00f3 que en dicha dependencia se ha logrado que ATE sea el sindicato mayoritario con 5 afiliaciones de un total de 9 trabajadores y trabajadoras. Por ese motivo, se aprovecho la instancia y se les dio la bienvenida a les nuevos afiliades de la AT Rio Cuarto.<br>Se insto a seguir construyendo fuerza, sumando a compa\u00f1eres no afiliades o que no se sienten representados por el otro sindicato.<\/p>\n\n\n\n<p>El conjunto de trabajadores presente apoy\u00f3 la acci\u00f3n de corte y visibilizacion de  laspropuestas planteadas por el CDP de ATE C\u00f3rdoba haciendo retenci\u00f3n de tareas.<\/p>\n\n\n\n<p>Seguimos en lucha para dignificar el trabajo de las y los estatales.<\/p>\n","protected":false},"excerpt":{"rendered":"<p>El pasado mi\u00e9rcoles 21 de julio en el marco de la Jornada Provincial de Lucha de Sectores Nacionales la AT de C\u00f3rdoba y AT Rio Cuarto se sumaron y realizaron un asamblea virtual para acompa\u00f1ar la medida promovida desde el CDP ATE C\u00f3rdoba.En la instancia virtual se hicieron presentes mas de 20 Compa\u00f1eras y compa\u00f1eros [&hellip;]<\/p>\n","protected":false},"author":3,"featured_media":26876,"comment_status":"open","ping_status":"open","sticky":false,"template":"","format":"standard","meta":{"_exactmetrics_skip_tracking":false,"_exactmetrics_sitenote_active":false,"_exactmetrics_sitenote_note":"","_exactmetrics_sitenote_category":0,"jnews-multi-image_gallery":[],"jnews_single_post":{"subtitle":"","format":"standard","video":"","gallery":"","source_name":"","source_url":"","via_name":"","via_url":"","override":[{"single_blog_custom":"","sidebar":"","second_sidebar":"","share_position":"","share_float_style":"","post_date_format":"","post_date_format_custom":"","post_reading_time_wpm":"","zoom_button_out_step":"1","zoom_button_in_step":"1","number_popup_post":"1"}],"image_override":[{"single_post_thumbnail_size":"","single_post_gallery_size":""}],"trending_post_position":"","trending_post_label":"","sponsored_post_label":"","sponsored_post_name":"","sponsored_post_url":"","sponsored_post_logo":"","sponsored_post_desc":""},"jnews_primary_category":{"id":""},"jnews_social_meta":{"fb_title":"","fb_description":"","fb_image":"","twitter_title":"","twitter_description":"","twitter_image":""},"jnews_review":[],"enable_review":"","type":"percentage","name":"","summary":"","brand":"","sku":"","good":[{"good_text":""}],"bad":[{"bad_text":""}],"score_override":"","override_value":"","rating":[{"rating_text":"","rating_number":"10"}],"price":[{"shop":"","price":"","link":"","icon":""}],"jnews_override_counter":{"view_counter_number":"0","share_counter_number":"0","like_counter_number":"0","dislike_counter_number":"0"},"jnews_post_split":{"post_split":[{"template":"1","tag":"h2","numbering":"asc","mode":"normal","toc_type":"normal"}]},"footnotes":""},"categories":[10,107,18,123,1],"tags":[395,43,352,338],"class_list":["post-26875","post","type-post","status-publish","format-standard","has-post-thumbnail","hentry","category-accion-politica","category-ministerio-de-trabajo","category-nacionales","category-paro-provincial","category-sin-categoria","tag-ate-cordoba","tag-cdp","tag-jornada-de-lucha","tag-ministerio-de-trabajo-de-la-nacion"],"jetpack_featured_media_url":"https:\/\/atecordoba.org\/wp-content\/uploads\/2021\/07\/WhatsApp-Image-2021-07-22-at-13.05.23.jpeg","_links":{"self":[{"href":"https:\/\/atecordoba.org\/index.php?rest_route=\/wp\/v2\/posts\/26875","targetHints":{"allow":["GET"]}}],"collection":[{"href":"https:\/\/atecordoba.org\/index.php?rest_route=\/wp\/v2\/posts"}],"about":[{"href":"https:\/\/atecordoba.org\/index.php?rest_route=\/wp\/v2\/types\/post"}],"author":[{"embeddable":true,"href":"https:\/\/atecordoba.org\/index.php?rest_route=\/wp\/v2\/users\/3"}],"replies":[{"embeddable":true,"href":"https:\/\/atecordoba.org\/index.php?rest_route=%2Fwp%2Fv2%2Fcomments&post=26875"}],"version-history":[{"count":2,"href":"https:\/\/atecordoba.org\/index.php?rest_route=\/wp\/v2\/posts\/26875\/revisions"}],"predecessor-version":[{"id":26879,"href":"https:\/\/atecordoba.org\/index.php?rest_route=\/wp\/v2\/posts\/26875\/revisions\/26879"}],"wp:featuredmedia":[{"embeddable":true,"href":"https:\/\/atecordoba.org\/index.php?rest_route=\/wp\/v2\/media\/26876"}],"wp:attachment":[{"href":"https:\/\/atecordoba.org\/index.php?rest_route=%2Fwp%2Fv2%2Fmedia&parent=26875"}],"wp:term":[{"taxonomy":"category","embeddable":true,"href":"https:\/\/atecordoba.org\/index.php?rest_route=%2Fwp%2Fv2%2Fcategories&post=26875"},{"taxonomy":"post_tag","embeddable":true,"href":"https:\/\/atecordoba.org\/index.php?rest_route=%2Fwp%2Fv2%2Ftags&post=26875"}],"curies":[{"name":"wp","href":"https:\/\/api.w.org\/{rel}","templated":true}]}}