{"id":2681,"date":"2013-05-13T16:18:40","date_gmt":"2013-05-13T19:18:40","guid":{"rendered":"http:\/\/www.atecordoba.org\/?p=2681"},"modified":"2020-06-09T16:58:36","modified_gmt":"2020-06-09T19:58:36","slug":"ate-se-movilizo-en-la-carlota-por-la-reinstalacion-de-un-delegado","status":"publish","type":"post","link":"https:\/\/atecordoba.org\/?p=2681","title":{"rendered":"ATE se moviliz\u00f3 en La Carlota por la reinstalaci\u00f3n de un delegado"},"content":{"rendered":"<p><em>Alrededor de ochenta compa\u00f1eros de \u00a0la Seccional R\u00edo Cuarto realizaron un corte en la Ruta 8, en reclamo de mejoras en las condiciones de trabajo por la reinstalaci\u00f3n de un delegado cesanteado el 7 de enero.<\/em><\/p>\n<p><a href=\"http:\/\/atecordoba.org\/wp-content\/uploads\/2020\/06\/CORTE-2.jpg\"><img loading=\"lazy\" decoding=\"async\" class=\"aligncenter size-full wp-image-2682\" title=\"CORTE 2\" src=\"http:\/\/atecordoba.org\/wp-content\/uploads\/2020\/06\/CORTE-2.jpg\" alt=\"\" width=\"590\" height=\"443\" \/><\/a><\/p>\n<p>La medida de fuerza se llev\u00f3 a cabo desde las 8 de la ma\u00f1ana hasta pasado el mediod\u00eda, y se materializ\u00f3 con cortes en la ruta nacional N\u00ba 8, a la altura del acceso, y en el puente Nuevo que se encuentra en el ingreso a la ciudad.<br \/>\nTambi\u00e9n en la plaza central, en donde los manifestantes repartieron volantes con los ejes del reclamo, hubo una concentraci\u00f3n importante.<br \/>\nFederico Giuliani, secretario general de ATE R\u00edo Cuarto, dijo que la protesta se asumi\u00f3 ante la necesidad de exigir la incorporaci\u00f3n de ATE a la mesa de negociaci\u00f3n salarial.<br \/>\nAdem\u00e1s, se solicita el pase a planta permanente del personal contratado o subsidiado por considerar que la mitad de los empleados recibe sus sueldos \u201cen negro\u201d.<br \/>\nGiuliani explic\u00f3 quese\u00a0 pide un incremento de sueldos del orden del 35 % tras se\u00f1alar que los salarios se encuentran \u201cmuy desfasados\u201d, en relaci\u00f3n a otros municipios de la zona.<br \/>\nTambi\u00e9n se exigi\u00f3 por la urgente reincorporaci\u00f3n del delegado gremial Emilio Bress\u00e1n que fuera cesanteado el pasado 7 de enero.<br \/>\n\u201cTras apartarlo del cargo, el intendente sembr\u00f3 un r\u00e9gimen de persecuci\u00f3n pol\u00edtica hacia los trabajadores, es una clara maniobra de persecuci\u00f3n pol\u00edtica y gremial para el compa\u00f1ero delegado y que tambi\u00e9n se replica y multiplica en los aprietes cotidianos que tienen los trabajadores afiliados a ATE \u201c, se\u00f1al\u00f3 Giuliani.<br \/>\nFinalmente, Giuliani destac\u00f3 la falta de predisposici\u00f3n del Intendente de La Carlota, Fabio Guaschino, al di\u00e1logo ya que desde fines del a\u00f1o pasado se le solicita una audiencia y no recibe a ATE. Es as\u00ed que tras los cortes y la marcha que se desarroll\u00f3 por el centro de la ciudad, se volvi\u00f3 a presentar un pedido de audiencia al Intendente.<br \/>\n<div id='gallery_1' class='gallery galleryid-2681 gallery-columns-4 gallery-size-thumbnail'><figure class='gallery-item'>\n                <div class='gallery-icon landscape'>\n                    <a href='https:\/\/atecordoba.org\/wp-content\/uploads\/2020\/06\/CORTE-2.jpg'><img loading=\"lazy\" decoding=\"async\" width=\"150\" height=\"150\" src=\"\" class=\"attachment-thumbnail size-thumbnail lazyload\" alt=\"\" data-src=\"https:\/\/atecordoba.org\/wp-content\/uploads\/2020\/06\/CORTE-2-150x150.jpg\" data-sizes=\"auto\" data-srcset=\"https:\/\/atecordoba.org\/wp-content\/uploads\/2020\/06\/CORTE-2-150x150.jpg 150w, https:\/\/atecordoba.org\/wp-content\/uploads\/2020\/06\/CORTE-2-75x75.jpg 75w\" data-expand=\"700\" \/><\/a>\n                <\/div><\/figure>\n                <br style='clear: both' \/>\n            <\/div>\n","protected":false},"excerpt":{"rendered":"<p>Alrededor de ochenta compa\u00f1eros de \u00a0la Seccional R\u00edo Cuarto realizaron un corte en la Ruta 8, en reclamo de mejoras en las condiciones de trabajo por la reinstalaci\u00f3n de un delegado cesanteado el 7 de enero. La medida de fuerza se llev\u00f3 a cabo desde las 8 de la ma\u00f1ana hasta pasado el mediod\u00eda, y [&hellip;]<\/p>\n","protected":false},"author":1,"featured_media":19220,"comment_status":"open","ping_status":"open","sticky":false,"template":"","format":"standard","meta":{"_exactmetrics_skip_tracking":false,"_exactmetrics_sitenote_active":false,"_exactmetrics_sitenote_note":"","_exactmetrics_sitenote_category":0,"jnews-multi-image_gallery":[],"jnews_single_post":[],"jnews_primary_category":[],"jnews_social_meta":[],"jnews_review":[],"enable_review":"","type":"","name":"","summary":"","brand":"","sku":"","good":[],"bad":[],"score_override":"","override_value":"","rating":[],"price":[],"jnews_override_counter":[],"jnews_post_split":[],"footnotes":""},"categories":[20,12,34],"tags":[],"class_list":["post-2681","post","type-post","status-publish","format-standard","has-post-thumbnail","hentry","category-municipales","category-rio-cuarto","category-seccionales"],"jetpack_featured_media_url":"https:\/\/atecordoba.org\/wp-content\/uploads\/2020\/05\/logo-nuevochico-e1561581322808.png","_links":{"self":[{"href":"https:\/\/atecordoba.org\/index.php?rest_route=\/wp\/v2\/posts\/2681","targetHints":{"allow":["GET"]}}],"collection":[{"href":"https:\/\/atecordoba.org\/index.php?rest_route=\/wp\/v2\/posts"}],"about":[{"href":"https:\/\/atecordoba.org\/index.php?rest_route=\/wp\/v2\/types\/post"}],"author":[{"embeddable":true,"href":"https:\/\/atecordoba.org\/index.php?rest_route=\/wp\/v2\/users\/1"}],"replies":[{"embeddable":true,"href":"https:\/\/atecordoba.org\/index.php?rest_route=%2Fwp%2Fv2%2Fcomments&post=2681"}],"version-history":[{"count":1,"href":"https:\/\/atecordoba.org\/index.php?rest_route=\/wp\/v2\/posts\/2681\/revisions"}],"predecessor-version":[{"id":20179,"href":"https:\/\/atecordoba.org\/index.php?rest_route=\/wp\/v2\/posts\/2681\/revisions\/20179"}],"wp:featuredmedia":[{"embeddable":true,"href":"https:\/\/atecordoba.org\/index.php?rest_route=\/wp\/v2\/media\/19220"}],"wp:attachment":[{"href":"https:\/\/atecordoba.org\/index.php?rest_route=%2Fwp%2Fv2%2Fmedia&parent=2681"}],"wp:term":[{"taxonomy":"category","embeddable":true,"href":"https:\/\/atecordoba.org\/index.php?rest_route=%2Fwp%2Fv2%2Fcategories&post=2681"},{"taxonomy":"post_tag","embeddable":true,"href":"https:\/\/atecordoba.org\/index.php?rest_route=%2Fwp%2Fv2%2Ftags&post=2681"}],"curies":[{"name":"wp","href":"https:\/\/api.w.org\/{rel}","templated":true}]}}