{"id":26797,"date":"2021-07-16T14:53:29","date_gmt":"2021-07-16T17:53:29","guid":{"rendered":"https:\/\/atecordoba.org\/?p=26797"},"modified":"2021-07-16T14:56:13","modified_gmt":"2021-07-16T17:56:13","slug":"ate-solicito-reapertura-paritaria-en-saldan","status":"publish","type":"post","link":"https:\/\/atecordoba.org\/?p=26797","title":{"rendered":"ATE solicit\u00f3 reapertura paritaria en Sald\u00e1n"},"content":{"rendered":"\n<div class=\"wp-block-image\"><figure class=\"aligncenter size-large is-resized\"><img loading=\"lazy\" decoding=\"async\" src=\"https:\/\/atecordoba.org\/wp-content\/uploads\/2021\/07\/reunio_reconocimiento_saldan-1024x576.jpeg\" alt=\"\" class=\"wp-image-26802\" width=\"811\" height=\"456\" srcset=\"https:\/\/atecordoba.org\/wp-content\/uploads\/2021\/07\/reunio_reconocimiento_saldan-1024x576.jpeg 1024w, https:\/\/atecordoba.org\/wp-content\/uploads\/2021\/07\/reunio_reconocimiento_saldan-300x169.jpeg 300w, https:\/\/atecordoba.org\/wp-content\/uploads\/2021\/07\/reunio_reconocimiento_saldan-768x432.jpeg 768w, https:\/\/atecordoba.org\/wp-content\/uploads\/2021\/07\/reunio_reconocimiento_saldan-750x422.jpeg 750w, https:\/\/atecordoba.org\/wp-content\/uploads\/2021\/07\/reunio_reconocimiento_saldan-1140x641.jpeg 1140w, https:\/\/atecordoba.org\/wp-content\/uploads\/2021\/07\/reunio_reconocimiento_saldan.jpeg 1280w\" sizes=\"auto, (max-width: 811px) 100vw, 811px\" \/><figcaption>Reuni\u00f3n del a\u00f1o pasado entre la conducci\u00f3n de ATE y el intendente Santo, en ocasi\u00f3n del reconocimiento, en 2020.<\/figcaption><\/figure><\/div>\n\n\n\n<p>En una nota dirigida al intendente Cayetano del Valle Santo, ATE solicit\u00f3 que se reabra la mesa paritaria en la localidad habida cuenta del impacto que la escalada inflacionaria est\u00e1 teniendo en el poder adquisitivo de los salarios de las y los trabajadores municipales. <\/p>\n\n\n\n<p>En la oportunidad, ATE record\u00f3 a Santos que los salarios no est\u00e1n alcanzando para cubrir las necesidades b\u00e1sicas del sector. <\/p>\n\n\n\n<div class=\"wp-block-image\"><figure class=\"aligncenter size-large\"><img loading=\"lazy\" decoding=\"async\" width=\"540\" height=\"772\" src=\"https:\/\/atecordoba.org\/wp-content\/uploads\/2021\/07\/nota_saldan_167.jpeg\" alt=\"\" class=\"wp-image-26801\" srcset=\"https:\/\/atecordoba.org\/wp-content\/uploads\/2021\/07\/nota_saldan_167.jpeg 540w, https:\/\/atecordoba.org\/wp-content\/uploads\/2021\/07\/nota_saldan_167-210x300.jpeg 210w\" sizes=\"auto, (max-width: 540px) 100vw, 540px\" \/><\/figure><\/div>\n","protected":false},"excerpt":{"rendered":"<p>En una nota dirigida al intendente Cayetano del Valle Santo, ATE solicit\u00f3 que se reabra la mesa paritaria en la localidad habida cuenta del impacto que la escalada inflacionaria est\u00e1 teniendo en el poder adquisitivo de los salarios de las y los trabajadores municipales. En la oportunidad, ATE record\u00f3 a Santos que los salarios no [&hellip;]<\/p>\n","protected":false},"author":3,"featured_media":26803,"comment_status":"open","ping_status":"open","sticky":false,"template":"","format":"standard","meta":{"_exactmetrics_skip_tracking":false,"_exactmetrics_sitenote_active":false,"_exactmetrics_sitenote_note":"","_exactmetrics_sitenote_category":0,"jnews-multi-image_gallery":[],"jnews_single_post":{"subtitle":"En una nota dirigida al intendente Cayetano del Valle Santo, ATE solicit\u00f3 que se reabra la mesa paritaria en la localidad habida cuenta del impacto que la escalada inflacionaria est\u00e1 teniendo en el poder adquisitivo de los salarios de las y los trabajadores municipales. ","format":"standard","video":"","gallery":"","source_name":"","source_url":"","via_name":"","via_url":"","override":[{"single_blog_custom":"","sidebar":"","second_sidebar":"","share_position":"","share_float_style":"","post_date_format":"","post_date_format_custom":"","post_reading_time_wpm":"","zoom_button_out_step":"1","zoom_button_in_step":"1","number_popup_post":"1"}],"image_override":[{"single_post_thumbnail_size":"","single_post_gallery_size":""}],"trending_post_position":"","trending_post_label":"","sponsored_post_label":"","sponsored_post_name":"","sponsored_post_url":"","sponsored_post_logo":"","sponsored_post_desc":""},"jnews_primary_category":{"id":""},"jnews_social_meta":{"fb_title":"","fb_description":"","fb_image":"","twitter_title":"","twitter_description":"","twitter_image":""},"jnews_review":[],"enable_review":"","type":"percentage","name":"","summary":"","brand":"","sku":"","good":[{"good_text":""}],"bad":[{"bad_text":""}],"score_override":"","override_value":"","rating":[{"rating_text":"","rating_number":"10"}],"price":[{"shop":"","price":"","link":"","icon":""}],"jnews_override_counter":{"view_counter_number":"0","share_counter_number":"0","like_counter_number":"0","dislike_counter_number":"0"},"jnews_post_split":{"post_split":[{"template":"1","tag":"h2","numbering":"asc","mode":"normal","toc_type":"normal"}]},"footnotes":""},"categories":[20],"tags":[574],"class_list":["post-26797","post","type-post","status-publish","format-standard","has-post-thumbnail","hentry","category-municipales","tag-municipalidad-de-saldan"],"jetpack_featured_media_url":"https:\/\/atecordoba.org\/wp-content\/uploads\/2021\/07\/muni_saldan.jpg","_links":{"self":[{"href":"https:\/\/atecordoba.org\/index.php?rest_route=\/wp\/v2\/posts\/26797","targetHints":{"allow":["GET"]}}],"collection":[{"href":"https:\/\/atecordoba.org\/index.php?rest_route=\/wp\/v2\/posts"}],"about":[{"href":"https:\/\/atecordoba.org\/index.php?rest_route=\/wp\/v2\/types\/post"}],"author":[{"embeddable":true,"href":"https:\/\/atecordoba.org\/index.php?rest_route=\/wp\/v2\/users\/3"}],"replies":[{"embeddable":true,"href":"https:\/\/atecordoba.org\/index.php?rest_route=%2Fwp%2Fv2%2Fcomments&post=26797"}],"version-history":[{"count":1,"href":"https:\/\/atecordoba.org\/index.php?rest_route=\/wp\/v2\/posts\/26797\/revisions"}],"predecessor-version":[{"id":26804,"href":"https:\/\/atecordoba.org\/index.php?rest_route=\/wp\/v2\/posts\/26797\/revisions\/26804"}],"wp:featuredmedia":[{"embeddable":true,"href":"https:\/\/atecordoba.org\/index.php?rest_route=\/wp\/v2\/media\/26803"}],"wp:attachment":[{"href":"https:\/\/atecordoba.org\/index.php?rest_route=%2Fwp%2Fv2%2Fmedia&parent=26797"}],"wp:term":[{"taxonomy":"category","embeddable":true,"href":"https:\/\/atecordoba.org\/index.php?rest_route=%2Fwp%2Fv2%2Fcategories&post=26797"},{"taxonomy":"post_tag","embeddable":true,"href":"https:\/\/atecordoba.org\/index.php?rest_route=%2Fwp%2Fv2%2Ftags&post=26797"}],"curies":[{"name":"wp","href":"https:\/\/api.w.org\/{rel}","templated":true}]}}