{"id":26780,"date":"2021-07-16T14:13:20","date_gmt":"2021-07-16T17:13:20","guid":{"rendered":"https:\/\/atecordoba.org\/?p=26780"},"modified":"2021-07-16T14:28:44","modified_gmt":"2021-07-16T17:28:44","slug":"21-de-julio-jornada-de-lucha-de-la-salud-publica","status":"publish","type":"post","link":"https:\/\/atecordoba.org\/?p=26780","title":{"rendered":"21 de julio: Jornada de Lucha de la Salud P\u00fablica"},"content":{"rendered":"\n<div class=\"wp-block-image\"><figure class=\"aligncenter size-large is-resized\"><img loading=\"lazy\" decoding=\"async\" src=\"https:\/\/atecordoba.org\/wp-content\/uploads\/2021\/07\/flyer_paro-salud-provincia_217-1024x1024.jpeg\" alt=\"\" class=\"wp-image-26781\" width=\"762\" height=\"762\" srcset=\"https:\/\/atecordoba.org\/wp-content\/uploads\/2021\/07\/flyer_paro-salud-provincia_217-1024x1024.jpeg 1024w, https:\/\/atecordoba.org\/wp-content\/uploads\/2021\/07\/flyer_paro-salud-provincia_217-300x300.jpeg 300w, https:\/\/atecordoba.org\/wp-content\/uploads\/2021\/07\/flyer_paro-salud-provincia_217-150x150.jpeg 150w, https:\/\/atecordoba.org\/wp-content\/uploads\/2021\/07\/flyer_paro-salud-provincia_217-768x768.jpeg 768w, https:\/\/atecordoba.org\/wp-content\/uploads\/2021\/07\/flyer_paro-salud-provincia_217-560x560.jpeg 560w, https:\/\/atecordoba.org\/wp-content\/uploads\/2021\/07\/flyer_paro-salud-provincia_217-75x75.jpeg 75w, https:\/\/atecordoba.org\/wp-content\/uploads\/2021\/07\/flyer_paro-salud-provincia_217-350x350.jpeg 350w, https:\/\/atecordoba.org\/wp-content\/uploads\/2021\/07\/flyer_paro-salud-provincia_217-750x750.jpeg 750w, https:\/\/atecordoba.org\/wp-content\/uploads\/2021\/07\/flyer_paro-salud-provincia_217.jpeg 1080w\" sizes=\"auto, (max-width: 762px) 100vw, 762px\" \/><\/figure><\/div>\n\n\n\n<p>EXIGIMOS:<\/p>\n\n\n\n<ul class=\"wp-block-list\"><li>Recomposici\u00f3n Salarial del 45% en 2021<\/li><li>Incorporaci\u00f3n de sumas no remunerativas al b\u00e1sico<\/li><li>Pase a Planta Permanente de precarizados\/as<\/li><li>Incorporaci\u00f3n de Personal en condiciones dignas<\/li><li>Respeto de licencias y derecho al descanso<\/li><li>Continuar con el trabajo remoto para grupos de riesgo.<\/li><\/ul>\n","protected":false},"excerpt":{"rendered":"<p>EXIGIMOS: Recomposici\u00f3n Salarial del 45% en 2021 Incorporaci\u00f3n de sumas no remunerativas al b\u00e1sico Pase a Planta Permanente de precarizados\/as Incorporaci\u00f3n de Personal en condiciones dignas Respeto de licencias y derecho al descanso Continuar con el trabajo remoto para grupos de riesgo.<\/p>\n","protected":false},"author":3,"featured_media":26785,"comment_status":"open","ping_status":"open","sticky":false,"template":"","format":"standard","meta":{"_exactmetrics_skip_tracking":false,"_exactmetrics_sitenote_active":false,"_exactmetrics_sitenote_note":"","_exactmetrics_sitenote_category":0,"jnews-multi-image_gallery":[],"jnews_single_post":{"subtitle":"Ante la cr\u00edtica situaci\u00f3n \u00a1decimos basta! El pr\u00f3ximo mi\u00e9rcoles habr\u00e1 Asambleas en los Hospitales p\u00fablicos de toda la Provincia de C\u00f3rdoba. La atenci\u00f3n de urgencias, emergencias y COVID estar\u00e1n garantizadas, no as\u00ed otro tipo de servicios que podr\u00edan verse afectados por las medidas.","format":"standard","video":"","gallery":"","source_name":"","source_url":"","via_name":"","via_url":"","override":[{"single_blog_custom":"","sidebar":"","second_sidebar":"","share_position":"","share_float_style":"","post_date_format":"","post_date_format_custom":"","post_reading_time_wpm":"","zoom_button_out_step":"1","zoom_button_in_step":"1","number_popup_post":"1"}],"image_override":[{"single_post_thumbnail_size":"","single_post_gallery_size":""}],"trending_post_position":"","trending_post_label":"","sponsored_post_label":"","sponsored_post_name":"","sponsored_post_url":"","sponsored_post_logo":"","sponsored_post_desc":""},"jnews_primary_category":{"id":""},"jnews_social_meta":{"fb_title":"","fb_description":"","fb_image":"","twitter_title":"","twitter_description":"","twitter_image":""},"jnews_review":[],"enable_review":"","type":"percentage","name":"","summary":"","brand":"","sku":"","good":[{"good_text":""}],"bad":[{"bad_text":""}],"score_override":"","override_value":"","rating":[{"rating_text":"","rating_number":"10"}],"price":[{"shop":"","price":"","link":"","icon":""}],"jnews_override_counter":{"view_counter_number":"0","share_counter_number":"0","like_counter_number":"0","dislike_counter_number":"0"},"jnews_post_split":{"post_split":[{"template":"1","tag":"h2","numbering":"asc","mode":"normal","toc_type":"normal"}]},"footnotes":""},"categories":[8],"tags":[],"class_list":["post-26780","post","type-post","status-publish","format-standard","has-post-thumbnail","hentry","category-provinciales"],"jetpack_featured_media_url":"https:\/\/atecordoba.org\/wp-content\/uploads\/2021\/07\/21_07_Jornada_de_lucha_Salud-80.jpg","_links":{"self":[{"href":"https:\/\/atecordoba.org\/index.php?rest_route=\/wp\/v2\/posts\/26780","targetHints":{"allow":["GET"]}}],"collection":[{"href":"https:\/\/atecordoba.org\/index.php?rest_route=\/wp\/v2\/posts"}],"about":[{"href":"https:\/\/atecordoba.org\/index.php?rest_route=\/wp\/v2\/types\/post"}],"author":[{"embeddable":true,"href":"https:\/\/atecordoba.org\/index.php?rest_route=\/wp\/v2\/users\/3"}],"replies":[{"embeddable":true,"href":"https:\/\/atecordoba.org\/index.php?rest_route=%2Fwp%2Fv2%2Fcomments&post=26780"}],"version-history":[{"count":1,"href":"https:\/\/atecordoba.org\/index.php?rest_route=\/wp\/v2\/posts\/26780\/revisions"}],"predecessor-version":[{"id":26782,"href":"https:\/\/atecordoba.org\/index.php?rest_route=\/wp\/v2\/posts\/26780\/revisions\/26782"}],"wp:featuredmedia":[{"embeddable":true,"href":"https:\/\/atecordoba.org\/index.php?rest_route=\/wp\/v2\/media\/26785"}],"wp:attachment":[{"href":"https:\/\/atecordoba.org\/index.php?rest_route=%2Fwp%2Fv2%2Fmedia&parent=26780"}],"wp:term":[{"taxonomy":"category","embeddable":true,"href":"https:\/\/atecordoba.org\/index.php?rest_route=%2Fwp%2Fv2%2Fcategories&post=26780"},{"taxonomy":"post_tag","embeddable":true,"href":"https:\/\/atecordoba.org\/index.php?rest_route=%2Fwp%2Fv2%2Ftags&post=26780"}],"curies":[{"name":"wp","href":"https:\/\/api.w.org\/{rel}","templated":true}]}}