{"id":26755,"date":"2021-07-16T11:00:55","date_gmt":"2021-07-16T14:00:55","guid":{"rendered":"https:\/\/atecordoba.org\/?p=26755"},"modified":"2021-07-16T11:48:43","modified_gmt":"2021-07-16T14:48:43","slug":"ate-presento-nueva-ficha-de-afiliacion-con-perspectiva-de-genero","status":"publish","type":"post","link":"https:\/\/atecordoba.org\/?p=26755","title":{"rendered":"ATE present\u00f3 nueva ficha de afiliaci\u00f3n con perspectiva de g\u00e9nero"},"content":{"rendered":"\n<div class=\"wp-block-image\"><figure class=\"aligncenter size-large\"><img loading=\"lazy\" decoding=\"async\" width=\"781\" height=\"592\" src=\"https:\/\/atecordoba.org\/wp-content\/uploads\/2021\/07\/ficha_trans.jpeg\" alt=\"\" class=\"wp-image-26757\" srcset=\"https:\/\/atecordoba.org\/wp-content\/uploads\/2021\/07\/ficha_trans.jpeg 781w, https:\/\/atecordoba.org\/wp-content\/uploads\/2021\/07\/ficha_trans-300x227.jpeg 300w, https:\/\/atecordoba.org\/wp-content\/uploads\/2021\/07\/ficha_trans-768x582.jpeg 768w, https:\/\/atecordoba.org\/wp-content\/uploads\/2021\/07\/ficha_trans-750x569.jpeg 750w\" sizes=\"auto, (max-width: 781px) 100vw, 781px\" \/><\/figure><\/div>\n\n\n\n<p>La&nbsp;Asociaci\u00f3n de Trabajadores del Estado (ATE) present\u00f3 su nueva ficha de afiliaci\u00f3n con perspectiva de g\u00e9nero&nbsp;en la que se permite la opci\u00f3n de incluir el&nbsp;<strong>n<\/strong>ombre y g\u00e9nero autopercibido, sin ser obligatoria la especificaci\u00f3n en este \u00faltimo caso.&nbsp;\u201cTenemos la ley, s\u00f3lo debemos cumplir con ella\u201d,&nbsp;se\u00f1al\u00f3&nbsp;Est\u00e9rea Gonz\u00e1lez, Secretaria de Finanzas del Consejo Directivo Nacional.<\/p>\n\n\n\n<p>\u201cDentro de las funciones de la Secretar\u00eda de Finanzas, una de las funciones es llevar el control de altas y bajas de los afiliados, adem\u00e1s de la confecci\u00f3n y entrega de los carnet de afiliaci\u00f3n.&nbsp;Teniendo en cuenta la Ley de Identidad de G\u00e9nero 26.743 y a pedido del Departamento de G\u00e9nero se realiza un nuevo formato de planilla de afiliaci\u00f3n para incluir a todos los g\u00e9neros\u201d, explic\u00f3.<\/p>\n\n\n\n<p>Gonz\u00e1lez record\u00f3 un hecho que marc\u00f3 un antes y despu\u00e9s en cuanto a la perspectiva de g\u00e9nero del sindicato: \u201cEl 4 de junio, desde la seccional Andina Sur en la provincia de R\u00edo Negro, se nos pidi\u00f3 por primera vez en el pa\u00eds un carnet de afiliaci\u00f3n con cambio de identidad de g\u00e9nero y r\u00e1pidamente se trabaj\u00f3 y se cumpli\u00f3 con la ley a pedido de la afiliada\u201d.<\/p>\n\n\n\n<p>\u201cSomos un sindicato que est\u00e1 en plena deconstrucci\u00f3n, profundizando sus pol\u00edticas de g\u00e9nero y diversidad. No s\u00f3lo reconocemos los derechos otorgados por ley, sino que tambi\u00e9n acompa\u00f1amos y luchamos por ellos\u201d, concluy\u00f3 la Secretaria de Finanzas. La nueva ficha de afiliaci\u00f3n indica el cumplimiento del art\u00edculo 12 de la Ley de identidad, prestando un trato digno para todos los afiliados.<\/p>\n\n\n\n<p>En concordancia con lo anterior, el Secretario Adjunto Nacional de ATE, Rodolfo Aguiar, coincidi\u00f3 en que&nbsp;\u201ceste nuevo modelo de formulario de afiliaci\u00f3n implica un avance significativo en el proceso de deconstrucci\u00f3n del sindicato\u201d. \u201cEl nuevo formato se convierte en un hecho pol\u00edtico de relevancia para nuestra entidad\u201d, estim\u00f3.&nbsp;<\/p>\n\n\n\n<p>Por su parte, Eugenio Talbot, integrante del Departamento de G\u00e9neros y Diversidades de ATE C\u00f3rdoba, celebr\u00f3 la iniciativa. &#8220;La nueva ficha de afiliaci\u00f3n ha incorporado a la poblaci\u00f3n LGTB en el grupo de identidades reconocidas y nombradas. Con esta decisi\u00f3n pol\u00edtica el gremio no solo muestra que las luchas son colectivas sino que tambi\u00e9n se define claramente como defensor de los DDHH&#8221;, dijo Talbot. <\/p>\n\n\n\n<p>&#8220;Muchas veces dijimos &#8216;lo que no se nombra, no existe&#8217; pero la apuesta de ATE no solo es nombrarnos sino darnos la posibilidad de formar parte de un espacio plural de lucha en la conquista de derechos de todes les trabajadores&#8221;, finaliz\u00f3.<\/p>\n","protected":false},"excerpt":{"rendered":"<p>La&nbsp;Asociaci\u00f3n de Trabajadores del Estado (ATE) present\u00f3 su nueva ficha de afiliaci\u00f3n con perspectiva de g\u00e9nero&nbsp;en la que se permite la opci\u00f3n de incluir el&nbsp;nombre y g\u00e9nero autopercibido, sin ser obligatoria la especificaci\u00f3n en este \u00faltimo caso.&nbsp;\u201cTenemos la ley, s\u00f3lo debemos cumplir con ella\u201d,&nbsp;se\u00f1al\u00f3&nbsp;Est\u00e9rea Gonz\u00e1lez, Secretaria de Finanzas del Consejo Directivo Nacional. \u201cDentro de las [&hellip;]<\/p>\n","protected":false},"author":3,"featured_media":26757,"comment_status":"open","ping_status":"open","sticky":false,"template":"","format":"standard","meta":{"_exactmetrics_skip_tracking":false,"_exactmetrics_sitenote_active":false,"_exactmetrics_sitenote_note":"","_exactmetrics_sitenote_category":0,"jnews-multi-image_gallery":[],"jnews_single_post":{"subtitle":"El nuevo formulario permite la opci\u00f3n de registrar el g\u00e9nero y nombre autopercibido.","format":"standard","video":"","gallery":"","source_name":"","source_url":"","via_name":"","via_url":"","override":[{"single_blog_custom":"","sidebar":"","second_sidebar":"","share_position":"","share_float_style":"","post_date_format":"","post_date_format_custom":"","post_reading_time_wpm":"","zoom_button_out_step":"1","zoom_button_in_step":"1","number_popup_post":"1"}],"image_override":[{"single_post_thumbnail_size":"","single_post_gallery_size":""}],"trending_post_position":"","trending_post_label":"","sponsored_post_label":"","sponsored_post_name":"","sponsored_post_url":"","sponsored_post_logo":"","sponsored_post_desc":""},"jnews_primary_category":{"id":""},"jnews_social_meta":{"fb_title":"","fb_description":"","fb_image":"","twitter_title":"","twitter_description":"","twitter_image":""},"jnews_review":[],"enable_review":"","type":"percentage","name":"","summary":"","brand":"","sku":"","good":[{"good_text":""}],"bad":[{"bad_text":""}],"score_override":"","override_value":"","rating":[{"rating_text":"","rating_number":"10"}],"price":[{"shop":"","price":"","link":"","icon":""}],"jnews_override_counter":{"view_counter_number":"0","share_counter_number":"0","like_counter_number":"0","dislike_counter_number":"0"},"jnews_post_split":{"post_split":[{"template":"1","tag":"h2","numbering":"asc","mode":"normal","toc_type":"normal"}]},"footnotes":""},"categories":[325],"tags":[864],"class_list":["post-26755","post","type-post","status-publish","format-standard","has-post-thumbnail","hentry","category-generos-y-diversidades","tag-ficha-trans"],"jetpack_featured_media_url":"https:\/\/atecordoba.org\/wp-content\/uploads\/2021\/07\/ficha_trans.jpeg","_links":{"self":[{"href":"https:\/\/atecordoba.org\/index.php?rest_route=\/wp\/v2\/posts\/26755","targetHints":{"allow":["GET"]}}],"collection":[{"href":"https:\/\/atecordoba.org\/index.php?rest_route=\/wp\/v2\/posts"}],"about":[{"href":"https:\/\/atecordoba.org\/index.php?rest_route=\/wp\/v2\/types\/post"}],"author":[{"embeddable":true,"href":"https:\/\/atecordoba.org\/index.php?rest_route=\/wp\/v2\/users\/3"}],"replies":[{"embeddable":true,"href":"https:\/\/atecordoba.org\/index.php?rest_route=%2Fwp%2Fv2%2Fcomments&post=26755"}],"version-history":[{"count":2,"href":"https:\/\/atecordoba.org\/index.php?rest_route=\/wp\/v2\/posts\/26755\/revisions"}],"predecessor-version":[{"id":26767,"href":"https:\/\/atecordoba.org\/index.php?rest_route=\/wp\/v2\/posts\/26755\/revisions\/26767"}],"wp:featuredmedia":[{"embeddable":true,"href":"https:\/\/atecordoba.org\/index.php?rest_route=\/wp\/v2\/media\/26757"}],"wp:attachment":[{"href":"https:\/\/atecordoba.org\/index.php?rest_route=%2Fwp%2Fv2%2Fmedia&parent=26755"}],"wp:term":[{"taxonomy":"category","embeddable":true,"href":"https:\/\/atecordoba.org\/index.php?rest_route=%2Fwp%2Fv2%2Fcategories&post=26755"},{"taxonomy":"post_tag","embeddable":true,"href":"https:\/\/atecordoba.org\/index.php?rest_route=%2Fwp%2Fv2%2Ftags&post=26755"}],"curies":[{"name":"wp","href":"https:\/\/api.w.org\/{rel}","templated":true}]}}