{"id":26751,"date":"2021-07-16T10:37:56","date_gmt":"2021-07-16T13:37:56","guid":{"rendered":"https:\/\/atecordoba.org\/?p=26751"},"modified":"2021-07-16T10:37:59","modified_gmt":"2021-07-16T13:37:59","slug":"canasta-ate-indec-con-la-suba-del-3-2-en-junio-una-familia-necesita-103-mil-pesos-para-cubrir-sus-gastos-mensuales","status":"publish","type":"post","link":"https:\/\/atecordoba.org\/?p=26751","title":{"rendered":"Canasta ATE INDEC: con la suba del 3.2% en junio una familia necesita 103 mil pesos para cubrir sus gastos mensuales"},"content":{"rendered":"\n<div class=\"wp-block-image\"><figure class=\"aligncenter size-large is-resized\"><img loading=\"lazy\" decoding=\"async\" src=\"https:\/\/atecordoba.org\/wp-content\/uploads\/2021\/07\/ATE-indec-flyer-junio-2021.jpeg\" alt=\"\" class=\"wp-image-26752\" width=\"717\" height=\"601\" srcset=\"https:\/\/atecordoba.org\/wp-content\/uploads\/2021\/07\/ATE-indec-flyer-junio-2021.jpeg 940w, https:\/\/atecordoba.org\/wp-content\/uploads\/2021\/07\/ATE-indec-flyer-junio-2021-300x251.jpeg 300w, https:\/\/atecordoba.org\/wp-content\/uploads\/2021\/07\/ATE-indec-flyer-junio-2021-768x644.jpeg 768w, https:\/\/atecordoba.org\/wp-content\/uploads\/2021\/07\/ATE-indec-flyer-junio-2021-750x629.jpeg 750w\" sizes=\"auto, (max-width: 717px) 100vw, 717px\" \/><\/figure><\/div>\n\n\n\n<p>La junta Interna de ATE INDEC difundi\u00f3 esta semana su c\u00e1lculo actualizado del costa de la canasta de gastos para el mes de junio, para una familia tipo de cuatro integrantes, dos mayores de 35 a\u00f1os y dos adolescentes.<\/p>\n\n\n\n<p>As\u00ed, el estudio ubic\u00f3 en 103.128 pesos el ingreso salarial m\u00ednimo e indispensable para una familia, mientras que el Indec estima actualmente la l\u00ednea de pobreza en mayo, \u00faltima oficial, en 64.445. <\/p>\n\n\n\n<p>En sus valoraci\u00f3n del informe, la Junta Interna consider\u00f3 que &#8220;la continua y persistente alza de los costos de productos, bienes y servicios que componen la Canasta B\u00e1sica total, sigue siendo un problema para la gran mayor\u00eda de lxs que enfrentamos, con magros ingresos y con precariedad laboral, mes a mes, estos gastos. El \u00faltimo dato oficial de variaci\u00f3n de precios de junio 2021, que se ubic\u00f3 en un 3,2% -con un acumulado interanual del 50% -, ya sepult\u00f3 la pauta inflacionaria planteada por el gobierno en el \u00faltimo presupuesto. Teniendo como consecuencia, muchas veces impulsados desde sus bases, a los sindicatos exigiendo la reapertura de las paritarias&#8221;. <\/p>\n\n\n\n<p>Y agreg\u00f3 que &#8220;tanto los especialistas del tema, como el Relevamiento de Expectativas del Mercado, plantean una inflaci\u00f3n cercana al 48% para el corriente a\u00f1o. En nuestro an\u00e1lisis, seg\u00fan surge de nuestra actualizaci\u00f3n de p\u00e9rdida, el acumulado del corriente a\u00f1o estar\u00e1 alrededor del 46%&#8221;.<br>Por eso sostienen que en este escenario la p\u00e9rdida del poder adquisitivo respecto a noviembre de 2015 (inicio del macrismo) del salario -Categor\u00eda D0- en junio 2021 es igual al 40%.<\/p>\n\n\n\n<p>&#8220;Los n\u00fameros son sorprendentes, pero perfectamente l\u00f3gicos si tenemos en cuenta que, en 66 meses, el salario de referencia de diciembre 2015, actualizado a pesos de mayo 2021 deber\u00eda de ser $ 71.384.- y no los magros $43.926-, seg\u00fan la grilla salarial del SINEP de junio de este a\u00f1o&#8221;, detalla ATE INDEC.<br>Los $ 103.128 para satisfacer las necesidades familiares del pasado mes de junio est\u00e1n compuestos de $ 34.834 (Canasta Alimentaria M\u00ednima) y de $ 68.294 (para acceder a otros bienes y servicios b\u00e1sicos).<\/p>\n\n\n\n<p>Cabe se\u00f1alar que en mayo, la misma referencia <a href=\"https:\/\/atecordoba.org\/?p=26345\">ubic\u00f3 en 100 mil peso<\/a>s (99929,86) el ingreso m\u00ednimo necesario para la familia de las y los estatales.<\/p>\n\n\n\n<p><strong>El informe completo<\/strong><\/p>\n\n\n<a href=\"https:\/\/atecordoba.org\/wp-content\/uploads\/2021\/07\/ATE-indec_informe-junio_2021.pdf\" class=\"pdfemb-viewer\" style=\"\" data-width=\"max\" data-height=\"max\" data-toolbar=\"bottom\" data-toolbar-fixed=\"off\">ATE-indec_informe-junio_2021<\/a>\n<p class=\"wp-block-pdfemb-pdf-embedder-viewer\"><\/p>\n","protected":false},"excerpt":{"rendered":"<p>La junta Interna de ATE INDEC difundi\u00f3 esta semana su c\u00e1lculo actualizado del costa de la canasta de gastos para el mes de junio, para una familia tipo de cuatro integrantes, dos mayores de 35 a\u00f1os y dos adolescentes. As\u00ed, el estudio ubic\u00f3 en 103.128 pesos el ingreso salarial m\u00ednimo e indispensable para una familia, [&hellip;]<\/p>\n","protected":false},"author":3,"featured_media":26756,"comment_status":"open","ping_status":"open","sticky":false,"template":"","format":"standard","meta":{"_exactmetrics_skip_tracking":false,"_exactmetrics_sitenote_active":false,"_exactmetrics_sitenote_note":"","_exactmetrics_sitenote_category":0,"jnews-multi-image_gallery":[],"jnews_single_post":{"subtitle":"La Junta Interna del organismo estad\u00edstico oficial difundi\u00f3 el costo de la canasta de gastos mensuales para una familia tipo de cuatro integrantes. La inflaci\u00f3n interanual lleg\u00f3 al 50.2% y en el 2021 lleva un aumento del 25.3%.","format":"standard","video":"","gallery":"","source_name":"","source_url":"","via_name":"","via_url":"","override":[{"single_blog_custom":"","sidebar":"","second_sidebar":"","share_position":"","share_float_style":"","post_date_format":"","post_date_format_custom":"","post_reading_time_wpm":"","zoom_button_out_step":"1","zoom_button_in_step":"1","number_popup_post":"1"}],"image_override":[{"single_post_thumbnail_size":"","single_post_gallery_size":""}],"trending_post_position":"","trending_post_label":"","sponsored_post_label":"","sponsored_post_name":"","sponsored_post_url":"","sponsored_post_logo":"","sponsored_post_desc":""},"jnews_primary_category":{"id":""},"jnews_social_meta":{"fb_title":"","fb_description":"","fb_image":"","twitter_title":"","twitter_description":"","twitter_image":""},"jnews_review":[],"enable_review":"","type":"percentage","name":"","summary":"","brand":"","sku":"","good":[{"good_text":""}],"bad":[{"bad_text":""}],"score_override":"","override_value":"","rating":[{"rating_text":"","rating_number":"10"}],"price":[{"shop":"","price":"","link":"","icon":""}],"jnews_override_counter":{"view_counter_number":"0","share_counter_number":"0","like_counter_number":"0","dislike_counter_number":"0"},"jnews_post_split":{"post_split":[{"template":"1","tag":"h2","numbering":"asc","mode":"normal","toc_type":"normal"}]},"footnotes":""},"categories":[341,1],"tags":[848],"class_list":["post-26751","post","type-post","status-publish","format-standard","has-post-thumbnail","hentry","category-cdp","category-sin-categoria","tag-ate-indec-2"],"jetpack_featured_media_url":"https:\/\/atecordoba.org\/wp-content\/uploads\/2021\/07\/ATE_indec_flyer_junio_2021.jpeg","_links":{"self":[{"href":"https:\/\/atecordoba.org\/index.php?rest_route=\/wp\/v2\/posts\/26751","targetHints":{"allow":["GET"]}}],"collection":[{"href":"https:\/\/atecordoba.org\/index.php?rest_route=\/wp\/v2\/posts"}],"about":[{"href":"https:\/\/atecordoba.org\/index.php?rest_route=\/wp\/v2\/types\/post"}],"author":[{"embeddable":true,"href":"https:\/\/atecordoba.org\/index.php?rest_route=\/wp\/v2\/users\/3"}],"replies":[{"embeddable":true,"href":"https:\/\/atecordoba.org\/index.php?rest_route=%2Fwp%2Fv2%2Fcomments&post=26751"}],"version-history":[{"count":1,"href":"https:\/\/atecordoba.org\/index.php?rest_route=\/wp\/v2\/posts\/26751\/revisions"}],"predecessor-version":[{"id":26754,"href":"https:\/\/atecordoba.org\/index.php?rest_route=\/wp\/v2\/posts\/26751\/revisions\/26754"}],"wp:featuredmedia":[{"embeddable":true,"href":"https:\/\/atecordoba.org\/index.php?rest_route=\/wp\/v2\/media\/26756"}],"wp:attachment":[{"href":"https:\/\/atecordoba.org\/index.php?rest_route=%2Fwp%2Fv2%2Fmedia&parent=26751"}],"wp:term":[{"taxonomy":"category","embeddable":true,"href":"https:\/\/atecordoba.org\/index.php?rest_route=%2Fwp%2Fv2%2Fcategories&post=26751"},{"taxonomy":"post_tag","embeddable":true,"href":"https:\/\/atecordoba.org\/index.php?rest_route=%2Fwp%2Fv2%2Ftags&post=26751"}],"curies":[{"name":"wp","href":"https:\/\/api.w.org\/{rel}","templated":true}]}}