{"id":26745,"date":"2021-07-15T14:15:06","date_gmt":"2021-07-15T17:15:06","guid":{"rendered":"https:\/\/atecordoba.org\/?p=26745"},"modified":"2021-07-15T14:15:06","modified_gmt":"2021-07-15T17:15:06","slug":"en-julio-comenzaron-los-cursos-de-formacion-de-la-fenat-para-las-y-los-militantes-territoriales-de-la-cta","status":"publish","type":"post","link":"https:\/\/atecordoba.org\/?p=26745","title":{"rendered":"En julio comenzaron los cursos de formaci\u00f3n de la Fenat para las y los militantes territoriales de la CTA"},"content":{"rendered":"\n<div class=\"wp-block-image\"><figure class=\"aligncenter size-large\"><img loading=\"lazy\" decoding=\"async\" width=\"1024\" height=\"640\" src=\"https:\/\/atecordoba.org\/wp-content\/uploads\/2021\/07\/entrevista-fenat-1024x640.jpeg\" alt=\"\" class=\"wp-image-26746\" srcset=\"https:\/\/atecordoba.org\/wp-content\/uploads\/2021\/07\/entrevista-fenat-1024x640.jpeg 1024w, https:\/\/atecordoba.org\/wp-content\/uploads\/2021\/07\/entrevista-fenat-300x188.jpeg 300w, https:\/\/atecordoba.org\/wp-content\/uploads\/2021\/07\/entrevista-fenat-768x480.jpeg 768w, https:\/\/atecordoba.org\/wp-content\/uploads\/2021\/07\/entrevista-fenat-750x469.jpeg 750w, https:\/\/atecordoba.org\/wp-content\/uploads\/2021\/07\/entrevista-fenat-1140x713.jpeg 1140w, https:\/\/atecordoba.org\/wp-content\/uploads\/2021\/07\/entrevista-fenat.jpeg 1280w\" sizes=\"auto, (max-width: 1024px) 100vw, 1024px\" \/><figcaption>Fernando Boloquy, abajo, junto a Julia Giuliani y Franco Ayesa, conductores de Entre Todos y Todas.<\/figcaption><\/figure><\/div>\n\n\n\n<p>Entrevistado el martes pasado por el programa Entre Todos y Todas, espacio radial de ATE C\u00f3rdoba en la GEN FM 107,5, Boloquy hizo un balance de la pol\u00edtica formativa de la Federaci\u00f3n Nacional Territorial de la CTA (FENAT-CTAA).<\/p>\n\n\n\n<p>&#8220;La escuela de formaci\u00f3n de la Fenat, ya va por los dos a\u00f1os de vida y tiene la finalidad de meter la discusi\u00f3n pol\u00edtica a las problem\u00e1ticas cotidianas que tienen las compa\u00f1eras y los compa\u00f1eros en los territorios&#8221;, dijo Boloquy. <\/p>\n\n\n\n<p>&#8220;El a\u00f1o pasado empezamos con un curso sobre &#8216;identidad, territorio y poder popular&#8217;, para generar el sentido de pertenencia de la Fenat y tuvimos con participaron m\u00e1s de 100 militantes de todo el pa\u00eds, que se conectan virtualmente para compartir sus problem\u00e1ticas y dar la discusi\u00f3n pol\u00edtica que direccione la acci\u00f3n territorial frente a los conflictos&#8221;, explic\u00f3.<\/p>\n\n\n\n<p>Y agreg\u00f3: &#8220;para este a\u00f1o retornamos con otro taller que empez\u00f3 el 3 de julio, al cumplirse tres a\u00f1os de la fundaci\u00f3n de la Fenat. As\u00ed que aprovechamos la fecha para conjugarla con la necesidad de seguir formando compa\u00f1eros y compa\u00f1eras. Este a\u00f1o arrancamos de nuevo con el tema de la identidad y c\u00f3mo se construye el proceso hist\u00f3rico de la conformaci\u00f3n de la Fenat; en tanto, el s\u00e1bado 10 abordamos lo referido al modelo productivo, c\u00f3mo impacta en la desigualdad y la pobreza que vivimos en nuestro pa\u00eds y la regi\u00f3n. Con esos dos encuentros retomamos la actividad formativa pero tenemos pensado continuar con otras actividades aun por definirse. la idea central es discutir pol\u00edtica alrededor de la construcci\u00f3n territorial de la Fenat&#8221;. <\/p>\n\n\n\n<p><strong>Tambi\u00e9n form\u00e1s parte de la Mesa de Juventudes de CTA C\u00f3rdoba. Contanos de esa experiencia.<\/strong><\/p>\n\n\n\n<p>Fernando Boloquy: estamos transitando casi un a\u00f1o desde que comenzamos a gestar el espacio de la Mesa de las Juventudes de la CTA. Ahora estamos acompa\u00f1ando la creaci\u00f3n de las mesas en las seccionales que forman parte de la CTA C\u00f3rdoba. Y hablamos en plural bajo el concepto que no hay una \u00fanica manera de ser j\u00f3venes, tenemos que ser conscientes que hay un modelo que se impone a partir de las relaciones sociales y de poder sobre c\u00f3mo debe ser un joven a determinada edad. <\/p>\n\n\n\n<p><strong>\u00bfC\u00f3mo se explica?<\/strong><\/p>\n\n\n\n<p>Al reconocer esto, vemos la diversidad de nuestras propias realidades como laburantes formales o informales, como vecinos de las barriadas populares o estudiantes que estamos en condici\u00f3n de vulnerabilidad de derechos. Como j\u00f3venes tenemos problemas de acceso al trabajo, a la educaci\u00f3n y la idea del espacio es reconocernos como protagonistas ahora y no en el futuro. <\/p>\n\n\n\n<p>Esa idea que hay que preparar a los j\u00f3venes para el futuro pero desde la organizaci\u00f3n de las juventudes pretendemos reconocernos como protagonistas para intervenir sobre la realidad ahora, ya, fortaleciendo la conciencia de clase y el esp\u00edritu de lucha.<\/p>\n\n\n\n<p><strong>\u00bfC\u00f3mo encaran las Juventudes la construcci\u00f3n en el espacio universitario, con j\u00f3venes que est\u00e1n muy centrados en estudiar u recibirse para ingresar al mercado laboral?<\/strong><\/p>\n\n\n\n<p>Las juventudes que est\u00e1n en un proceso formativo, sea universitario o terciario,  se chocan con la realidad cuando salen al mercado laboral. Ah\u00ed est\u00e1 muy presente la vulnerabilidad que habl\u00e1bamos antes. Cuesta esa construcci\u00f3n pero hay que darse su tiempo, porque el inter\u00e9s de parte de los j\u00f3venes existe y hay que canalizarlo e incorporarlo a la CTA. <\/p>\n","protected":false},"excerpt":{"rendered":"<p>Entrevistado el martes pasado por el programa Entre Todos y Todas, espacio radial de ATE C\u00f3rdoba en la GEN FM 107,5, Boloquy hizo un balance de la pol\u00edtica formativa de la Federaci\u00f3n Nacional Territorial de la CTA (FENAT-CTAA). &#8220;La escuela de formaci\u00f3n de la Fenat, ya va por los dos a\u00f1os de vida y tiene [&hellip;]<\/p>\n","protected":false},"author":3,"featured_media":26746,"comment_status":"open","ping_status":"open","sticky":false,"template":"","format":"standard","meta":{"_exactmetrics_skip_tracking":false,"_exactmetrics_sitenote_active":false,"_exactmetrics_sitenote_note":"","_exactmetrics_sitenote_category":0,"jnews-multi-image_gallery":[],"jnews_single_post":{"subtitle":"Ferm\u00edn Boloquy cont\u00f3 como arrancaron la experiencia formativa y valor\u00f3 lo que se viene haciendo en la organizaci\u00f3n desde el 2020.","format":"standard","video":"","gallery":"","source_name":"","source_url":"","via_name":"","via_url":"","override":[{"single_blog_custom":"","sidebar":"","second_sidebar":"","share_position":"","share_float_style":"","post_date_format":"","post_date_format_custom":"","post_reading_time_wpm":"","zoom_button_out_step":"1","zoom_button_in_step":"1","number_popup_post":"1"}],"image_override":[{"single_post_thumbnail_size":"","single_post_gallery_size":""}],"trending_post_position":"","trending_post_label":"","sponsored_post_label":"","sponsored_post_name":"","sponsored_post_url":"","sponsored_post_logo":"","sponsored_post_desc":""},"jnews_primary_category":{"id":""},"jnews_social_meta":{"fb_title":"","fb_description":"","fb_image":"","twitter_title":"","twitter_description":"","twitter_image":""},"jnews_review":[],"enable_review":"","type":"percentage","name":"","summary":"","brand":"","sku":"","good":[{"good_text":""}],"bad":[{"bad_text":""}],"score_override":"","override_value":"","rating":[{"rating_text":"","rating_number":"10"}],"price":[{"shop":"","price":"","link":"","icon":""}],"jnews_override_counter":{"view_counter_number":"0","share_counter_number":"0","like_counter_number":"0","dislike_counter_number":"0"},"jnews_post_split":{"post_split":[{"template":"1","tag":"h2","numbering":"asc","mode":"normal","toc_type":"normal"}]},"footnotes":""},"categories":[10,346],"tags":[863],"class_list":["post-26745","post","type-post","status-publish","format-standard","has-post-thumbnail","hentry","category-accion-politica","category-prensa-y-comunicacion","tag-fenat"],"jetpack_featured_media_url":"https:\/\/atecordoba.org\/wp-content\/uploads\/2021\/07\/entrevista-fenat.jpeg","_links":{"self":[{"href":"https:\/\/atecordoba.org\/index.php?rest_route=\/wp\/v2\/posts\/26745","targetHints":{"allow":["GET"]}}],"collection":[{"href":"https:\/\/atecordoba.org\/index.php?rest_route=\/wp\/v2\/posts"}],"about":[{"href":"https:\/\/atecordoba.org\/index.php?rest_route=\/wp\/v2\/types\/post"}],"author":[{"embeddable":true,"href":"https:\/\/atecordoba.org\/index.php?rest_route=\/wp\/v2\/users\/3"}],"replies":[{"embeddable":true,"href":"https:\/\/atecordoba.org\/index.php?rest_route=%2Fwp%2Fv2%2Fcomments&post=26745"}],"version-history":[{"count":1,"href":"https:\/\/atecordoba.org\/index.php?rest_route=\/wp\/v2\/posts\/26745\/revisions"}],"predecessor-version":[{"id":26747,"href":"https:\/\/atecordoba.org\/index.php?rest_route=\/wp\/v2\/posts\/26745\/revisions\/26747"}],"wp:featuredmedia":[{"embeddable":true,"href":"https:\/\/atecordoba.org\/index.php?rest_route=\/wp\/v2\/media\/26746"}],"wp:attachment":[{"href":"https:\/\/atecordoba.org\/index.php?rest_route=%2Fwp%2Fv2%2Fmedia&parent=26745"}],"wp:term":[{"taxonomy":"category","embeddable":true,"href":"https:\/\/atecordoba.org\/index.php?rest_route=%2Fwp%2Fv2%2Fcategories&post=26745"},{"taxonomy":"post_tag","embeddable":true,"href":"https:\/\/atecordoba.org\/index.php?rest_route=%2Fwp%2Fv2%2Ftags&post=26745"}],"curies":[{"name":"wp","href":"https:\/\/api.w.org\/{rel}","templated":true}]}}