{"id":26731,"date":"2021-07-15T11:53:31","date_gmt":"2021-07-15T14:53:31","guid":{"rendered":"https:\/\/atecordoba.org\/?p=26731"},"modified":"2021-07-15T12:29:25","modified_gmt":"2021-07-15T15:29:25","slug":"a-pesar-del-peligro-de-derrumbe-en-un-sector-del-hospital-misericordia-las-autoridades-no-cierran-el-area","status":"publish","type":"post","link":"https:\/\/atecordoba.org\/?p=26731","title":{"rendered":"A pesar del peligro de derrumbe en un sector del Hospital Misericordia las autoridades no cierran el \u00e1rea"},"content":{"rendered":"\n<div class=\"wp-block-image\"><figure class=\"alignleft size-large is-resized\"><img loading=\"lazy\" decoding=\"async\" src=\"https:\/\/atecordoba.org\/wp-content\/uploads\/2021\/07\/15_07_Hospital_Misericordia-1024x1024.jpg\" alt=\"\" class=\"wp-image-26738\" width=\"538\" height=\"523\"\/><\/figure><\/div>\n\n\n\n<p>En el marco de las asambleas que se vienen realizando en los hospitales provinciales, con miras al paro de la semana que viene, el equipo de salud del Hospital Misericordia denunci\u00f3 que un hall interno con fuerte tr\u00e1fico de personas, entre personal y pacientes, sufre graves riesgos de colapsar producto de fallas en la infraestructura de los techos.<\/p>\n\n\n\n<p>&#8220;Es la parte nueva del edificio y la loza est\u00e1 por ceder, por eso le pusieron las vigas. Arriba hay un ba\u00f1o y todo esto es un grave riesgo para la salud del personal y los que concurren a hacerse atender en el hospital&#8221;, denunci\u00f3 el secretario de Organizaci\u00f3n de ATE C\u00f3rdoba, Omar Alerzia.<\/p>\n\n\n\n<p>La Direcci\u00f3n del nosocomio no ha clausurado hasta el momento el sector. Vale recordar que un ala de la parte antigua del edificio <a href=\"https:\/\/atecordoba.org\/?p=24479\">se derrumb\u00f3 completamente<\/a> en febrero pasado.<\/p>\n\n\n\n<p><strong>Asamblea<\/strong><\/p>\n\n\n\n<p>Durante la asamblea realizada hoy las y los trabajadores ratificaron el compromiso con el paro que se llevar\u00e1 a cabo la semana que viene.<\/p>\n\n\n\n<p>A la vez, denunciaron que el hospital est\u00e1 viviendo un feroz proceso de tercerizaci\u00f3n de servicios. &#8220;Ya pusieron en manos privadas la Farmacia del hospital y del Servicio de Esterilizaci\u00f3n&#8221;, complet\u00f3 Alerzia.<\/p>\n\n\n\n<div class=\"wp-block-group\"><div class=\"wp-block-group__inner-container is-layout-flow wp-block-group-is-layout-flow\">\n<div class=\"wp-block-columns is-layout-flex wp-container-core-columns-is-layout-9d6595d7 wp-block-columns-is-layout-flex\">\n<div class=\"wp-block-column is-layout-flow wp-block-column-is-layout-flow\" style=\"flex-basis:100%\">\n<figure class=\"wp-block-gallery columns-2 is-cropped wp-block-gallery-1 is-layout-flex wp-block-gallery-is-layout-flex\"><ul class=\"blocks-gallery-grid\"><li class=\"blocks-gallery-item\"><figure><img loading=\"lazy\" decoding=\"async\" width=\"576\" height=\"1024\" src=\"https:\/\/atecordoba.org\/wp-content\/uploads\/2021\/07\/misericordia-asamblea-576x1024.jpeg\" alt=\"\" data-id=\"26733\" data-full-url=\"https:\/\/atecordoba.org\/wp-content\/uploads\/2021\/07\/misericordia-asamblea.jpeg\" data-link=\"https:\/\/atecordoba.org\/?attachment_id=26733\" class=\"wp-image-26733\" srcset=\"https:\/\/atecordoba.org\/wp-content\/uploads\/2021\/07\/misericordia-asamblea-576x1024.jpeg 576w, https:\/\/atecordoba.org\/wp-content\/uploads\/2021\/07\/misericordia-asamblea-169x300.jpeg 169w, https:\/\/atecordoba.org\/wp-content\/uploads\/2021\/07\/misericordia-asamblea.jpeg 581w\" sizes=\"auto, (max-width: 576px) 100vw, 576px\" \/><\/figure><\/li><li class=\"blocks-gallery-item\"><figure><img loading=\"lazy\" decoding=\"async\" width=\"576\" height=\"1024\" src=\"https:\/\/atecordoba.org\/wp-content\/uploads\/2021\/07\/misericordia-vigas-576x1024.jpeg\" alt=\"\" data-id=\"26732\" data-full-url=\"https:\/\/atecordoba.org\/wp-content\/uploads\/2021\/07\/misericordia-vigas.jpeg\" data-link=\"https:\/\/atecordoba.org\/?attachment_id=26732\" class=\"wp-image-26732\" srcset=\"https:\/\/atecordoba.org\/wp-content\/uploads\/2021\/07\/misericordia-vigas-576x1024.jpeg 576w, https:\/\/atecordoba.org\/wp-content\/uploads\/2021\/07\/misericordia-vigas-169x300.jpeg 169w, https:\/\/atecordoba.org\/wp-content\/uploads\/2021\/07\/misericordia-vigas.jpeg 581w\" sizes=\"auto, (max-width: 576px) 100vw, 576px\" \/><\/figure><\/li><\/ul><\/figure>\n<\/div>\n<\/div>\n<\/div><\/div>\n\n\n\n<p><\/p>\n","protected":false},"excerpt":{"rendered":"<p>En el marco de las asambleas que se vienen realizando en los hospitales provinciales, con miras al paro de la semana que viene, el equipo de salud del Hospital Misericordia denunci\u00f3 que un hall interno con fuerte tr\u00e1fico de personas, entre personal y pacientes, sufre graves riesgos de colapsar producto de fallas en la infraestructura [&hellip;]<\/p>\n","protected":false},"author":3,"featured_media":26744,"comment_status":"open","ping_status":"open","sticky":false,"template":"","format":"standard","meta":{"_exactmetrics_skip_tracking":false,"_exactmetrics_sitenote_active":false,"_exactmetrics_sitenote_note":"","_exactmetrics_sitenote_category":0,"jnews-multi-image_gallery":[],"jnews_single_post":{"subtitle":"Un hall interno est\u00e1 apuntalado con vigas de madera donde concurre en trabajadores y pacientes sin que se clausure el lugar, que oficia de distribuidor y espera para los servicios de Rayos y Laboratorio, entre otros.","format":"standard","video":"","gallery":"","source_name":"","source_url":"","via_name":"","via_url":"","override":[{"single_blog_custom":"","sidebar":"","second_sidebar":"","share_position":"","share_float_style":"","post_date_format":"","post_date_format_custom":"","post_reading_time_wpm":"","zoom_button_out_step":"1","zoom_button_in_step":"1","number_popup_post":"1"}],"image_override":[{"single_post_thumbnail_size":"","single_post_gallery_size":""}],"trending_post_position":"","trending_post_label":"","sponsored_post_label":"","sponsored_post_name":"","sponsored_post_url":"","sponsored_post_logo":"","sponsored_post_desc":""},"jnews_primary_category":{"id":""},"jnews_social_meta":{"fb_title":"","fb_description":"","fb_image":"","twitter_title":"","twitter_description":"","twitter_image":""},"jnews_review":[],"enable_review":"","type":"percentage","name":"","summary":"","brand":"","sku":"","good":[{"good_text":""}],"bad":[{"bad_text":""}],"score_override":"","override_value":"","rating":[{"rating_text":"","rating_number":"10"}],"price":[{"shop":"","price":"","link":"","icon":""}],"jnews_override_counter":{"view_counter_number":"0","share_counter_number":"0","like_counter_number":"0","dislike_counter_number":"0"},"jnews_post_split":{"post_split":[{"template":"1","tag":"h2","numbering":"asc","mode":"normal","toc_type":"normal"}]},"footnotes":""},"categories":[8],"tags":[353,862],"class_list":["post-26731","post","type-post","status-publish","format-standard","has-post-thumbnail","hentry","category-provinciales","tag-hospital-misericordia","tag-peligro-de-derrumbe"],"jetpack_featured_media_url":"https:\/\/atecordoba.org\/wp-content\/uploads\/2021\/07\/hMisercordia.jpeg","_links":{"self":[{"href":"https:\/\/atecordoba.org\/index.php?rest_route=\/wp\/v2\/posts\/26731","targetHints":{"allow":["GET"]}}],"collection":[{"href":"https:\/\/atecordoba.org\/index.php?rest_route=\/wp\/v2\/posts"}],"about":[{"href":"https:\/\/atecordoba.org\/index.php?rest_route=\/wp\/v2\/types\/post"}],"author":[{"embeddable":true,"href":"https:\/\/atecordoba.org\/index.php?rest_route=\/wp\/v2\/users\/3"}],"replies":[{"embeddable":true,"href":"https:\/\/atecordoba.org\/index.php?rest_route=%2Fwp%2Fv2%2Fcomments&post=26731"}],"version-history":[{"count":3,"href":"https:\/\/atecordoba.org\/index.php?rest_route=\/wp\/v2\/posts\/26731\/revisions"}],"predecessor-version":[{"id":26740,"href":"https:\/\/atecordoba.org\/index.php?rest_route=\/wp\/v2\/posts\/26731\/revisions\/26740"}],"wp:featuredmedia":[{"embeddable":true,"href":"https:\/\/atecordoba.org\/index.php?rest_route=\/wp\/v2\/media\/26744"}],"wp:attachment":[{"href":"https:\/\/atecordoba.org\/index.php?rest_route=%2Fwp%2Fv2%2Fmedia&parent=26731"}],"wp:term":[{"taxonomy":"category","embeddable":true,"href":"https:\/\/atecordoba.org\/index.php?rest_route=%2Fwp%2Fv2%2Fcategories&post=26731"},{"taxonomy":"post_tag","embeddable":true,"href":"https:\/\/atecordoba.org\/index.php?rest_route=%2Fwp%2Fv2%2Ftags&post=26731"}],"curies":[{"name":"wp","href":"https:\/\/api.w.org\/{rel}","templated":true}]}}