{"id":26727,"date":"2021-07-15T11:28:26","date_gmt":"2021-07-15T14:28:26","guid":{"rendered":"https:\/\/atecordoba.org\/?p=26727"},"modified":"2021-07-15T11:29:09","modified_gmt":"2021-07-15T14:29:09","slug":"preocupacion-en-rio-cuarto-por-los-contagios-en-emos","status":"publish","type":"post","link":"https:\/\/atecordoba.org\/?p=26727","title":{"rendered":"Preocupaci\u00f3n en R\u00edo Cuarto por los contagios en EMOS"},"content":{"rendered":"\n<div class=\"wp-block-image\"><figure class=\"aligncenter size-large\"><img loading=\"lazy\" decoding=\"async\" width=\"1024\" height=\"580\" src=\"https:\/\/atecordoba.org\/wp-content\/uploads\/2021\/07\/emos-1024x580.jpeg\" alt=\"\" class=\"wp-image-26728\" srcset=\"https:\/\/atecordoba.org\/wp-content\/uploads\/2021\/07\/emos-1024x580.jpeg 1024w, https:\/\/atecordoba.org\/wp-content\/uploads\/2021\/07\/emos-300x170.jpeg 300w, https:\/\/atecordoba.org\/wp-content\/uploads\/2021\/07\/emos-768x435.jpeg 768w, https:\/\/atecordoba.org\/wp-content\/uploads\/2021\/07\/emos-750x425.jpeg 750w, https:\/\/atecordoba.org\/wp-content\/uploads\/2021\/07\/emos.jpeg 1080w\" sizes=\"auto, (max-width: 1024px) 100vw, 1024px\" \/><\/figure><\/div>\n\n\n\n<p>La seccional emiti\u00f3 un comunicado donde manifest\u00f3 su &#8220;preocupaci\u00f3n por la situaci\u00f3n que atraviesa EMOS (Empresa Municipal de Obras Sanitarias) en el marco de la pandemia. A partir de esta semana se concluy\u00f3 con el esquema de trabajo en burbujas, lo que implica que todas las y los trabajadores est\u00e9n trabajando de forma presencial, haciendo que en algunas \u00e1reas no se cumpla con el distanciamiento social obligatorio&#8221;. <\/p>\n\n\n\n<p>En este sentido, la seccional ATE R\u00edo Cuarto, que conduce Rafaela Alcoba, remarc\u00f3 que &#8220;en el Ente si se han producido contagios de COVID-19, registr\u00e1ndose hasta el momento un total de 44 trabajadores que tuvieron Covid, entre ellos el agente fallecido&#8221;.<\/p>\n\n\n\n<p>&#8220;Resulta incomprensible pensar que no hubo contagios dentro de los establecimientos cuando estamos atravesando una pandemia mundial y no estamos exentos a eso. Seguir\u00e1n produci\u00e9ndose estos contagios, en tanto no se refuercen las medidas de bioseguridad, tomando la temperatura al ingreso, manteniendo la distancia social, utilizando alcohol en gel , proveyendo adecuadamente al personal de los EPP necesarios y no se retome el esquema de burbujas&#8221;, afirma el comunicado.<\/p>\n\n\n\n<p>Y finaliza sosteniendo que &#8220;desde ATE llamamos a una mesa de trabajo entre directivos y representantes sindicales, a los fines de trabajar en conjunto para garantizar condiciones justas de salud e higiene laboral. Qu\u00e9 no se laven las manos&#8221;<\/p>\n","protected":false},"excerpt":{"rendered":"<p>La seccional emiti\u00f3 un comunicado donde manifest\u00f3 su &#8220;preocupaci\u00f3n por la situaci\u00f3n que atraviesa EMOS (Empresa Municipal de Obras Sanitarias) en el marco de la pandemia. A partir de esta semana se concluy\u00f3 con el esquema de trabajo en burbujas, lo que implica que todas las y los trabajadores est\u00e9n trabajando de forma presencial, haciendo [&hellip;]<\/p>\n","protected":false},"author":3,"featured_media":26728,"comment_status":"open","ping_status":"open","sticky":false,"template":"","format":"standard","meta":{"_exactmetrics_skip_tracking":false,"_exactmetrics_sitenote_active":false,"_exactmetrics_sitenote_note":"","_exactmetrics_sitenote_category":0,"jnews-multi-image_gallery":[],"jnews_single_post":{"subtitle":"Unos 44 trabajadores y trabajadoras sufrieron Covid y un agente falleci\u00f3 por la enfermedad.","format":"standard","video":"","gallery":"","source_name":"","source_url":"","via_name":"","via_url":"","override":[{"single_blog_custom":"","sidebar":"","second_sidebar":"","share_position":"","share_float_style":"","post_date_format":"","post_date_format_custom":"","post_reading_time_wpm":"","zoom_button_out_step":"1","zoom_button_in_step":"1","number_popup_post":"1"}],"image_override":[{"single_post_thumbnail_size":"","single_post_gallery_size":""}],"trending_post_position":"","trending_post_label":"","sponsored_post_label":"","sponsored_post_name":"","sponsored_post_url":"","sponsored_post_logo":"","sponsored_post_desc":""},"jnews_primary_category":{"id":""},"jnews_social_meta":{"fb_title":"","fb_description":"","fb_image":"","twitter_title":"","twitter_description":"","twitter_image":""},"jnews_review":[],"enable_review":"","type":"percentage","name":"","summary":"","brand":"","sku":"","good":[{"good_text":""}],"bad":[{"bad_text":""}],"score_override":"","override_value":"","rating":[{"rating_text":"","rating_number":"10"}],"price":[{"shop":"","price":"","link":"","icon":""}],"jnews_override_counter":{"view_counter_number":"0","share_counter_number":"0","like_counter_number":"0","dislike_counter_number":"0"},"jnews_post_split":{"post_split":[{"template":"1","tag":"h2","numbering":"asc","mode":"normal","toc_type":"normal"}]},"footnotes":""},"categories":[20,12],"tags":[861],"class_list":["post-26727","post","type-post","status-publish","format-standard","has-post-thumbnail","hentry","category-municipales","category-rio-cuarto","tag-emos"],"jetpack_featured_media_url":"https:\/\/atecordoba.org\/wp-content\/uploads\/2021\/07\/emos.jpeg","_links":{"self":[{"href":"https:\/\/atecordoba.org\/index.php?rest_route=\/wp\/v2\/posts\/26727","targetHints":{"allow":["GET"]}}],"collection":[{"href":"https:\/\/atecordoba.org\/index.php?rest_route=\/wp\/v2\/posts"}],"about":[{"href":"https:\/\/atecordoba.org\/index.php?rest_route=\/wp\/v2\/types\/post"}],"author":[{"embeddable":true,"href":"https:\/\/atecordoba.org\/index.php?rest_route=\/wp\/v2\/users\/3"}],"replies":[{"embeddable":true,"href":"https:\/\/atecordoba.org\/index.php?rest_route=%2Fwp%2Fv2%2Fcomments&post=26727"}],"version-history":[{"count":2,"href":"https:\/\/atecordoba.org\/index.php?rest_route=\/wp\/v2\/posts\/26727\/revisions"}],"predecessor-version":[{"id":26730,"href":"https:\/\/atecordoba.org\/index.php?rest_route=\/wp\/v2\/posts\/26727\/revisions\/26730"}],"wp:featuredmedia":[{"embeddable":true,"href":"https:\/\/atecordoba.org\/index.php?rest_route=\/wp\/v2\/media\/26728"}],"wp:attachment":[{"href":"https:\/\/atecordoba.org\/index.php?rest_route=%2Fwp%2Fv2%2Fmedia&parent=26727"}],"wp:term":[{"taxonomy":"category","embeddable":true,"href":"https:\/\/atecordoba.org\/index.php?rest_route=%2Fwp%2Fv2%2Fcategories&post=26727"},{"taxonomy":"post_tag","embeddable":true,"href":"https:\/\/atecordoba.org\/index.php?rest_route=%2Fwp%2Fv2%2Ftags&post=26727"}],"curies":[{"name":"wp","href":"https:\/\/api.w.org\/{rel}","templated":true}]}}