{"id":26723,"date":"2021-07-15T11:20:25","date_gmt":"2021-07-15T14:20:25","guid":{"rendered":"https:\/\/atecordoba.org\/?p=26723"},"modified":"2021-07-15T11:20:27","modified_gmt":"2021-07-15T14:20:27","slug":"hospital-de-ninos-nos-estamos-preparando-para-un-paro-contundente","status":"publish","type":"post","link":"https:\/\/atecordoba.org\/?p=26723","title":{"rendered":"Hospital de Ni\u00f1os: &#8220;nos estamos preparando para un paro contundente&#8221;"},"content":{"rendered":"\n<div class=\"wp-block-image\"><figure class=\"aligncenter size-large\"><img loading=\"lazy\" decoding=\"async\" width=\"791\" height=\"445\" src=\"https:\/\/atecordoba.org\/wp-content\/uploads\/2021\/07\/hosp-ninos-cartel.jpg\" alt=\"\" class=\"wp-image-26724\" srcset=\"https:\/\/atecordoba.org\/wp-content\/uploads\/2021\/07\/hosp-ninos-cartel.jpg 791w, https:\/\/atecordoba.org\/wp-content\/uploads\/2021\/07\/hosp-ninos-cartel-300x169.jpg 300w, https:\/\/atecordoba.org\/wp-content\/uploads\/2021\/07\/hosp-ninos-cartel-768x432.jpg 768w, https:\/\/atecordoba.org\/wp-content\/uploads\/2021\/07\/hosp-ninos-cartel-750x422.jpg 750w\" sizes=\"auto, (max-width: 791px) 100vw, 791px\" \/><\/figure><\/div>\n\n\n\n<p>En el programa que semanalmente la secretar\u00eda de Prensa de ATE C\u00f3rdoba realiza en Gen FM 107.5, una de las delegadas de nuestro gremio en el Hospital de Ni\u00f1os, Yamila Sierra, <a href=\"https:\/\/ar.radiocut.fm\/audiocut\/asambleas-y-plan-lucha-en-salud-provincial-entrevista-a-yamila-sierra\/\">habl\u00f3 sobre la asamblea<\/a> que el personal del centro de salud realiz\u00f3 el martes pasado.<\/p>\n\n\n\n<p>&#8220;Venimos desde el a\u00f1o pasado sosteniendo un reclamo continuo, denunciando la precarizaci\u00f3n del equipo de salud que hizo visible la pandemia. hay que decir que el gobierno aprovech\u00f3 esta situaci\u00f3n de precariedad para avanzar con la quita de derechos, los despidos&#8221;, comenz\u00f3 Sierra.<\/p>\n\n\n\n<p>La delegada agreg\u00f3 que &#8220;realizamos una asamblea, hablando con los compa\u00f1eros, atento que a fin de mes cierra el acuerdo semestral que el SEP firm\u00f3 como el gobierno que estableci\u00f3 un 17,5% de aumento, muy por debajo de la inflaci\u00f3n. Entonces estamos con salarios muy pobres, completados con bonos que son plata en negro y que constituyen el 60% del sueldo de un trabajador del equipo de salud&#8221;.<\/p>\n\n\n\n<p>&#8220;El plan de lucha se extiende al interior, calentando motores para el paro de la semana que viene dispuesto por la Multisectorial de la Salud. y estamos invitando a los hospitales que por alg\u00fan motivo no se est\u00e1n sumando que lo hagan. sabemos que mucha gente no puede porque esto de estar sufriendo el pluriempleo ocasiona dificultades para que los compa\u00f1eros participen de las acciones gremiales, pero no es porque no quieran sino porque no les da el d\u00eda, no hay tiempo. Tenemos que trabajar en dos lados, lo que lamentablemente aumenta los contagios y por eso los equipos de salud tienen muchas bajas&#8221;, asegur\u00f3 Sierra.<\/p>\n\n\n\n<div class=\"wp-block-image\"><figure class=\"alignright size-large is-resized\"><img loading=\"lazy\" decoding=\"async\" src=\"https:\/\/atecordoba.org\/wp-content\/uploads\/2021\/07\/flyer-entre-todos-1024x1024.jpeg\" alt=\"\" class=\"wp-image-26725\" width=\"567\" height=\"567\" srcset=\"https:\/\/atecordoba.org\/wp-content\/uploads\/2021\/07\/flyer-entre-todos-1024x1024.jpeg 1024w, https:\/\/atecordoba.org\/wp-content\/uploads\/2021\/07\/flyer-entre-todos-300x300.jpeg 300w, https:\/\/atecordoba.org\/wp-content\/uploads\/2021\/07\/flyer-entre-todos-150x150.jpeg 150w, https:\/\/atecordoba.org\/wp-content\/uploads\/2021\/07\/flyer-entre-todos-768x768.jpeg 768w, https:\/\/atecordoba.org\/wp-content\/uploads\/2021\/07\/flyer-entre-todos-560x560.jpeg 560w, https:\/\/atecordoba.org\/wp-content\/uploads\/2021\/07\/flyer-entre-todos-75x75.jpeg 75w, https:\/\/atecordoba.org\/wp-content\/uploads\/2021\/07\/flyer-entre-todos-350x350.jpeg 350w, https:\/\/atecordoba.org\/wp-content\/uploads\/2021\/07\/flyer-entre-todos-750x750.jpeg 750w, https:\/\/atecordoba.org\/wp-content\/uploads\/2021\/07\/flyer-entre-todos.jpeg 1080w\" sizes=\"auto, (max-width: 567px) 100vw, 567px\" \/><\/figure><\/div>\n\n\n\n<p><strong>Esperan una medida contundente <\/strong><\/p>\n\n\n\n<p>La delegada de ATE dijo estar convencida que &#8220;la semana que viene vamos a realizar una contundente medida de fuerza. Adem\u00e1s en el Hospital de Ni\u00f1os tenemos reclamos propios, como que la direcci\u00f3n implemente las licencias sanitarias, un derecho por ley pero no nos est\u00e1n permitiendo tomar. Esta pandemia es una m\u00e1scara tambi\u00e9n para realizar quita de derechos. Por eso el viernes tenemos asamblea en el Hospital el viernes, que se suma a otra el martes para preparar el paro del mi\u00e9rcoles&#8221;.<\/p>\n\n\n\n<p>Sierra explic\u00f3 que el paro va a ser con asistencia, coordin\u00e1ndolo con guardias m\u00ednimas y concurriendo a las asambleas de 3 o 4 horas. &#8220;La demanda de pacientes est\u00e1 aumentando, los n\u00fameros que se est\u00e1n informando no son reales, no se est\u00e1n liberando camas en las UTIs, los servicios est\u00e1n llenos. Si no podemos difundirlo m\u00e1s es porque estamos abocados a un trabajo permanente&#8221;, afirm\u00f3.<\/p>\n\n\n\n<p><strong>Algunos an\u00e1lisis dicen que los \u00faltimos a\u00f1os hubo una baja en la inversi\u00f3n del gobierno provincial en el sector salud, en base al presupuesto comparado desde 2015 a la fecha y a las ejecusiones presupuestarias. \u00bfC\u00f3mo lo viven desde su lugar de trabajo?<\/strong><\/p>\n\n\n\n<p>Yamila Sierra: Tenemos el mismo personal haciendo el doble trabajo. Uno de los derechos que nos quitan es el del descanso. Si ten\u00edamos un d\u00e9ficit previo de personal, en un a\u00f1o y medio de pandemia no aument\u00f3 significativamente el plantel en funci\u00f3n del incremetno de la demanda que impuso la pandemia. Hablan de los derechos de los trabajadores y de la poblaci\u00f3n. Pero los pacientes no pueden estar bien cuidados si no se cuida al personal de salud. La verdad es que no estamos pudiendo cuidarlos bien porque no estamos en condiciones f\u00edsicas ni ps\u00edquicas. <\/p>\n\n\n\n<p>La Direcci\u00f3n del Hospital habla de los porcentajes de carpetas psiqui\u00e1tricas los altos y c\u00f3mo no lo van a ser altos si estamos sometidos a presiones terribles. Nuestros familiares se enferman, no tenemos derecho al aislamiento adecuado. Cuando un conviviente se contagia, tenemos que ir a trabajar lo mismo por ser personal de salud. Estas cosas son las que no le dicen a la poblaci\u00f3n. En el Hospital nos enfermamos no solo de Covid. puede ser de neumon\u00eda o tener una lesi\u00f3n \u00f3sea porque trabajamos cansados. Son muchos factores que el gobierno no est\u00e1 teniendo en cuenta. Necesitamos la cantidad de personal adecuado para dar una atenci\u00f3n adecuada.<\/p>\n\n\n\n<p><\/p>\n","protected":false},"excerpt":{"rendered":"<p>En el programa que semanalmente la secretar\u00eda de Prensa de ATE C\u00f3rdoba realiza en Gen FM 107.5, una de las delegadas de nuestro gremio en el Hospital de Ni\u00f1os, Yamila Sierra, habl\u00f3 sobre la asamblea que el personal del centro de salud realiz\u00f3 el martes pasado. &#8220;Venimos desde el a\u00f1o pasado sosteniendo un reclamo continuo, [&hellip;]<\/p>\n","protected":false},"author":3,"featured_media":26724,"comment_status":"open","ping_status":"open","sticky":false,"template":"","format":"standard","meta":{"_exactmetrics_skip_tracking":false,"_exactmetrics_sitenote_active":false,"_exactmetrics_sitenote_note":"","_exactmetrics_sitenote_category":0,"jnews-multi-image_gallery":[],"jnews_single_post":{"subtitle":"Una delegada de ATE habl\u00f3 en el programa radial Entre Todos y Todas y cont\u00f3 como se desarrolla el plan de lucha con miras al paro del 21 de julio.","format":"standard","video":"","gallery":"","source_name":"","source_url":"","via_name":"","via_url":"","override":[{"single_blog_custom":"","sidebar":"","second_sidebar":"","share_position":"","share_float_style":"","post_date_format":"","post_date_format_custom":"","post_reading_time_wpm":"","zoom_button_out_step":"1","zoom_button_in_step":"1","number_popup_post":"1"}],"image_override":[{"single_post_thumbnail_size":"","single_post_gallery_size":""}],"trending_post_position":"","trending_post_label":"","sponsored_post_label":"","sponsored_post_name":"","sponsored_post_url":"","sponsored_post_logo":"","sponsored_post_desc":""},"jnews_primary_category":{"id":""},"jnews_social_meta":{"fb_title":"","fb_description":"","fb_image":"","twitter_title":"","twitter_description":"","twitter_image":""},"jnews_review":[],"enable_review":"","type":"percentage","name":"","summary":"","brand":"","sku":"","good":[{"good_text":""}],"bad":[{"bad_text":""}],"score_override":"","override_value":"","rating":[{"rating_text":"","rating_number":"10"}],"price":[{"shop":"","price":"","link":"","icon":""}],"jnews_override_counter":{"view_counter_number":"0","share_counter_number":"0","like_counter_number":"0","dislike_counter_number":"0"},"jnews_post_split":{"post_split":[{"template":"1","tag":"h2","numbering":"asc","mode":"normal","toc_type":"normal"}]},"footnotes":""},"categories":[346,8],"tags":[860,365],"class_list":["post-26723","post","type-post","status-publish","format-standard","has-post-thumbnail","hentry","category-prensa-y-comunicacion","category-provinciales","tag-delegada-yamila-sierra","tag-hospital-de-ninos"],"jetpack_featured_media_url":"https:\/\/atecordoba.org\/wp-content\/uploads\/2021\/07\/hosp-ninos-cartel.jpg","_links":{"self":[{"href":"https:\/\/atecordoba.org\/index.php?rest_route=\/wp\/v2\/posts\/26723","targetHints":{"allow":["GET"]}}],"collection":[{"href":"https:\/\/atecordoba.org\/index.php?rest_route=\/wp\/v2\/posts"}],"about":[{"href":"https:\/\/atecordoba.org\/index.php?rest_route=\/wp\/v2\/types\/post"}],"author":[{"embeddable":true,"href":"https:\/\/atecordoba.org\/index.php?rest_route=\/wp\/v2\/users\/3"}],"replies":[{"embeddable":true,"href":"https:\/\/atecordoba.org\/index.php?rest_route=%2Fwp%2Fv2%2Fcomments&post=26723"}],"version-history":[{"count":1,"href":"https:\/\/atecordoba.org\/index.php?rest_route=\/wp\/v2\/posts\/26723\/revisions"}],"predecessor-version":[{"id":26726,"href":"https:\/\/atecordoba.org\/index.php?rest_route=\/wp\/v2\/posts\/26723\/revisions\/26726"}],"wp:featuredmedia":[{"embeddable":true,"href":"https:\/\/atecordoba.org\/index.php?rest_route=\/wp\/v2\/media\/26724"}],"wp:attachment":[{"href":"https:\/\/atecordoba.org\/index.php?rest_route=%2Fwp%2Fv2%2Fmedia&parent=26723"}],"wp:term":[{"taxonomy":"category","embeddable":true,"href":"https:\/\/atecordoba.org\/index.php?rest_route=%2Fwp%2Fv2%2Fcategories&post=26723"},{"taxonomy":"post_tag","embeddable":true,"href":"https:\/\/atecordoba.org\/index.php?rest_route=%2Fwp%2Fv2%2Ftags&post=26723"}],"curies":[{"name":"wp","href":"https:\/\/api.w.org\/{rel}","templated":true}]}}