{"id":26710,"date":"2021-07-14T14:24:34","date_gmt":"2021-07-14T17:24:34","guid":{"rendered":"https:\/\/atecordoba.org\/?p=26710"},"modified":"2021-07-16T09:04:02","modified_gmt":"2021-07-16T12:04:02","slug":"isabel-rauber-sobre-la-crisis-en-cuba-hay-que-sostener-la-revolucion-ampliando-la-participacion-popular-en-la-toma-de-decisiones","status":"publish","type":"post","link":"https:\/\/atecordoba.org\/?p=26710","title":{"rendered":"Isabel Rauber, sobre la crisis en Cuba: &#8220;hay que sostener la Revoluci\u00f3n ampliando la participaci\u00f3n popular en la toma de decisiones&#8221;"},"content":{"rendered":"\n<p><\/p>\n\n\n\n<div class=\"wp-block-image\"><figure class=\"aligncenter size-large\"><img loading=\"lazy\" decoding=\"async\" width=\"932\" height=\"1024\" src=\"https:\/\/atecordoba.org\/wp-content\/uploads\/2021\/07\/cuba-bloqueo-932x1024.jpeg\" alt=\"\" class=\"wp-image-26711\" srcset=\"https:\/\/atecordoba.org\/wp-content\/uploads\/2021\/07\/cuba-bloqueo-932x1024.jpeg 932w, https:\/\/atecordoba.org\/wp-content\/uploads\/2021\/07\/cuba-bloqueo-273x300.jpeg 273w, https:\/\/atecordoba.org\/wp-content\/uploads\/2021\/07\/cuba-bloqueo-768x844.jpeg 768w, https:\/\/atecordoba.org\/wp-content\/uploads\/2021\/07\/cuba-bloqueo-750x824.jpeg 750w, https:\/\/atecordoba.org\/wp-content\/uploads\/2021\/07\/cuba-bloqueo.jpeg 1088w\" sizes=\"auto, (max-width: 932px) 100vw, 932px\" \/><\/figure><\/div>\n\n\n\n<p>La combinaci\u00f3n entre los efectos sanitarios y econ\u00f3micos de la pandemia y el sostenimiento del bloqueo norteamericano por casi 60 a\u00f1os generaron  un grito masivo de solidaridad de los movimientos populares con Cuba, donde se inscribe ATE junto a la inmensa mayor\u00eda del movimiento obrero organizado argentino y Latinoamericano.<\/p>\n\n\n\n<p>Pero al mismo tiempo, bloqueo y pandemia son dos factores que produjeron una crisis social en el castigado pueblo hermano de la isla caribe\u00f1a, con marchas de protesta, carest\u00eda de alimentos, cortes de luz domiciliaria y una ralentizaci\u00f3n de la campa\u00f1a de vacunaci\u00f3n contra el Covid, a pesar que all\u00ed se realiza el desarrollo aut\u00f3nomo de al menos cuatro vacunas, en una experiencia cient\u00edfica \u00fanica en Latinoam\u00e9rica.<\/p>\n\n\n\n<p>Ese es el marco de la charla donde el programa radial &#8220;Entre Todos y Todas&#8221;, que la Secretar\u00eda de Prensa de ATE C\u00f3rdoba realiza cada martes en GEN FM, llev\u00f3 a cabo una muy interesante entrevista a la intelectual y militante popular Isabel Rauber, de dilatada experiencia analizando la situaci\u00f3n cubana y latinoamericana. Rauber es investigadora, cient\u00edfica social, docente y fil\u00f3sofa, una voz autorizada para dar su mirada de la coyuntura atravesada por una Revoluci\u00f3n que nutre de dignidad a la regi\u00f3n. <\/p>\n\n\n\n<div class=\"wp-block-image\"><figure class=\"alignleft size-large\"><img loading=\"lazy\" decoding=\"async\" width=\"700\" height=\"395\" src=\"https:\/\/atecordoba.org\/wp-content\/uploads\/2021\/07\/rauber.jpg\" alt=\"\" class=\"wp-image-26712\" srcset=\"https:\/\/atecordoba.org\/wp-content\/uploads\/2021\/07\/rauber.jpg 700w, https:\/\/atecordoba.org\/wp-content\/uploads\/2021\/07\/rauber-300x169.jpg 300w\" sizes=\"auto, (max-width: 700px) 100vw, 700px\" \/><\/figure><\/div>\n\n\n\n<p><strong>\u00bfC\u00f3mo analiza la situaci\u00f3n actual de Cuba?<\/strong><\/p>\n\n\n\n<p>Isabel Rauber: Primero hay que decir que el bloqueo es una forma de injerencia brutal realizado para intervenir en asuntos internos y asfixiar a un pa\u00eds, impedirle que se desarrolle, ahogarlo econ\u00f3micamente, someter por hambre y falta de medicamentos a su pueblo. O sea que no vamos a creer ahora que la injerencia es una declaraci\u00f3n o un bombardeo. No, en Cuba hay injerencia hace m\u00e1s de 50 a\u00f1os y es lo que se condena en la asamblea de la ONU.<\/p>\n\n\n\n<p>En segundo lugar, hay una amplia mayor\u00eda de pa\u00edses que votan en la ONU, que hacen su descargo \u00e9tico pero que despu\u00e9s en la pr\u00e1ctica convalidan el bloqueo. De forma tal que si hay tanta preocupaci\u00f3n humanitaria entonces levanten el bloqueo, es sencillo. Joe Biden (presidente norteamericano) lo puede suspender al menos temporalmente, con motivo de la pandemia, para entrar despu\u00e9s en otro tipo de discusi\u00f3n.<\/p>\n\n\n\n<p><strong>\u00bfPor qu\u00e9 no lo hace? <\/strong><\/p>\n\n\n\n<p>I.R.: porque ve c\u00ednicamente una oportunidad hist\u00f3rica, por primera vez en 60 a\u00f1os para terminar con la Revoluci\u00f3n, a partir de la convergencia de la pandemia con la ca\u00edda del 90% el turismo, la herramienta aut\u00f3ctona para sobrevivir que tiene la isla. Hay pa\u00edses que tienen petr\u00f3leo, otros oro, otros gas o litio, Cuba es una isla rodeada de playas fant\u00e1sticas que tiene el turismo como fuente muy importante de ingresos.<\/p>\n\n\n\n<p>Vale aclarar que esto no es todo lo que ocurre en la isla  ni la causa exclusiva de las movilizaciones, pero es importante saberlo porque es la plataforma sobre la cual est\u00e1n alentando todo tipo de provocaciones, por eso las est\u00e1n fogoneando. No son cosas espontaneas.<\/p>\n\n\n\n<p><strong>\u00bfC\u00f3mo ve la actuaci\u00f3n del Presidente cubano Miguel D\u00edaz Canel, que llam\u00f3 a defender la Revoluci\u00f3n?<\/strong> <\/p>\n\n\n\n<p>I.R.: La cosa es compleja. Hay mucha juventud que no conoci\u00f3 la historia de la Revoluci\u00f3n y no sabe del capitalismo m\u00e1s que lo que le muestra la propaganda. Es un sector que est\u00e1 exacerbado por la publicidad de las redes sociales. A esto se suman los millones de d\u00f3lares que EEUU invierte en la subversi\u00f3n dentro de la isla, con llamados a salir a la calle y al vandalismo, a todo tipo de agresi\u00f3n con la plataforma de los medios de comunicaci\u00f3n, generan una desestabilizaci\u00f3n.<\/p>\n\n\n\n<p>La acci\u00f3n del Presidente se inscribe en evitar que el vandalismo se apodere de las calles de Cuba. EEUU est\u00e1 buscando un muerto de cualquier bando, no les importa, quieren un muerto para encontrar la justificaci\u00f3n para intervenir. Los ricachones anticubanos de Miami est\u00e1n a una hora de la isla, y pueden venir con sus yates cargados de armas y de 60 a\u00f1os de odio.<\/p>\n\n\n\n<p>La situaci\u00f3n es tensa, y reclama un giro pol\u00edtico muy fuerte, porque Cuba nunca se sostuvo mediante la represi\u00f3n, no lo hizo desde el principio y el pueblo no est\u00e1 acostumbrado a eso. Creo que es muy importante abrir a la participaci\u00f3n, escuchar a la poblaci\u00f3n. No digo a los manifestantes sino a la juventud, a las mujeres, a los sectores de la cultura, a los trabajadores. <\/p>\n\n\n\n<div class=\"wp-block-image\"><figure class=\"alignright size-large is-resized\"><img loading=\"lazy\" decoding=\"async\" src=\"https:\/\/atecordoba.org\/wp-content\/uploads\/2021\/07\/rauber2.jpg\" alt=\"\" class=\"wp-image-26713\" width=\"696\" height=\"390\"\/><\/figure><\/div>\n\n\n\n<p>Todo el mundo sabe de las agresiones de EEUU y de las limitaciones de Cuba en el marco de la pandemia. Es la realidad, hay que poner las cartas sobre la mesa y ver qu\u00e9 sugieren hacer. Hay que apelar a la sabidur\u00eda del pueblo, abrir las compuertas al di\u00e1logo. Sin la participaci\u00f3n del sujeto no veo salida ni en Cuba ni en ning\u00fan lugar.<\/p>\n\n\n\n<p>No se trata de un an\u00e1lisis desde la claridad del que manda, es la hora de dar un vuelco grande y revolucionario en el quehacer pol\u00edtico, convocando a la poblaci\u00f3n. El pueblo est\u00e1 organizado, ahora hay que convocarlo y escucharlo.<\/p>\n\n\n\n<p><strong>\u00bfCu\u00e1les son los condimentos que debe tener ese salto adelante? <\/strong><\/p>\n\n\n\n<p>I.R.: El problema no es administrativo sino pol\u00edtico, tres personas no pueden pensar por 11 millones. Consultando a la poblaci\u00f3n van a salir las soluciones. La escases es muy grande en t\u00e9rminos de combustible para el transporte, de medicamentos. Si no les permiten a Cuba comprarlos hay que orquestar campa\u00f1as internacionales. Los que est\u00e1n contra el bloqueo que les manden medicamentos, que le den cr\u00e9ditos blandos, hay que explorar esas v\u00edas. Y si la diplomacia no lo hace que lo hagan los pueblos.<\/p>\n\n\n\n<p>Digo que es tiempo de abrir a la participaci\u00f3n, si eso no generase soluciones al menos se tomar\u00eda cabal conciencia de la situaci\u00f3n y de las limitaciones que existen. As\u00ed, el aguante se hace de manera diferente, no porque te lo dicen sino porque sab\u00e9s que no hay otra alternativa. La conclusi\u00f3n es la misma pero la fortaleza del individuo es diferente.<\/p>\n\n\n\n<p><strong>Fidel dec\u00eda que revoluci\u00f3n es cambiar todo lo que deba ser cambiado.<\/strong> <\/p>\n\n\n\n<p>I.R.: Yo hablo de generar un di\u00e1logo que abra la posibilidad de participar en la toma de decisiones. Cuba va lenta en la campa\u00f1a de vacunas porque los insumos para aplicarlas (jeringas, por ejemplo) pertenecen a ese mercado que est\u00e1 bloqueado. Conseguir ese material cuesta un mont\u00f3n y adem\u00e1s lo tiene que pagar con sobreprecios, someti\u00e9ndose al chantaje. <\/p>\n\n\n\n<div class=\"wp-block-image\"><figure class=\"alignleft size-large is-resized\"><img loading=\"lazy\" decoding=\"async\" src=\"https:\/\/atecordoba.org\/wp-content\/uploads\/2021\/07\/rauber3-1.jpg\" alt=\"\" class=\"wp-image-26715\" width=\"629\" height=\"629\" srcset=\"https:\/\/atecordoba.org\/wp-content\/uploads\/2021\/07\/rauber3-1.jpg 500w, https:\/\/atecordoba.org\/wp-content\/uploads\/2021\/07\/rauber3-1-300x300.jpg 300w, https:\/\/atecordoba.org\/wp-content\/uploads\/2021\/07\/rauber3-1-150x150.jpg 150w, https:\/\/atecordoba.org\/wp-content\/uploads\/2021\/07\/rauber3-1-75x75.jpg 75w, https:\/\/atecordoba.org\/wp-content\/uploads\/2021\/07\/rauber3-1-350x350.jpg 350w\" sizes=\"auto, (max-width: 629px) 100vw, 629px\" \/><\/figure><\/div>\n\n\n\n<p>Cuando se agita el monstruo de que no se vacuna a la poblaci\u00f3n\u2026 por favor. Cuba apenas supera los 1600 muertos por la pandemia, con 11 millones de habitantes. Est\u00e1 entre los pa\u00edses con menos letalidad del mundo y con menos cantidad total de muertos. En porcentaje es como si Argentina tuviera ahora 5 mil muertos y no casi 100 mil por la pandemia. <\/p>\n\n\n\n<p>Adem\u00e1s Cuba es el \u00fanico pa\u00eds de Latinoam\u00e9rica que tiene cuatro candidatos vacunales (vacunas en desarrollo), que tiene un medicamento inyectable para combatir el Covid cuando se detecta. Pero este clima de tensi\u00f3n se multiplica por un grupete que dice que faltan las vacunas: lo que hay es mucha manipulaci\u00f3n e ignorancia porque hay un sector que est\u00e1 cansado y ya no quiere escuchar. <\/p>\n\n\n\n<p>No todo el mundo es un agente del imperio que sali\u00f3 a la calle, hay otros que est\u00e1n cansados y se hartaron, que escuchan a cuatro gritando y salen a la calle. No tienen qu\u00e9 hacer, no tienen luz, tienen calor, les falta comida, no tienen agua y salen a gritar tambi\u00e9n. As\u00ed se hacen las grandes marchas que terminan en cualquier lado. <\/p>\n\n\n\n<p><strong>C\u00f3mo analiza la situaci\u00f3n regional, atento lo que sucede en Nicaragua, los atentados contra Maduro en Venezuela, las desapariciones en Colombia. \u00bfHay un renovado inter\u00e9s de EEUU por nuestra regi\u00f3n despu\u00e9s de su fuerte intervenci\u00f3n en Medio Oriente los \u00faltimos 20 a\u00f1os? <\/strong><\/p>\n\n\n\n<p>I.R.: A veces el concepto de &#8216;Patio Trasero&#8217;, que se usa mucho para analizar la hegemon\u00eda norteamericana en el continente, lleva a malpensar que es un tema secundario, pero la regi\u00f3n nunca fue secundaria para EEUU y mucho menos ahora que existe un rapi\u00f1a por los recursos naturales y financieros en el mundo. <\/p>\n\n\n\n<p>A EEUU no le interesa invadir sino poner y quitar los presidentes. Y le interesa que sean presidentes obedientes, que le abran las puertas al dominio de los recursos naturales. Entonces les resulta intolerable cualquier tipo de gobierno -no hace falta que sea revolucionario- que tenga pretensiones de mantener alg\u00fan grado de soberan\u00eda, que pretenda tener decisiones propias. Consideran que eso hay que eliminarlo, de ah\u00ed que estemos llenos de procesos de desestabilizaci\u00f3n y que lleguemos a situaciones aberrantes en materia de un pensamiento democr\u00e1tico continental. <\/p>\n\n\n\n<p>As\u00ed fue el Golpe de Estado a Evo Morales, en base al crimen, a los recursos mafiosos de acorralar familias e incendiar casas, de humillar a la gente, de castigar y violar todo tipo de derechos. Le sucedi\u00f3 a un gobierno boliviano con mandato vigente, todo impulsado por los vientos del norte y con la intervenci\u00f3n de la OEA y su secretario General que fue el pe\u00f3n en este tablero. <\/p>\n\n\n\n<p>Y as\u00ed hemos llegado a lo sucedido hace pocos d\u00edas en Hait\u00ed, con su presidente asesinado. <\/p>\n\n\n\n<p>Jovenel Moise no era de izquierda, pero dej\u00f3 de serle \u00fatil y pasaron directamente al crimen. Ni lo amenazaron ni le incendiaron la casa, directamente fueron a matarlo. Un mensaje mafioso directo. <\/p>\n\n\n\n<p>La oleada de violencia crece en el continente. Siempre odiaron la supervivencia de Cuba y ahora ven en la pandemia la oportunidad de eliminarla, as\u00ed lo dicen en los noticieros de Miami y est\u00e1n desesperados, por eso el nivel de agresividad y de furia es muy fuerte.<\/p>\n\n\n\n<p>A ese factor externo esperamos que la capacidad pol\u00edtica interna cubana sea superior, en base a la participaci\u00f3n popular.<\/p>\n","protected":false},"excerpt":{"rendered":"<p>La combinaci\u00f3n entre los efectos sanitarios y econ\u00f3micos de la pandemia y el sostenimiento del bloqueo norteamericano por casi 60 a\u00f1os generaron un grito masivo de solidaridad de los movimientos populares con Cuba, donde se inscribe ATE junto a la inmensa mayor\u00eda del movimiento obrero organizado argentino y Latinoamericano. Pero al mismo tiempo, bloqueo y [&hellip;]<\/p>\n","protected":false},"author":3,"featured_media":26717,"comment_status":"open","ping_status":"open","sticky":false,"template":"","format":"standard","meta":{"_exactmetrics_skip_tracking":false,"_exactmetrics_sitenote_active":false,"_exactmetrics_sitenote_note":"","_exactmetrics_sitenote_category":0,"jnews-multi-image_gallery":[],"jnews_single_post":{"subtitle":"En una entrevista cedida al programa radial de ATE C\u00f3rdoba Entre Todos y Todas, la intelectual y militante popular dio su mirada sobre la coyuntura de la isla caribe\u00f1a, entre 60 a\u00f1os de bloqueo, la pandemia y las restricciones a la poblaci\u00f3n que han generado protestas esta semana. El papel de EEUU fogoneando la crispaci\u00f3n del clima social. ","format":"standard","video":"","gallery":"","source_name":"","source_url":"","via_name":"","via_url":"","override":[{"single_blog_custom":"","sidebar":"","second_sidebar":"","share_position":"","share_float_style":"","post_date_format":"","post_date_format_custom":"","post_reading_time_wpm":"","zoom_button_out_step":"1","zoom_button_in_step":"1","number_popup_post":"1"}],"image_override":[{"single_post_thumbnail_size":"","single_post_gallery_size":""}],"trending_post_position":"","trending_post_label":"","sponsored_post_label":"","sponsored_post_name":"","sponsored_post_url":"","sponsored_post_logo":"","sponsored_post_desc":""},"jnews_primary_category":{"id":""},"jnews_social_meta":{"fb_title":"","fb_description":"","fb_image":"","twitter_title":"","twitter_description":"","twitter_image":""},"jnews_review":[],"enable_review":"","type":"percentage","name":"","summary":"","brand":"","sku":"","good":[{"good_text":""}],"bad":[{"bad_text":""}],"score_override":"","override_value":"","rating":[{"rating_text":"","rating_number":"10"}],"price":[{"shop":"","price":"","link":"","icon":""}],"jnews_override_counter":{"view_counter_number":"0","share_counter_number":"0","like_counter_number":"0","dislike_counter_number":"0"},"jnews_post_split":{"post_split":[{"template":"1","tag":"h2","numbering":"asc","mode":"normal","toc_type":"normal"}]},"footnotes":""},"categories":[10],"tags":[859],"class_list":["post-26710","post","type-post","status-publish","format-standard","has-post-thumbnail","hentry","category-accion-politica","tag-cuba"],"jetpack_featured_media_url":"https:\/\/atecordoba.org\/wp-content\/uploads\/2021\/07\/cuba_bloqueo_932x1024.jpeg","_links":{"self":[{"href":"https:\/\/atecordoba.org\/index.php?rest_route=\/wp\/v2\/posts\/26710","targetHints":{"allow":["GET"]}}],"collection":[{"href":"https:\/\/atecordoba.org\/index.php?rest_route=\/wp\/v2\/posts"}],"about":[{"href":"https:\/\/atecordoba.org\/index.php?rest_route=\/wp\/v2\/types\/post"}],"author":[{"embeddable":true,"href":"https:\/\/atecordoba.org\/index.php?rest_route=\/wp\/v2\/users\/3"}],"replies":[{"embeddable":true,"href":"https:\/\/atecordoba.org\/index.php?rest_route=%2Fwp%2Fv2%2Fcomments&post=26710"}],"version-history":[{"count":5,"href":"https:\/\/atecordoba.org\/index.php?rest_route=\/wp\/v2\/posts\/26710\/revisions"}],"predecessor-version":[{"id":26750,"href":"https:\/\/atecordoba.org\/index.php?rest_route=\/wp\/v2\/posts\/26710\/revisions\/26750"}],"wp:featuredmedia":[{"embeddable":true,"href":"https:\/\/atecordoba.org\/index.php?rest_route=\/wp\/v2\/media\/26717"}],"wp:attachment":[{"href":"https:\/\/atecordoba.org\/index.php?rest_route=%2Fwp%2Fv2%2Fmedia&parent=26710"}],"wp:term":[{"taxonomy":"category","embeddable":true,"href":"https:\/\/atecordoba.org\/index.php?rest_route=%2Fwp%2Fv2%2Fcategories&post=26710"},{"taxonomy":"post_tag","embeddable":true,"href":"https:\/\/atecordoba.org\/index.php?rest_route=%2Fwp%2Fv2%2Ftags&post=26710"}],"curies":[{"name":"wp","href":"https:\/\/api.w.org\/{rel}","templated":true}]}}