{"id":2671,"date":"2013-05-09T18:47:57","date_gmt":"2013-05-09T21:47:57","guid":{"rendered":"http:\/\/www.atecordoba.org\/?p=2671"},"modified":"2013-05-09T18:47:57","modified_gmt":"2013-05-09T21:47:57","slug":"controladores-aereos-36-horas-de-paro-en-aeropuerto-cordoba","status":"publish","type":"post","link":"https:\/\/atecordoba.org\/?p=2671","title":{"rendered":"Controladores a\u00e9reos paran 36 horas en Aeropuerto C\u00f3rdoba"},"content":{"rendered":"<p><em>ATE rechaza la creaci\u00f3n de una sociedad an\u00f3nima para controlar la aviaci\u00f3n civil en el pa\u00eds. La medida de fuerza comenz\u00f3 hoy a las 6 horas y se extender\u00e1 hasta ma\u00f1ana a las 24. El derrotero de un gobierno dio marcha atr\u00e1s con la reforma de N\u00e9stor Kirchner, traspasando el \u00e1rea a la Fuerza A\u00e9rea, y ahora le abre la puerta a los capitales privados. Nuestra defensa del rol del Estado en los sectores estrat\u00e9gicos.<\/em><\/p>\n<p><a href=\"http:\/\/www.atecordoba.org\/wp-content\/uploads\/2013\/05\/foto-web-11.jpg\"><img loading=\"lazy\" decoding=\"async\" class=\"aligncenter size-full wp-image-2673\" title=\"foto web 1\" src=\"http:\/\/www.atecordoba.org\/wp-content\/uploads\/2013\/05\/foto-web-11.jpg\" alt=\"\" width=\"700\" height=\"525\" \/><\/a><\/p>\n<p>&nbsp;<\/p>\n<p>Los trabajadores controladores a\u00e9reos del Aeropuerto C\u00f3rdoba iniciaron hoy a las 6 de la ma\u00f1ana un paro de actividades en rechazo al proyecto del gobierno nacional para crear un organismo, que estar\u00eda a cargo de administrar la aviaci\u00f3n civil en el pa\u00eds, con participaci\u00f3n de capitales privados.<\/p>\n<p>De esta forma, los compa\u00f1eros podr\u00edan ver caer la estabilidad laboral que garantiza la Constituci\u00f3n Nacional a los trabajadores estatales. Adem\u00e1s, ATE plantea la necesidad de que dicho organismo sea civil y estatal, tal como la ANAC (Administraci\u00f3n Nacional de Aviaci\u00f3n Civil) creado por N\u00e9stor Kirchner, siendo presidente, en 2007.<\/p>\n<p>Pero la presidente Cristina Fern\u00e1ndez, dio de baja el organismo en 2011 por medio de un decreto, y traspas\u00f3 nuevamente el sector a la Fuerza A\u00e9rea, dando un giro de 180 grados, tanto desde lo administrativo como lo ideol\u00f3gico, a lo que hab\u00eda resuelto su antecesor. Kirchner hab\u00eda tomado la medida tras los graves accidentes de dos aviones de LAPA \u00a0y Austral, interviniendo sobre un sistema a\u00e9reo corrupto e ineficaz.<\/p>\n<p>En un nuevo cap\u00edtulo, el gobierno nacional envi\u00f3 un proyecto de ley que crea un sociedad an\u00f3nima, poniendo en grave riesgo la soberan\u00eda nacional en el control a\u00e9reo de la aviaci\u00f3n civil. El proyecto contradice el acta acuerdo que ATE hab\u00eda alcanzado con el ministro de Interior y Transporte, Florencio Randazzo, a fines del a\u00f1o pasado, cuando la administraci\u00f3n nacional se hab\u00eda comprometido a relanzar la ANAC, despu\u00e9s de un largo conflicto entre 2011 y 2012.<\/p>\n<p>Vale se\u00f1alar que el organismo que controla la aviaci\u00f3n civil es una importante fuente de recaudaci\u00f3n, toda vez que el tr\u00e1nsito a\u00e9reo paga fuertes tasas para poder funcionar en el espacio a\u00e9reo nacional. Ese gran volumen de dinero se pondr\u00e1 ahora en manos de empresas privadas,\u00a0retrotrayendo\u00a0la situaci\u00f3n a los peores momentos de la ola privatizadora. \u00bfDe que ir\u00e1 a depender la seguridad del tr\u00e1nsito a\u00e9reo en manos privadas? \u00bfDe la misma que realizaron los capitales privados en el tren sarmiento?<\/p>\n<p>Mientras la aviaci\u00f3n civil estuvo en manos civiles y estatales, nuestro pa\u00eds obtuvo el reconocimiento del organismo internacional (OACI) que regula la actividad. En consecuencia los controladores de C\u00f3rdoba iniciaron el paro hoy pero esta noche, a partir de las 12, la medida se extender\u00e1 al resto del pa\u00eds por 24 horas.<\/p>\n<p>En concreto, los reclamos son:<\/p>\n<ul>\n<li>Por la vuelta de la ANAC. No a la creaci\u00f3n de la empresa argentina de navegaci\u00f3n a\u00e9rea con capitales privados.<\/li>\n<li>No a la Fuerza A\u00e9rea Argentina como prestadora de los servicios de navegaci\u00f3n a\u00e9rea.<\/li>\n<li>Repudio al desplazamiento de los compa\u00f1eros de los aeropuertos de: Villa Reynolds (San Lu\u00eds), R\u00edo Cuarto (C\u00f3rdoba), Palomar (Buenos Aires), Mariano Moreno (Buenos Aires), Tandil (Buenos Aires), Reconquista (Santa Fe).<\/li>\n<li>Se pierde la estabilidad laboral del empleado p\u00fablico. Dejan de ser trabajadores del Estado, y pierden la protecci\u00f3n constitucional de estabilidad.<\/li>\n<li>Ingreso inmediato de los trabajadores que hicieron concurso de tr\u00e1nsito a\u00e9reo y operadores tipo ARO AIS.<\/li>\n<li>Pase a planta permanente del personal contratado.<\/li>\n<\/ul>\n\n","protected":false},"excerpt":{"rendered":"<p>ATE rechaza la creaci\u00f3n de una sociedad an\u00f3nima para controlar la aviaci\u00f3n civil en el pa\u00eds. La medida de fuerza comenz\u00f3 hoy a las 6 horas y se extender\u00e1 hasta ma\u00f1ana a las 24. El derrotero de un gobierno dio marcha atr\u00e1s con la reforma de N\u00e9stor Kirchner, traspasando el \u00e1rea a la Fuerza A\u00e9rea, [&hellip;]<\/p>\n","protected":false},"author":1,"featured_media":19220,"comment_status":"open","ping_status":"open","sticky":false,"template":"","format":"standard","meta":{"_exactmetrics_skip_tracking":false,"_exactmetrics_sitenote_active":false,"_exactmetrics_sitenote_note":"","_exactmetrics_sitenote_category":0,"jnews-multi-image_gallery":[],"jnews_single_post":[],"jnews_primary_category":[],"jnews_social_meta":[],"jnews_review":[],"enable_review":"","type":"","name":"","summary":"","brand":"","sku":"","good":[],"bad":[],"score_override":"","override_value":"","rating":[],"price":[],"jnews_override_counter":[],"jnews_post_split":[],"footnotes":""},"categories":[18],"tags":[],"class_list":["post-2671","post","type-post","status-publish","format-standard","has-post-thumbnail","hentry","category-nacionales"],"jetpack_featured_media_url":"https:\/\/atecordoba.org\/wp-content\/uploads\/2020\/05\/logo-nuevochico-e1561581322808.png","_links":{"self":[{"href":"https:\/\/atecordoba.org\/index.php?rest_route=\/wp\/v2\/posts\/2671","targetHints":{"allow":["GET"]}}],"collection":[{"href":"https:\/\/atecordoba.org\/index.php?rest_route=\/wp\/v2\/posts"}],"about":[{"href":"https:\/\/atecordoba.org\/index.php?rest_route=\/wp\/v2\/types\/post"}],"author":[{"embeddable":true,"href":"https:\/\/atecordoba.org\/index.php?rest_route=\/wp\/v2\/users\/1"}],"replies":[{"embeddable":true,"href":"https:\/\/atecordoba.org\/index.php?rest_route=%2Fwp%2Fv2%2Fcomments&post=2671"}],"version-history":[{"count":0,"href":"https:\/\/atecordoba.org\/index.php?rest_route=\/wp\/v2\/posts\/2671\/revisions"}],"wp:featuredmedia":[{"embeddable":true,"href":"https:\/\/atecordoba.org\/index.php?rest_route=\/wp\/v2\/media\/19220"}],"wp:attachment":[{"href":"https:\/\/atecordoba.org\/index.php?rest_route=%2Fwp%2Fv2%2Fmedia&parent=2671"}],"wp:term":[{"taxonomy":"category","embeddable":true,"href":"https:\/\/atecordoba.org\/index.php?rest_route=%2Fwp%2Fv2%2Fcategories&post=2671"},{"taxonomy":"post_tag","embeddable":true,"href":"https:\/\/atecordoba.org\/index.php?rest_route=%2Fwp%2Fv2%2Ftags&post=2671"}],"curies":[{"name":"wp","href":"https:\/\/api.w.org\/{rel}","templated":true}]}}