{"id":26674,"date":"2021-07-13T13:49:48","date_gmt":"2021-07-13T16:49:48","guid":{"rendered":"https:\/\/atecordoba.org\/?p=26674"},"modified":"2021-07-13T13:49:49","modified_gmt":"2021-07-13T16:49:49","slug":"nueva-reunion-entre-ate-y-el-presidente-de-fabricaciones-militares","status":"publish","type":"post","link":"https:\/\/atecordoba.org\/?p=26674","title":{"rendered":"Nueva reuni\u00f3n entre ATE y el presidente de Fabricaciones Militares"},"content":{"rendered":"\n<p><span class=\"has-inline-color has-cyan-bluish-gray-color\"><strong>El sindicato plante\u00f3 que se mantenga como aumento para todo el sectorial el adicional de $5.500 que se hab\u00eda otorgado.<\/strong><\/span><\/p>\n\n\n\n<div class=\"wp-block-image\"><figure class=\"aligncenter size-large\"><img loading=\"lazy\" decoding=\"async\" width=\"1024\" height=\"605\" src=\"https:\/\/atecordoba.org\/wp-content\/uploads\/2021\/07\/FFMM-burnichon-1024x605.png\" alt=\"\" class=\"wp-image-26675\" srcset=\"https:\/\/atecordoba.org\/wp-content\/uploads\/2021\/07\/FFMM-burnichon-1024x605.png 1024w, https:\/\/atecordoba.org\/wp-content\/uploads\/2021\/07\/FFMM-burnichon-300x177.png 300w, https:\/\/atecordoba.org\/wp-content\/uploads\/2021\/07\/FFMM-burnichon-768x454.png 768w, https:\/\/atecordoba.org\/wp-content\/uploads\/2021\/07\/FFMM-burnichon-750x443.png 750w, https:\/\/atecordoba.org\/wp-content\/uploads\/2021\/07\/FFMM-burnichon.png 1140w\" sizes=\"auto, (max-width: 1024px) 100vw, 1024px\" \/><\/figure><\/div>\n\n\n\n<p>La semana pasada, una comitiva de ATE se reuni\u00f3 con el presidente de Fabricaciones Miliares, Iv\u00e1n Duringon. Participaron representantes de las plantas de Villa Mar\u00eda, R\u00edo Tercero, de F\u00e1brica Fray Luis Beltr\u00e1n, en Rosario, y de Fanazul.<\/p>\n\n\n\n<p>Estuvieron presentes el secretario general de ATE R\u00edo Tercero, Dami\u00e1n Albornoz, el de Villa Mar\u00eda, Fernando Mercado, y el secretario adjunto de Rosario, Fernando Peirano; por Azul estuvo la secretaria de Formaci\u00f3n de ATE Provincia de Buenos Aires, Vanina Zurita, junto a compa\u00f1eros de la F\u00e1brica; y, por el Consejo Directivo Nacional estuvieron Orestes \u00abBeto\u00bb Galeano, coordinador de \u00e1reas productivas nacionales del sindicato, y Marcelo de Rito.<\/p>\n\n\n\n<p>El objetivo de la reuni\u00f3n fue plantear la necesidad de que la cifra que se hab\u00eda obtenido de $5.500, a cuenta de futuros aumentos, se mantenga como adicional y se extienda a todas las categor\u00edas de Fabricaciones Militares, ya que las categor\u00edas mas altas hab\u00edan sido exceptuadas. De esta forma, el pedido consiste en que el adicional se mantenga como aumento sectorial, inform\u00f3 Galeano.<\/p>\n\n\n\n<p>La patronal respondi\u00f3 que para dar curso al reclamo era necesaria la autorizaci\u00f3n de la Secretar\u00eda de Gesti\u00f3n P\u00fablica de la Naci\u00f3n, para lo cual se acord\u00f3 tener una reuni\u00f3n en conjunto con este \u00e1rea.<\/p>\n\n\n\n<p>En otro orden, el titular del organismo dio detalles sobre los avances en las actividades productivas de FFMM, y adelant\u00f3 que se estar\u00e1n firmando nuevos convenios en las pr\u00f3ximas semanas, en materia de p\u00f3lvora, vagones, entre otros, que implicaran una reactivaci\u00f3n de Fabricaciones Militares.<\/p>\n","protected":false},"excerpt":{"rendered":"<p>El sindicato plante\u00f3 que se mantenga como aumento para todo el sectorial el adicional de $5.500 que se hab\u00eda otorgado. La semana pasada, una comitiva de ATE se reuni\u00f3 con el presidente de Fabricaciones Miliares, Iv\u00e1n Duringon. Participaron representantes de las plantas de Villa Mar\u00eda, R\u00edo Tercero, de F\u00e1brica Fray Luis Beltr\u00e1n, en Rosario, y [&hellip;]<\/p>\n","protected":false},"author":3,"featured_media":26675,"comment_status":"open","ping_status":"open","sticky":false,"template":"","format":"standard","meta":{"_exactmetrics_skip_tracking":false,"_exactmetrics_sitenote_active":false,"_exactmetrics_sitenote_note":"","_exactmetrics_sitenote_category":0,"jnews-multi-image_gallery":[],"jnews_single_post":{"subtitle":"","format":"standard","video":"","gallery":"","source_name":"","source_url":"","via_name":"","via_url":"","override":[{"single_blog_custom":"","sidebar":"","second_sidebar":"","share_position":"","share_float_style":"","post_date_format":"","post_date_format_custom":"","post_reading_time_wpm":"","zoom_button_out_step":"1","zoom_button_in_step":"1","number_popup_post":"1"}],"image_override":[{"single_post_thumbnail_size":"","single_post_gallery_size":""}],"trending_post_position":"","trending_post_label":"","sponsored_post_label":"","sponsored_post_name":"","sponsored_post_url":"","sponsored_post_logo":"","sponsored_post_desc":""},"jnews_primary_category":{"id":""},"jnews_social_meta":{"fb_title":"","fb_description":"","fb_image":"","twitter_title":"","twitter_description":"","twitter_image":""},"jnews_review":[],"enable_review":"","type":"percentage","name":"","summary":"","brand":"","sku":"","good":[{"good_text":""}],"bad":[{"bad_text":""}],"score_override":"","override_value":"","rating":[{"rating_text":"","rating_number":"10"}],"price":[{"shop":"","price":"","link":"","icon":""}],"jnews_override_counter":{"view_counter_number":"0","share_counter_number":"0","like_counter_number":"0","dislike_counter_number":"0"},"jnews_post_split":{"post_split":[{"template":"1","tag":"h2","numbering":"asc","mode":"normal","toc_type":"normal"}]},"footnotes":""},"categories":[18],"tags":[570],"class_list":["post-26674","post","type-post","status-publish","format-standard","has-post-thumbnail","hentry","category-nacionales","tag-direccion-general-de-fabricaciones-militares"],"jetpack_featured_media_url":"https:\/\/atecordoba.org\/wp-content\/uploads\/2021\/07\/FFMM-burnichon.png","_links":{"self":[{"href":"https:\/\/atecordoba.org\/index.php?rest_route=\/wp\/v2\/posts\/26674","targetHints":{"allow":["GET"]}}],"collection":[{"href":"https:\/\/atecordoba.org\/index.php?rest_route=\/wp\/v2\/posts"}],"about":[{"href":"https:\/\/atecordoba.org\/index.php?rest_route=\/wp\/v2\/types\/post"}],"author":[{"embeddable":true,"href":"https:\/\/atecordoba.org\/index.php?rest_route=\/wp\/v2\/users\/3"}],"replies":[{"embeddable":true,"href":"https:\/\/atecordoba.org\/index.php?rest_route=%2Fwp%2Fv2%2Fcomments&post=26674"}],"version-history":[{"count":1,"href":"https:\/\/atecordoba.org\/index.php?rest_route=\/wp\/v2\/posts\/26674\/revisions"}],"predecessor-version":[{"id":26676,"href":"https:\/\/atecordoba.org\/index.php?rest_route=\/wp\/v2\/posts\/26674\/revisions\/26676"}],"wp:featuredmedia":[{"embeddable":true,"href":"https:\/\/atecordoba.org\/index.php?rest_route=\/wp\/v2\/media\/26675"}],"wp:attachment":[{"href":"https:\/\/atecordoba.org\/index.php?rest_route=%2Fwp%2Fv2%2Fmedia&parent=26674"}],"wp:term":[{"taxonomy":"category","embeddable":true,"href":"https:\/\/atecordoba.org\/index.php?rest_route=%2Fwp%2Fv2%2Fcategories&post=26674"},{"taxonomy":"post_tag","embeddable":true,"href":"https:\/\/atecordoba.org\/index.php?rest_route=%2Fwp%2Fv2%2Ftags&post=26674"}],"curies":[{"name":"wp","href":"https:\/\/api.w.org\/{rel}","templated":true}]}}