{"id":26670,"date":"2021-07-13T11:21:29","date_gmt":"2021-07-13T14:21:29","guid":{"rendered":"https:\/\/atecordoba.org\/?p=26670"},"modified":"2021-07-13T11:21:30","modified_gmt":"2021-07-13T14:21:30","slug":"por-la-inflacion-ate-pide-reapertura-de-paritarias-en-san-francisco","status":"publish","type":"post","link":"https:\/\/atecordoba.org\/?p=26670","title":{"rendered":"Por la inflaci\u00f3n ATE  pide reapertura de paritarias en San Francisco"},"content":{"rendered":"\n<div class=\"wp-block-image\"><figure class=\"alignleft size-large is-resized\"><img loading=\"lazy\" decoding=\"async\" src=\"https:\/\/atecordoba.org\/wp-content\/uploads\/2021\/07\/volante-san-francisco.jpg\" alt=\"\" class=\"wp-image-26671\" width=\"231\" height=\"215\" srcset=\"https:\/\/atecordoba.org\/wp-content\/uploads\/2021\/07\/volante-san-francisco.jpg 960w, https:\/\/atecordoba.org\/wp-content\/uploads\/2021\/07\/volante-san-francisco-300x280.jpg 300w, https:\/\/atecordoba.org\/wp-content\/uploads\/2021\/07\/volante-san-francisco-768x716.jpg 768w, https:\/\/atecordoba.org\/wp-content\/uploads\/2021\/07\/volante-san-francisco-750x699.jpg 750w\" sizes=\"auto, (max-width: 231px) 100vw, 231px\" \/><\/figure><\/div>\n\n\n\n<p>En una nota dirigida al intendente Ignacio Garc\u00eda Aresca, ATE San Francisco solicit\u00f3 la reapertura de paritarias para las y los trabajadores de la ciudad cabecera del Departamento San Justo.<\/p>\n\n\n\n<p>El secretario General de la Seccional, Dar\u00edo Paredes, fundament\u00f3 el reclamo en la misiva en &#8220;la preocupaci\u00f3n emergente por el deterioro sufrido por nuestros sueldos y percepciones, con respecto a la situaci\u00f3n inflacionaria que sufre nuestro pa\u00eds&#8221;. <\/p>\n\n\n\n<p>El dirigente agreg\u00f3 que &#8220;el deterioro de nuestros salarios proviene de una realidad que estamos sufriendo d\u00eda a d\u00eda con los aumentos de precios y el costo de vida, acompa\u00f1ada esta realidad por los informes que emite el INDEC, como as\u00ed tambi\u00e9n el Ministerio de Econom\u00eda&#8221;. <\/p>\n\n\n\n<p>Por lo que Paredes inst\u00f3 al intendente Garc\u00eda Aresca a negociar un aumento para el personal municipal que en una mesa de discusi\u00f3n salarial. <\/p>\n\n\n\n<div class=\"wp-block-image\"><figure class=\"aligncenter size-large\"><img loading=\"lazy\" decoding=\"async\" width=\"594\" height=\"843\" src=\"https:\/\/atecordoba.org\/wp-content\/uploads\/2021\/07\/nota-municipalidad-san-francisco.jpg\" alt=\"\" class=\"wp-image-26672\" srcset=\"https:\/\/atecordoba.org\/wp-content\/uploads\/2021\/07\/nota-municipalidad-san-francisco.jpg 594w, https:\/\/atecordoba.org\/wp-content\/uploads\/2021\/07\/nota-municipalidad-san-francisco-211x300.jpg 211w\" sizes=\"auto, (max-width: 594px) 100vw, 594px\" \/><\/figure><\/div>\n\n\n\n<p><\/p>\n\n\n\n<p><\/p>\n","protected":false},"excerpt":{"rendered":"<p>En una nota dirigida al intendente Ignacio Garc\u00eda Aresca, ATE San Francisco solicit\u00f3 la reapertura de paritarias para las y los trabajadores de la ciudad cabecera del Departamento San Justo. El secretario General de la Seccional, Dar\u00edo Paredes, fundament\u00f3 el reclamo en la misiva en &#8220;la preocupaci\u00f3n emergente por el deterioro sufrido por nuestros sueldos [&hellip;]<\/p>\n","protected":false},"author":3,"featured_media":26671,"comment_status":"open","ping_status":"open","sticky":false,"template":"","format":"standard","meta":{"_exactmetrics_skip_tracking":false,"_exactmetrics_sitenote_active":false,"_exactmetrics_sitenote_note":"","_exactmetrics_sitenote_category":0,"jnews-multi-image_gallery":[],"jnews_single_post":{"subtitle":"","format":"standard","video":"","gallery":"","source_name":"","source_url":"","via_name":"","via_url":"","override":[{"single_blog_custom":"","sidebar":"","second_sidebar":"","share_position":"","share_float_style":"","post_date_format":"","post_date_format_custom":"","post_reading_time_wpm":"","zoom_button_out_step":"1","zoom_button_in_step":"1","number_popup_post":"1"}],"image_override":[{"single_post_thumbnail_size":"","single_post_gallery_size":""}],"trending_post_position":"","trending_post_label":"","sponsored_post_label":"","sponsored_post_name":"","sponsored_post_url":"","sponsored_post_logo":"","sponsored_post_desc":""},"jnews_primary_category":{"id":""},"jnews_social_meta":{"fb_title":"","fb_description":"","fb_image":"","twitter_title":"","twitter_description":"","twitter_image":""},"jnews_review":[],"enable_review":"","type":"percentage","name":"","summary":"","brand":"","sku":"","good":[{"good_text":""}],"bad":[{"bad_text":""}],"score_override":"","override_value":"","rating":[{"rating_text":"","rating_number":"10"}],"price":[{"shop":"","price":"","link":"","icon":""}],"jnews_override_counter":{"view_counter_number":"0","share_counter_number":"0","like_counter_number":"0","dislike_counter_number":"0"},"jnews_post_split":{"post_split":[{"template":"1","tag":"h2","numbering":"asc","mode":"normal","toc_type":"normal"}]},"footnotes":""},"categories":[20,148],"tags":[],"class_list":["post-26670","post","type-post","status-publish","format-standard","has-post-thumbnail","hentry","category-municipales","category-san-justo"],"jetpack_featured_media_url":"https:\/\/atecordoba.org\/wp-content\/uploads\/2021\/07\/volante-san-francisco.jpg","_links":{"self":[{"href":"https:\/\/atecordoba.org\/index.php?rest_route=\/wp\/v2\/posts\/26670","targetHints":{"allow":["GET"]}}],"collection":[{"href":"https:\/\/atecordoba.org\/index.php?rest_route=\/wp\/v2\/posts"}],"about":[{"href":"https:\/\/atecordoba.org\/index.php?rest_route=\/wp\/v2\/types\/post"}],"author":[{"embeddable":true,"href":"https:\/\/atecordoba.org\/index.php?rest_route=\/wp\/v2\/users\/3"}],"replies":[{"embeddable":true,"href":"https:\/\/atecordoba.org\/index.php?rest_route=%2Fwp%2Fv2%2Fcomments&post=26670"}],"version-history":[{"count":1,"href":"https:\/\/atecordoba.org\/index.php?rest_route=\/wp\/v2\/posts\/26670\/revisions"}],"predecessor-version":[{"id":26673,"href":"https:\/\/atecordoba.org\/index.php?rest_route=\/wp\/v2\/posts\/26670\/revisions\/26673"}],"wp:featuredmedia":[{"embeddable":true,"href":"https:\/\/atecordoba.org\/index.php?rest_route=\/wp\/v2\/media\/26671"}],"wp:attachment":[{"href":"https:\/\/atecordoba.org\/index.php?rest_route=%2Fwp%2Fv2%2Fmedia&parent=26670"}],"wp:term":[{"taxonomy":"category","embeddable":true,"href":"https:\/\/atecordoba.org\/index.php?rest_route=%2Fwp%2Fv2%2Fcategories&post=26670"},{"taxonomy":"post_tag","embeddable":true,"href":"https:\/\/atecordoba.org\/index.php?rest_route=%2Fwp%2Fv2%2Ftags&post=26670"}],"curies":[{"name":"wp","href":"https:\/\/api.w.org\/{rel}","templated":true}]}}