{"id":26652,"date":"2021-07-12T13:27:27","date_gmt":"2021-07-12T16:27:27","guid":{"rendered":"https:\/\/atecordoba.org\/?p=26652"},"modified":"2021-07-12T13:27:28","modified_gmt":"2021-07-12T16:27:28","slug":"ate-rechaza-resolucion-nacional-que-convoca-al-trabajo-presencial-a-grupos-de-riesgo","status":"publish","type":"post","link":"https:\/\/atecordoba.org\/?p=26652","title":{"rendered":"ATE rechaza resoluci\u00f3n nacional que convoca al trabajo presencial a grupos de riesgo"},"content":{"rendered":"\n<div class=\"wp-block-image\"><figure class=\"aligncenter size-large\"><img loading=\"lazy\" decoding=\"async\" width=\"640\" height=\"360\" src=\"https:\/\/atecordoba.org\/wp-content\/uploads\/2021\/07\/protocolo.jpg\" alt=\"\" class=\"wp-image-26653\" srcset=\"https:\/\/atecordoba.org\/wp-content\/uploads\/2021\/07\/protocolo.jpg 640w, https:\/\/atecordoba.org\/wp-content\/uploads\/2021\/07\/protocolo-300x169.jpg 300w\" sizes=\"auto, (max-width: 640px) 100vw, 640px\" \/><\/figure><\/div>\n\n\n\n<p>Tras la publicaci\u00f3n de la Resoluci\u00f3n 62\/2021 de la Secretar\u00eda de Gesti\u00f3n y Empleo P\u00fablico de la Naci\u00f3n, que habilita a los organismos p\u00fablicos a convocar la vuelta a la presencialidad a todos y todas aquellas compa\u00f1eras que integran grupo de riesgo, el Departamento de Salud Laboral del Consejo Directivo Provincial (CDP) de ATE C\u00f3rdoba sali\u00f3 a rechazar esta Resoluci\u00f3n y solicit\u00f3 que se deje sin efecto, que se\u00a0 revea el alcance y el paquete de medidas &#8220;ya que representa un grave riesgo para la salud de las y los trabajadores&#8221;.<\/p>\n\n\n\n<p>La Resoluci\u00f3n 62\/2021 abarca a los grupos de riesgo de embarazadas, personas con enfermedades card\u00edacas y respiratorias, diab\u00e9ticas, y otros que te tengan una dosis de la vacuna contra el Covid 19 y hayan pasado 14 d\u00edas desde su aplicaci\u00f3n.<\/p>\n\n\n\n<p>La norma, publicada el 25 de julio pasado, tambi\u00e9n habilita a la presencialidad a las y los compa\u00f1eros del sector salud que est\u00e1n altamente expuestos al virus en su tarea y que hayan completado las dos dosis de la vacuna.<\/p>\n\n\n\n<div class=\"wp-block-image\"><figure class=\"alignright size-large is-resized\"><img loading=\"lazy\" decoding=\"async\" src=\"https:\/\/atecordoba.org\/wp-content\/uploads\/2021\/07\/resolucion-62_21-gestion-publica.jpg\" alt=\"\" class=\"wp-image-26654\" width=\"429\" height=\"248\" srcset=\"https:\/\/atecordoba.org\/wp-content\/uploads\/2021\/07\/resolucion-62_21-gestion-publica.jpg 586w, https:\/\/atecordoba.org\/wp-content\/uploads\/2021\/07\/resolucion-62_21-gestion-publica-300x174.jpg 300w\" sizes=\"auto, (max-width: 429px) 100vw, 429px\" \/><\/figure><\/div>\n\n\n\n<p>En tal sentido, el director del Departamento de Salud Laboral, Mat\u00edas Giuliani, fundamento la negativa a que &#8220;el alerta epidemiol\u00f3gico sigue vigente y que el sistema\u00a0 sanitario p\u00fablico y privado han llegado al punto de colapsar en algunas regiones y va camino a eso en tantas otras&#8221;.<\/p>\n\n\n\n<p>Al respecto, Giuliani consider\u00f3 que &#8220;el ritmo de vacunaci\u00f3n est\u00e1 siendo el adecuado y que los resultados son positivos pero no es momento de relajarse. Entendemos que es un desprop\u00f3sito la resoluci\u00f3n que impone la vuelta a la presencialidad cuando la circulaci\u00f3n y la letalidad del virus siguen vigentes, m\u00e1s ahora\u00a0ante la circulaci\u00f3n de las nuevas variantes detectadas en pa\u00edses vecinos.<\/p>\n\n\n\n<p>Adem\u00e1s, el dirigente lament\u00f3 que &#8220;esta medida puede ser tomada por los gobiernos provinciales y municipales para implementarse en su administraci\u00f3n, lo que representa que empiecen a convocar a sus trabajadores y trabajadoras a la presencialidad, generando as\u00ed mayor circulaci\u00f3n y mayor riesgo de contagios, en el momento cuando m\u00e1s hay que extremar las medidas de cuidado y sobre todo considerando los grupos de riesgo afectados por la resoluci\u00f3n&#8221;.<\/p>\n\n\n\n<p>&#8220;Esto tiene a\u00fan mayor repercusi\u00f3n, teniendo en cuenta la opini\u00f3n de los especialistas que vaticinan y anticipan la llegada de una tercera ola de contagios&#8221;, dijo Giuliani.<\/p>\n\n\n\n<p><strong>Decreto mata resoluci\u00f3n<\/strong><\/p>\n\n\n\n<div class=\"wp-block-image\"><figure class=\"alignleft size-large is-resized\"><img loading=\"lazy\" decoding=\"async\" src=\"https:\/\/atecordoba.org\/wp-content\/uploads\/2021\/07\/logo-cymat-vertical-1.jpeg\" alt=\"\" class=\"wp-image-26656\" width=\"227\" height=\"348\" srcset=\"https:\/\/atecordoba.org\/wp-content\/uploads\/2021\/07\/logo-cymat-vertical-1.jpeg 261w, https:\/\/atecordoba.org\/wp-content\/uploads\/2021\/07\/logo-cymat-vertical-1-195x300.jpeg 195w\" sizes=\"auto, (max-width: 227px) 100vw, 227px\" \/><\/figure><\/div>\n\n\n\n<p>Por otro lado, desde ya ATE alertamos en su oportunidad que una resoluci\u00f3n no puede modificar un decreto y es lo que pretende a hacer la resoluci\u00f3n 62\/21 respecto al Decreto Presidencial 27\/2021 &#8220;que acaba de ser prorrogado hace escasos d\u00edas extendiendo su paquete de medidas hasta el 6 de agosto y donde se prioriza el teletrabajo sobre la presencialidad. Esto es totalmente contradictorio con lo que pretende la resoluci\u00f3n mencionada&#8221;, se\u00f1al\u00f3 el especialista.<\/p>\n\n\n\n<p>En abril pasado ya se hab\u00eda sacado una resoluci\u00f3n conjunta entre los ministerios de Trabajo y Salud de la Naci\u00f3n, con las mismas medidas que la 62\/21, que se revirti\u00f3 gracias al reclamo de ATE y otras organizaciones miembros del Comit\u00e9 de Emergencia (COE), donde el gobierno en sinton\u00eda con las pol\u00edticas de cuidado dio vuelta atr\u00e1s con una resoluci\u00f3n que ahora vuelven retomar.<\/p>\n\n\n\n<p><strong>Condiciones de trabajo<\/strong><\/p>\n\n\n\n<p>Por otro lado, Giuliani dijo que el Departamento de Salud Laboral exige la vacunaci\u00f3n para todos los compa\u00f1eros y compa\u00f1eras esenciales, la implementaci\u00f3n de protocolos sanitarios estrictos, confeccionados con participaci\u00f3n de los trabajadores de los distintos organismos. &#8220;Tambi\u00e9n exigimos testeos peri\u00f3dicos \u00a0para las y los compa\u00f1eros esenciales as\u00ed como la\u00a0 creaci\u00f3n y puesta en marcha de comit\u00e9s mixtos de delegaciones y subdelegaciones Cymat (Comisi\u00f3n de Condiciones y Medio Ambiente de Trabajo) seg\u00fan corresponda en todos los organismos de la administraci\u00f3n p\u00fablica nacional&#8221;, afirm\u00f3.<\/p>\n\n\n\n<p>&#8220;Por \u00faltimo reclamamos que la convocatoria a la presencialidad, de concretarse, se instrumente por v\u00edas administrativas claras junto con capacitaciones en condiciones de trabajo enmarcadas en la pandemia y el cuidado de la salud&#8221;, concluy\u00f3 Giuliani..<\/p>\n\n\n\n<p><\/p>\n\n\n\n<p><\/p>\n","protected":false},"excerpt":{"rendered":"<p>Tras la publicaci\u00f3n de la Resoluci\u00f3n 62\/2021 de la Secretar\u00eda de Gesti\u00f3n y Empleo P\u00fablico de la Naci\u00f3n, que habilita a los organismos p\u00fablicos a convocar la vuelta a la presencialidad a todos y todas aquellas compa\u00f1eras que integran grupo de riesgo, el Departamento de Salud Laboral del Consejo Directivo Provincial (CDP) de ATE C\u00f3rdoba [&hellip;]<\/p>\n","protected":false},"author":7,"featured_media":26655,"comment_status":"open","ping_status":"open","sticky":false,"template":"","format":"standard","meta":{"_exactmetrics_skip_tracking":false,"_exactmetrics_sitenote_active":false,"_exactmetrics_sitenote_note":"","_exactmetrics_sitenote_category":0,"jnews-multi-image_gallery":[],"jnews_single_post":{"subtitle":"","format":"standard","video":"","gallery":"","source_name":"","source_url":"","via_name":"","via_url":"","override":[{"single_blog_custom":"","sidebar":"","second_sidebar":"","share_position":"","share_float_style":"","post_date_format":"","post_date_format_custom":"","post_reading_time_wpm":"","zoom_button_out_step":"1","zoom_button_in_step":"1","number_popup_post":"1"}],"image_override":[{"single_post_thumbnail_size":"","single_post_gallery_size":""}],"trending_post_position":"","trending_post_label":"","sponsored_post_label":"","sponsored_post_name":"","sponsored_post_url":"","sponsored_post_logo":"","sponsored_post_desc":""},"jnews_primary_category":{"id":""},"jnews_social_meta":{"fb_title":"","fb_description":"","fb_image":"","twitter_title":"","twitter_description":"","twitter_image":""},"jnews_review":[],"enable_review":"","type":"percentage","name":"","summary":"","brand":"","sku":"","good":[{"good_text":""}],"bad":[{"bad_text":""}],"score_override":"","override_value":"","rating":[{"rating_text":"","rating_number":"10"}],"price":[{"shop":"","price":"","link":"","icon":""}],"jnews_override_counter":{"view_counter_number":"0","share_counter_number":"0","like_counter_number":"0","dislike_counter_number":"0"},"jnews_post_split":{"post_split":[{"template":"1","tag":"h2","numbering":"asc","mode":"normal","toc_type":"normal"}]},"footnotes":""},"categories":[549],"tags":[858],"class_list":["post-26652","post","type-post","status-publish","format-standard","has-post-thumbnail","hentry","category-cymat","tag-resolucion-62-2021"],"jetpack_featured_media_url":"https:\/\/atecordoba.org\/wp-content\/uploads\/2021\/07\/logo-cymat-horizonal-1.jpeg","_links":{"self":[{"href":"https:\/\/atecordoba.org\/index.php?rest_route=\/wp\/v2\/posts\/26652","targetHints":{"allow":["GET"]}}],"collection":[{"href":"https:\/\/atecordoba.org\/index.php?rest_route=\/wp\/v2\/posts"}],"about":[{"href":"https:\/\/atecordoba.org\/index.php?rest_route=\/wp\/v2\/types\/post"}],"author":[{"embeddable":true,"href":"https:\/\/atecordoba.org\/index.php?rest_route=\/wp\/v2\/users\/7"}],"replies":[{"embeddable":true,"href":"https:\/\/atecordoba.org\/index.php?rest_route=%2Fwp%2Fv2%2Fcomments&post=26652"}],"version-history":[{"count":1,"href":"https:\/\/atecordoba.org\/index.php?rest_route=\/wp\/v2\/posts\/26652\/revisions"}],"predecessor-version":[{"id":26657,"href":"https:\/\/atecordoba.org\/index.php?rest_route=\/wp\/v2\/posts\/26652\/revisions\/26657"}],"wp:featuredmedia":[{"embeddable":true,"href":"https:\/\/atecordoba.org\/index.php?rest_route=\/wp\/v2\/media\/26655"}],"wp:attachment":[{"href":"https:\/\/atecordoba.org\/index.php?rest_route=%2Fwp%2Fv2%2Fmedia&parent=26652"}],"wp:term":[{"taxonomy":"category","embeddable":true,"href":"https:\/\/atecordoba.org\/index.php?rest_route=%2Fwp%2Fv2%2Fcategories&post=26652"},{"taxonomy":"post_tag","embeddable":true,"href":"https:\/\/atecordoba.org\/index.php?rest_route=%2Fwp%2Fv2%2Ftags&post=26652"}],"curies":[{"name":"wp","href":"https:\/\/api.w.org\/{rel}","templated":true}]}}