{"id":26623,"date":"2021-07-07T16:09:50","date_gmt":"2021-07-07T19:09:50","guid":{"rendered":"https:\/\/atecordoba.org\/?p=26623"},"modified":"2021-07-07T16:09:51","modified_gmt":"2021-07-07T19:09:51","slug":"ate-celebra-la-promulgacion-de-la-ley-de-cupo-trans-para-el-trabajo-en-el-estado","status":"publish","type":"post","link":"https:\/\/atecordoba.org\/?p=26623","title":{"rendered":"ATE celebra la promulgaci\u00f3n de la ley de cupo trans para el trabajo en el Estado"},"content":{"rendered":"\n<figure class=\"wp-block-video\"><video height=\"1080\" style=\"aspect-ratio: 1920 \/ 1080;\" width=\"1920\" controls src=\"https:\/\/atecordoba.org\/wp-content\/uploads\/2021\/07\/video-cupo-trans.mp4\"><\/video><\/figure>\n\n\n\n<p>En un acto que se celebr\u00f3 el mediod\u00eda de este mi\u00e9rcoles en Casa Rosada, el Presidente Alberto Fern\u00e1ndez firm\u00f3 promulgaci\u00f3n de la ley de promoci\u00f3n del acceso al empleo formal para personas travestis, transexuales y transg\u00e9nero.<\/p>\n\n\n\n<p>La norma que lleva el nombre de Diana Sacay\u00e1n y Lohana Berkins, que contempla, entre otras reivindicaciones, que los tres poderes del Estado nacional, los ministerios p\u00fablicos y dem\u00e1s organismos deben ocupar una proporci\u00f3n no inferior al 1% de la totalidad de su personal con personas de ese colectivo.<\/p>\n\n\n\n<p>El Consejo Directivo Provincial de ATE C\u00f3rdoba celebr\u00f3 la medida, fruto de la larga lucha de organizaciones trans, travestis y de g\u00e9neros, desarrolladas en el marco del inmenso movimiento feminista que el movimiento popular enarbola con orgullo en Argentina.<\/p>\n\n\n\n<p>Desde el Departamento de G\u00e9neros y Diversidades, Eugenio Talbot dijo que &#8220;venimos teniendo una serie de d\u00edas hist\u00f3ricos, que tienen que ver con el reconocimiento del Estado de la situaci\u00f3n que vivimos las personas trans y travestis, y el compromiso de generar pol\u00edticas p\u00fablicas que\u00a0 de alguna manera revientan la situaci\u00f3n de vida de nuestras compa\u00f1eras y compa\u00f1eros&#8221;.<\/p>\n\n\n\n<p>Activista trans y trabajador estatal, Talbot apunt\u00f3 que se trata de &#8220;una poblaci\u00f3n que tiene un promedio de vida de entre 35 y 40 a\u00f1os y es extremadamente vulnerada en todos sus derechos. En consecuencia es un d\u00eda hist\u00f3rico en el reconocimiento de los DDHH y debemos reconocer que las organizaciones trans y travestis son de lucha por los DDHH de las democracias. Hay una apuesta por los derechos para modificar las condiciones de vida&#8221;. Y destac\u00f3 que &#8220;por primera vez el Estado nacional reconoce, directa o indirectamente, su responsabilidad en las condiciones de vida que tenemos las personas travestis y trans y puso en marcha una serie de acciones para modificar estas realidades&#8221;.<\/p>\n\n\n\n<p>Talbot reflexion\u00f3 que &#8220;de esta forma se van a evitar muertes evitables entre nuestra poblaci\u00f3n, nada m\u00e1s y nada menos. Porque \u00a0el trabajo es la primera acci\u00f3n que nos va a garantizar el acceso a pleno\u00a0 derecho, a la salud, a la vivienda, a la educaci\u00f3n. Sin trabajo no hay acceso a derechos&#8221;.<\/p>\n\n\n\n<p><strong>Compromiso sindical<\/strong><\/p>\n\n\n\n<p>Adem\u00e1s, Talbot evalu\u00f3 que &#8220;esta nueva oportunidad que se nos abre a la poblaci\u00f3n trans y travesti que tiene que ser consolidada con otro tipo de pol\u00edticas, relacionadas con los derechos de las y los trabajadores. Es fundamental que demos un paso m\u00e1s, nos afiliemos y nos reconozcamos representados y representadas en gremios y sindicatos&#8221;.<\/p>\n\n\n\n<p>Y destac\u00f3 que &#8220;ATE est\u00e1 llevando adelante una serie de actividades que tienen que ver con la difusi\u00f3n de estas pol\u00edticas y con el reconocimiento de derechos fundamentales para trabajadores y trabajadoras. Este es un espacio de lucha donde se nos das la posibilidad de pelear por derechos que muchas veces no son reconocidos por el Estado, como el trabajo en blanco bien remunerado con los beneficios sociales que acarrea&#8221;.<\/p>\n","protected":false},"excerpt":{"rendered":"<p>En un acto que se celebr\u00f3 el mediod\u00eda de este mi\u00e9rcoles en Casa Rosada, el Presidente Alberto Fern\u00e1ndez firm\u00f3 promulgaci\u00f3n de la ley de promoci\u00f3n del acceso al empleo formal para personas travestis, transexuales y transg\u00e9nero. La norma que lleva el nombre de Diana Sacay\u00e1n y Lohana Berkins, que contempla, entre otras reivindicaciones, que los [&hellip;]<\/p>\n","protected":false},"author":7,"featured_media":26559,"comment_status":"open","ping_status":"open","sticky":false,"template":"","format":"standard","meta":{"_exactmetrics_skip_tracking":false,"_exactmetrics_sitenote_active":false,"_exactmetrics_sitenote_note":"","_exactmetrics_sitenote_category":0,"jnews-multi-image_gallery":[],"jnews_single_post":{"subtitle":"","format":"standard","video":"","gallery":"","source_name":"","source_url":"","via_name":"","via_url":"","override":[{"single_blog_custom":"","sidebar":"","second_sidebar":"","share_position":"","share_float_style":"","post_date_format":"","post_date_format_custom":"","post_reading_time_wpm":"","zoom_button_out_step":"1","zoom_button_in_step":"1","number_popup_post":"1"}],"image_override":[{"single_post_thumbnail_size":"","single_post_gallery_size":""}],"trending_post_position":"","trending_post_label":"","sponsored_post_label":"","sponsored_post_name":"","sponsored_post_url":"","sponsored_post_logo":"","sponsored_post_desc":""},"jnews_primary_category":{"id":""},"jnews_social_meta":{"fb_title":"","fb_description":"","fb_image":"","twitter_title":"","twitter_description":"","twitter_image":""},"jnews_review":[],"enable_review":"","type":"percentage","name":"","summary":"","brand":"","sku":"","good":[{"good_text":""}],"bad":[{"bad_text":""}],"score_override":"","override_value":"","rating":[{"rating_text":"","rating_number":"10"}],"price":[{"shop":"","price":"","link":"","icon":""}],"jnews_override_counter":{"view_counter_number":"0","share_counter_number":"0","like_counter_number":"0","dislike_counter_number":"0"},"jnews_post_split":{"post_split":[{"template":"1","tag":"h2","numbering":"asc","mode":"normal","toc_type":"normal"}]},"footnotes":""},"categories":[325],"tags":[552],"class_list":["post-26623","post","type-post","status-publish","format-standard","has-post-thumbnail","hentry","category-generos-y-diversidades","tag-cupo-trans"],"jetpack_featured_media_url":"https:\/\/atecordoba.org\/wp-content\/uploads\/2021\/07\/logo-diverso.jpeg","_links":{"self":[{"href":"https:\/\/atecordoba.org\/index.php?rest_route=\/wp\/v2\/posts\/26623","targetHints":{"allow":["GET"]}}],"collection":[{"href":"https:\/\/atecordoba.org\/index.php?rest_route=\/wp\/v2\/posts"}],"about":[{"href":"https:\/\/atecordoba.org\/index.php?rest_route=\/wp\/v2\/types\/post"}],"author":[{"embeddable":true,"href":"https:\/\/atecordoba.org\/index.php?rest_route=\/wp\/v2\/users\/7"}],"replies":[{"embeddable":true,"href":"https:\/\/atecordoba.org\/index.php?rest_route=%2Fwp%2Fv2%2Fcomments&post=26623"}],"version-history":[{"count":2,"href":"https:\/\/atecordoba.org\/index.php?rest_route=\/wp\/v2\/posts\/26623\/revisions"}],"predecessor-version":[{"id":26638,"href":"https:\/\/atecordoba.org\/index.php?rest_route=\/wp\/v2\/posts\/26623\/revisions\/26638"}],"wp:featuredmedia":[{"embeddable":true,"href":"https:\/\/atecordoba.org\/index.php?rest_route=\/wp\/v2\/media\/26559"}],"wp:attachment":[{"href":"https:\/\/atecordoba.org\/index.php?rest_route=%2Fwp%2Fv2%2Fmedia&parent=26623"}],"wp:term":[{"taxonomy":"category","embeddable":true,"href":"https:\/\/atecordoba.org\/index.php?rest_route=%2Fwp%2Fv2%2Fcategories&post=26623"},{"taxonomy":"post_tag","embeddable":true,"href":"https:\/\/atecordoba.org\/index.php?rest_route=%2Fwp%2Fv2%2Ftags&post=26623"}],"curies":[{"name":"wp","href":"https:\/\/api.w.org\/{rel}","templated":true}]}}