{"id":26596,"date":"2021-07-05T12:46:55","date_gmt":"2021-07-05T15:46:55","guid":{"rendered":"https:\/\/atecordoba.org\/?p=26596"},"modified":"2021-07-05T13:11:21","modified_gmt":"2021-07-05T16:11:21","slug":"rio-cuarto-la-seccional-se-reunion-con-rrhh-para-articular-la-licencia-por-violencia-de-genero","status":"publish","type":"post","link":"https:\/\/atecordoba.org\/?p=26596","title":{"rendered":"R\u00edo Cuarto: la seccional se reuni\u00f3n con RRHH para articular la difusi\u00f3n de la licencia por violencia de g\u00e9nero"},"content":{"rendered":"\n<div class=\"wp-block-image\"><figure class=\"aligncenter size-large\"><img loading=\"lazy\" decoding=\"async\" width=\"1024\" height=\"576\" src=\"https:\/\/atecordoba.org\/wp-content\/uploads\/2021\/07\/rrhh-rio-cuarto-1024x576.jpeg\" alt=\"\" class=\"wp-image-26599\" srcset=\"https:\/\/atecordoba.org\/wp-content\/uploads\/2021\/07\/rrhh-rio-cuarto-1024x576.jpeg 1024w, https:\/\/atecordoba.org\/wp-content\/uploads\/2021\/07\/rrhh-rio-cuarto-300x169.jpeg 300w, https:\/\/atecordoba.org\/wp-content\/uploads\/2021\/07\/rrhh-rio-cuarto-768x432.jpeg 768w, https:\/\/atecordoba.org\/wp-content\/uploads\/2021\/07\/rrhh-rio-cuarto-750x422.jpeg 750w, https:\/\/atecordoba.org\/wp-content\/uploads\/2021\/07\/rrhh-rio-cuarto-1140x641.jpeg 1140w, https:\/\/atecordoba.org\/wp-content\/uploads\/2021\/07\/rrhh-rio-cuarto.jpeg 1280w\" sizes=\"auto, (max-width: 1024px) 100vw, 1024px\" \/><\/figure><\/div>\n\n\n\n<p>En una audiencia mantenida hoy con la directora de Recursos Humanos de la Municipalidad de R\u00edo Cuarto, Isabel Cucco, ATE plante\u00f3 la necesidad de generar una articulaci\u00f3n entre el Ejecutivo y nuestro gremio para darle difusi\u00f3n al derecho que gozan las municipales de acceder a la licencia por violencia de g\u00e9nero.<\/p>\n\n\n\n<p>En la oportunidad, estuvieron presentes la secretaria General de ATE R\u00edo Cuarto, Rafaela Alcoba, y la directora del Departamento de G\u00e9neros y Diversidades del Consejo Directivo Provincial, Gabriela Alcoba.<\/p>\n\n\n\n<p>Cabe se\u00f1alar que ATE puso a disposici\u00f3n el material de difusi\u00f3n generado desde el propio sindicato, integrado por un video y un folleto para difundir este derecho de las municipales contando los pasos a seguir.<\/p>\n\n\n\n<p>La licencia por violencia de g\u00e9nero se aprob\u00f3 hace dos a\u00f1os en el Concejo Deliberante con la modificaci\u00f3n de la ordenanza del Estatuto Municipal.<\/p>\n\n\n\n<p>ATE plante\u00f3 tambi\u00e9n la conveniencia de involucrar a la Secretar\u00eda de G\u00e9nero y RRHH junto a ATE para el armado del protocolo necesario para la correcta implementaci\u00f3n de la licencia.<\/p>\n\n\n\n<p>\u201cSostenemos que la licencia debe ser para todas por igual, m\u00e1s all\u00e1 de su situaci\u00f3n contractual\u201d, afirmaron las dirigentes estatales a la salida de la reuni\u00f3n.<\/p>\n\n\n\n<div class=\"wp-block-image\"><figure class=\"aligncenter size-large\"><img loading=\"lazy\" decoding=\"async\" width=\"819\" height=\"1024\" src=\"https:\/\/atecordoba.org\/wp-content\/uploads\/2021\/07\/flyer-licencia-violencia-genero-819x1024.jpeg\" alt=\"\" class=\"wp-image-26597\" srcset=\"https:\/\/atecordoba.org\/wp-content\/uploads\/2021\/07\/flyer-licencia-violencia-genero-819x1024.jpeg 819w, https:\/\/atecordoba.org\/wp-content\/uploads\/2021\/07\/flyer-licencia-violencia-genero-240x300.jpeg 240w, https:\/\/atecordoba.org\/wp-content\/uploads\/2021\/07\/flyer-licencia-violencia-genero-768x960.jpeg 768w, https:\/\/atecordoba.org\/wp-content\/uploads\/2021\/07\/flyer-licencia-violencia-genero-750x938.jpeg 750w, https:\/\/atecordoba.org\/wp-content\/uploads\/2021\/07\/flyer-licencia-violencia-genero.jpeg 1024w\" sizes=\"auto, (max-width: 819px) 100vw, 819px\" \/><\/figure><\/div>\n","protected":false},"excerpt":{"rendered":"<p>En una audiencia mantenida hoy con la directora de Recursos Humanos de la Municipalidad de R\u00edo Cuarto, Isabel Cucco, ATE plante\u00f3 la necesidad de generar una articulaci\u00f3n entre el Ejecutivo y nuestro gremio para darle difusi\u00f3n al derecho que gozan las municipales de acceder a la licencia por violencia de g\u00e9nero. En la oportunidad, estuvieron [&hellip;]<\/p>\n","protected":false},"author":7,"featured_media":26597,"comment_status":"open","ping_status":"open","sticky":false,"template":"","format":"standard","meta":{"_exactmetrics_skip_tracking":false,"_exactmetrics_sitenote_active":false,"_exactmetrics_sitenote_note":"","_exactmetrics_sitenote_category":0,"jnews-multi-image_gallery":[],"jnews_single_post":{"subtitle":"","format":"standard","video":"","gallery":"","source_name":"","source_url":"","via_name":"","via_url":"","override":[{"single_blog_custom":"","sidebar":"","second_sidebar":"","share_position":"","share_float_style":"","post_date_format":"","post_date_format_custom":"","post_reading_time_wpm":"","zoom_button_out_step":"1","zoom_button_in_step":"1","number_popup_post":"1"}],"image_override":[{"single_post_thumbnail_size":"","single_post_gallery_size":""}],"trending_post_position":"","trending_post_label":"","sponsored_post_label":"","sponsored_post_name":"","sponsored_post_url":"","sponsored_post_logo":"","sponsored_post_desc":""},"jnews_primary_category":{"id":""},"jnews_social_meta":{"fb_title":"","fb_description":"","fb_image":"","twitter_title":"","twitter_description":"","twitter_image":""},"jnews_review":[],"enable_review":"","type":"percentage","name":"","summary":"","brand":"","sku":"","good":[{"good_text":""}],"bad":[{"bad_text":""}],"score_override":"","override_value":"","rating":[{"rating_text":"","rating_number":"10"}],"price":[{"shop":"","price":"","link":"","icon":""}],"jnews_override_counter":{"view_counter_number":"0","share_counter_number":"0","like_counter_number":"0","dislike_counter_number":"0"},"jnews_post_split":{"post_split":[{"template":"1","tag":"h2","numbering":"asc","mode":"normal","toc_type":"normal"}]},"footnotes":""},"categories":[20,12],"tags":[839],"class_list":["post-26596","post","type-post","status-publish","format-standard","has-post-thumbnail","hentry","category-municipales","category-rio-cuarto","tag-licencia-por-violencia-de-genero"],"jetpack_featured_media_url":"https:\/\/atecordoba.org\/wp-content\/uploads\/2021\/07\/flyer-licencia-violencia-genero.jpeg","_links":{"self":[{"href":"https:\/\/atecordoba.org\/index.php?rest_route=\/wp\/v2\/posts\/26596","targetHints":{"allow":["GET"]}}],"collection":[{"href":"https:\/\/atecordoba.org\/index.php?rest_route=\/wp\/v2\/posts"}],"about":[{"href":"https:\/\/atecordoba.org\/index.php?rest_route=\/wp\/v2\/types\/post"}],"author":[{"embeddable":true,"href":"https:\/\/atecordoba.org\/index.php?rest_route=\/wp\/v2\/users\/7"}],"replies":[{"embeddable":true,"href":"https:\/\/atecordoba.org\/index.php?rest_route=%2Fwp%2Fv2%2Fcomments&post=26596"}],"version-history":[{"count":4,"href":"https:\/\/atecordoba.org\/index.php?rest_route=\/wp\/v2\/posts\/26596\/revisions"}],"predecessor-version":[{"id":26603,"href":"https:\/\/atecordoba.org\/index.php?rest_route=\/wp\/v2\/posts\/26596\/revisions\/26603"}],"wp:featuredmedia":[{"embeddable":true,"href":"https:\/\/atecordoba.org\/index.php?rest_route=\/wp\/v2\/media\/26597"}],"wp:attachment":[{"href":"https:\/\/atecordoba.org\/index.php?rest_route=%2Fwp%2Fv2%2Fmedia&parent=26596"}],"wp:term":[{"taxonomy":"category","embeddable":true,"href":"https:\/\/atecordoba.org\/index.php?rest_route=%2Fwp%2Fv2%2Fcategories&post=26596"},{"taxonomy":"post_tag","embeddable":true,"href":"https:\/\/atecordoba.org\/index.php?rest_route=%2Fwp%2Fv2%2Ftags&post=26596"}],"curies":[{"name":"wp","href":"https:\/\/api.w.org\/{rel}","templated":true}]}}