{"id":26593,"date":"2021-07-05T11:38:13","date_gmt":"2021-07-05T14:38:13","guid":{"rendered":"https:\/\/atecordoba.org\/?p=26593"},"modified":"2021-07-05T11:38:14","modified_gmt":"2021-07-05T14:38:14","slug":"ffmm-17-despedidos-del-macrismo-reincorporados-en-villa-maria","status":"publish","type":"post","link":"https:\/\/atecordoba.org\/?p=26593","title":{"rendered":"FFMM: 17 despedidos del macrismo reincorporados en Villa Mar\u00eda"},"content":{"rendered":"\n<div class=\"wp-block-image\"><figure class=\"aligncenter size-large\"><img loading=\"lazy\" decoding=\"async\" width=\"1024\" height=\"432\" src=\"https:\/\/atecordoba.org\/wp-content\/uploads\/2021\/07\/villa-maria_-reincorporados-1024x432.jpeg\" alt=\"\" class=\"wp-image-26594\" srcset=\"https:\/\/atecordoba.org\/wp-content\/uploads\/2021\/07\/villa-maria_-reincorporados-1024x432.jpeg 1024w, https:\/\/atecordoba.org\/wp-content\/uploads\/2021\/07\/villa-maria_-reincorporados-300x127.jpeg 300w, https:\/\/atecordoba.org\/wp-content\/uploads\/2021\/07\/villa-maria_-reincorporados-768x324.jpeg 768w, https:\/\/atecordoba.org\/wp-content\/uploads\/2021\/07\/villa-maria_-reincorporados-750x316.jpeg 750w, https:\/\/atecordoba.org\/wp-content\/uploads\/2021\/07\/villa-maria_-reincorporados-1140x481.jpeg 1140w, https:\/\/atecordoba.org\/wp-content\/uploads\/2021\/07\/villa-maria_-reincorporados.jpeg 1280w\" sizes=\"auto, (max-width: 1024px) 100vw, 1024px\" \/><figcaption>Los reincorporados junto a Fernando Mercado, en una de las oficinas administrativas de la FMVM.<\/figcaption><\/figure><\/div>\n\n\n\n<p>En otro claro logro de ATE, hoy se reincorporaron a la F\u00e1brica Militar de P\u00f3lvora y Explosivos de Villa Mar\u00eda (FMVM) 17 compa\u00f1eros despedidos durante la gesti\u00f3n macrista.  &#8220;El 5 de julio es otro gran d\u00eda para ATE Villa Mar\u00eda y toda la familia de Fabricaciones Militares&#8221;, dijo la seccional ATE Villa Mar\u00eda.<\/p>\n\n\n\n<p>Estos compa\u00f1eros vuelven a ingresar mediante la creaci\u00f3n de la\u00a0 cooperativa 27 de septiembre, gestionada por el municipio villamariense y la seccional de ATE, que conduce el secretario General, Fernando Mercado.<\/p>\n\n\n\n<p>&#8220;En esta ardua pelea tampoco\u00a0 estuvimos solos, debemos agradecer a &#8220;Mujeres en defensa de la F\u00e1brica&#8221; que siempre se mantuvieron firmes con\u00a0 su apoyo y colaboraci\u00f3n&#8221;, se\u00f1al\u00f3 el dirigente.<\/p>\n\n\n\n<p>Y agreg\u00f3: &#8220;le damos la bienvenida a los compa\u00f1eros que vuelven a formar parte de nuestra gran familia fabriquera\u00a0 y hoy m\u00e1s que nunca recordar: La \u00fanica lucha que se pierde, es la que se abandona&#8221;.<\/p>\n","protected":false},"excerpt":{"rendered":"<p>En otro claro logro de ATE, hoy se reincorporaron a la F\u00e1brica Militar de P\u00f3lvora y Explosivos de Villa Mar\u00eda (FMVM) 17 compa\u00f1eros despedidos durante la gesti\u00f3n macrista. &#8220;El 5 de julio es otro gran d\u00eda para ATE Villa Mar\u00eda y toda la familia de Fabricaciones Militares&#8221;, dijo la seccional ATE Villa Mar\u00eda. Estos compa\u00f1eros [&hellip;]<\/p>\n","protected":false},"author":7,"featured_media":26594,"comment_status":"open","ping_status":"open","sticky":false,"template":"","format":"standard","meta":{"_exactmetrics_skip_tracking":false,"_exactmetrics_sitenote_active":false,"_exactmetrics_sitenote_note":"","_exactmetrics_sitenote_category":0,"jnews-multi-image_gallery":[],"jnews_single_post":{"subtitle":"","format":"standard","video":"","gallery":"","source_name":"","source_url":"","via_name":"","via_url":"","override":[{"single_blog_custom":"","sidebar":"","second_sidebar":"","share_position":"","share_float_style":"","post_date_format":"","post_date_format_custom":"","post_reading_time_wpm":"","zoom_button_out_step":"1","zoom_button_in_step":"1","number_popup_post":"1"}],"image_override":[{"single_post_thumbnail_size":"","single_post_gallery_size":""}],"trending_post_position":"","trending_post_label":"","sponsored_post_label":"","sponsored_post_name":"","sponsored_post_url":"","sponsored_post_logo":"","sponsored_post_desc":""},"jnews_primary_category":{"id":""},"jnews_social_meta":{"fb_title":"","fb_description":"","fb_image":"","twitter_title":"","twitter_description":"","twitter_image":""},"jnews_review":[],"enable_review":"","type":"percentage","name":"","summary":"","brand":"","sku":"","good":[{"good_text":""}],"bad":[{"bad_text":""}],"score_override":"","override_value":"","rating":[{"rating_text":"","rating_number":"10"}],"price":[{"shop":"","price":"","link":"","icon":""}],"jnews_override_counter":{"view_counter_number":"0","share_counter_number":"0","like_counter_number":"0","dislike_counter_number":"0"},"jnews_post_split":{"post_split":[{"template":"1","tag":"h2","numbering":"asc","mode":"normal","toc_type":"normal"}]},"footnotes":""},"categories":[152,18,14],"tags":[703],"class_list":["post-26593","post","type-post","status-publish","format-standard","has-post-thumbnail","hentry","category-despedidos","category-nacionales","category-villa-maria","tag-ffmm"],"jetpack_featured_media_url":"https:\/\/atecordoba.org\/wp-content\/uploads\/2021\/07\/villa-maria_-reincorporados.jpeg","_links":{"self":[{"href":"https:\/\/atecordoba.org\/index.php?rest_route=\/wp\/v2\/posts\/26593","targetHints":{"allow":["GET"]}}],"collection":[{"href":"https:\/\/atecordoba.org\/index.php?rest_route=\/wp\/v2\/posts"}],"about":[{"href":"https:\/\/atecordoba.org\/index.php?rest_route=\/wp\/v2\/types\/post"}],"author":[{"embeddable":true,"href":"https:\/\/atecordoba.org\/index.php?rest_route=\/wp\/v2\/users\/7"}],"replies":[{"embeddable":true,"href":"https:\/\/atecordoba.org\/index.php?rest_route=%2Fwp%2Fv2%2Fcomments&post=26593"}],"version-history":[{"count":1,"href":"https:\/\/atecordoba.org\/index.php?rest_route=\/wp\/v2\/posts\/26593\/revisions"}],"predecessor-version":[{"id":26595,"href":"https:\/\/atecordoba.org\/index.php?rest_route=\/wp\/v2\/posts\/26593\/revisions\/26595"}],"wp:featuredmedia":[{"embeddable":true,"href":"https:\/\/atecordoba.org\/index.php?rest_route=\/wp\/v2\/media\/26594"}],"wp:attachment":[{"href":"https:\/\/atecordoba.org\/index.php?rest_route=%2Fwp%2Fv2%2Fmedia&parent=26593"}],"wp:term":[{"taxonomy":"category","embeddable":true,"href":"https:\/\/atecordoba.org\/index.php?rest_route=%2Fwp%2Fv2%2Fcategories&post=26593"},{"taxonomy":"post_tag","embeddable":true,"href":"https:\/\/atecordoba.org\/index.php?rest_route=%2Fwp%2Fv2%2Ftags&post=26593"}],"curies":[{"name":"wp","href":"https:\/\/api.w.org\/{rel}","templated":true}]}}