{"id":2659,"date":"2013-04-29T17:00:07","date_gmt":"2013-04-29T20:00:07","guid":{"rendered":"http:\/\/www.atecordoba.org\/?p=2659"},"modified":"2020-06-09T16:58:37","modified_gmt":"2020-06-09T19:58:37","slug":"plenario-general-de-delegados-y-asamblea-para-elegir-congresales-provinciales","status":"publish","type":"post","link":"https:\/\/atecordoba.org\/?p=2659","title":{"rendered":"Plenario general de delegados y asamblea para elegir congresales provinciales"},"content":{"rendered":"<p><a href=\"http:\/\/atecordoba.org\/wp-content\/uploads\/2020\/06\/BOMBO-ATE2.jpg\"><img loading=\"lazy\" decoding=\"async\" class=\"aligncenter size-full wp-image-2660\" title=\"BOMBO ATE\" src=\"http:\/\/atecordoba.org\/wp-content\/uploads\/2020\/06\/BOMBO-ATE2.jpg\" alt=\"\" width=\"275\" height=\"183\" \/><\/a><\/p>\n<div>Compa\u00f1eros delegados, el pr\u00f3ximo viernes 3 de mayo se llevar\u00e1 a cabo un plenario general de delegados a partir de las 10 de la ma\u00f1ana, en la sede de nuestro gremio, Entre R\u00edos 450. Posteriormente, a las 16 horas, se realizar\u00e1 la asamblea anual ordinaria para elegir a los compa\u00f1eros congresales con vistas al pr\u00f3ximo Congreso Provincial, a realizarse el 17 de mayo.<\/div>\n<div>\n<\/div>\n<div>Atentamente<\/div>\n<div>Alejandro Charra<\/div>\n<div>Secretario de Organizaci\u00f3n<\/div>\n","protected":false},"excerpt":{"rendered":"<p>Compa\u00f1eros delegados, el pr\u00f3ximo viernes 3 de mayo se llevar\u00e1 a cabo un plenario general de delegados a partir de las 10 de la ma\u00f1ana, en la sede de nuestro gremio, Entre R\u00edos 450. Posteriormente, a las 16 horas, se realizar\u00e1 la asamblea anual ordinaria para elegir a los compa\u00f1eros congresales con vistas al pr\u00f3ximo [&hellip;]<\/p>\n","protected":false},"author":1,"featured_media":19220,"comment_status":"open","ping_status":"open","sticky":false,"template":"","format":"standard","meta":{"_exactmetrics_skip_tracking":false,"_exactmetrics_sitenote_active":false,"_exactmetrics_sitenote_note":"","_exactmetrics_sitenote_category":0,"jnews-multi-image_gallery":[],"jnews_single_post":[],"jnews_primary_category":[],"jnews_social_meta":[],"jnews_review":[],"enable_review":"","type":"","name":"","summary":"","brand":"","sku":"","good":[],"bad":[],"score_override":"","override_value":"","rating":[],"price":[],"jnews_override_counter":[],"jnews_post_split":[],"footnotes":""},"categories":[12,13,34,14],"tags":[],"class_list":["post-2659","post","type-post","status-publish","format-standard","has-post-thumbnail","hentry","category-rio-cuarto","category-rio-tercero","category-seccionales","category-villa-maria"],"jetpack_featured_media_url":"https:\/\/atecordoba.org\/wp-content\/uploads\/2020\/05\/logo-nuevochico-e1561581322808.png","_links":{"self":[{"href":"https:\/\/atecordoba.org\/index.php?rest_route=\/wp\/v2\/posts\/2659","targetHints":{"allow":["GET"]}}],"collection":[{"href":"https:\/\/atecordoba.org\/index.php?rest_route=\/wp\/v2\/posts"}],"about":[{"href":"https:\/\/atecordoba.org\/index.php?rest_route=\/wp\/v2\/types\/post"}],"author":[{"embeddable":true,"href":"https:\/\/atecordoba.org\/index.php?rest_route=\/wp\/v2\/users\/1"}],"replies":[{"embeddable":true,"href":"https:\/\/atecordoba.org\/index.php?rest_route=%2Fwp%2Fv2%2Fcomments&post=2659"}],"version-history":[{"count":1,"href":"https:\/\/atecordoba.org\/index.php?rest_route=\/wp\/v2\/posts\/2659\/revisions"}],"predecessor-version":[{"id":20181,"href":"https:\/\/atecordoba.org\/index.php?rest_route=\/wp\/v2\/posts\/2659\/revisions\/20181"}],"wp:featuredmedia":[{"embeddable":true,"href":"https:\/\/atecordoba.org\/index.php?rest_route=\/wp\/v2\/media\/19220"}],"wp:attachment":[{"href":"https:\/\/atecordoba.org\/index.php?rest_route=%2Fwp%2Fv2%2Fmedia&parent=2659"}],"wp:term":[{"taxonomy":"category","embeddable":true,"href":"https:\/\/atecordoba.org\/index.php?rest_route=%2Fwp%2Fv2%2Fcategories&post=2659"},{"taxonomy":"post_tag","embeddable":true,"href":"https:\/\/atecordoba.org\/index.php?rest_route=%2Fwp%2Fv2%2Ftags&post=2659"}],"curies":[{"name":"wp","href":"https:\/\/api.w.org\/{rel}","templated":true}]}}