{"id":26571,"date":"2021-07-05T10:27:18","date_gmt":"2021-07-05T13:27:18","guid":{"rendered":"https:\/\/atecordoba.org\/?p=26571"},"modified":"2021-07-05T10:32:01","modified_gmt":"2021-07-05T13:32:01","slug":"nacionales-y-provinciales-realizaran-plenarios-esta-semana-para-organizar-el-reclamo-salarial","status":"publish","type":"post","link":"https:\/\/atecordoba.org\/?p=26571","title":{"rendered":"Nacionales y provinciales realizar\u00e1n plenarios esta semana para organizar el reclamo salarial"},"content":{"rendered":"\n<div class=\"wp-block-columns is-layout-flex wp-container-core-columns-is-layout-9d6595d7 wp-block-columns-is-layout-flex\">\n<div class=\"wp-block-column is-layout-flow wp-block-column-is-layout-flow\">\n<figure class=\"wp-block-gallery aligncenter columns-3 is-cropped wp-block-gallery-1 is-layout-flex wp-block-gallery-is-layout-flex\"><ul class=\"blocks-gallery-grid\"><li><figure><img loading=\"lazy\" decoding=\"async\" width=\"300\" height=\"300\" src=\"https:\/\/atecordoba.org\/wp-content\/uploads\/2021\/07\/IMG-20210702-WA0073-3-300x300.jpg\" alt=\"\" class=\"wp-image-26586\" srcset=\"https:\/\/atecordoba.org\/wp-content\/uploads\/2021\/07\/IMG-20210702-WA0073-3-300x300.jpg 300w, https:\/\/atecordoba.org\/wp-content\/uploads\/2021\/07\/IMG-20210702-WA0073-3-1024x1024.jpg 1024w, https:\/\/atecordoba.org\/wp-content\/uploads\/2021\/07\/IMG-20210702-WA0073-3-150x150.jpg 150w, https:\/\/atecordoba.org\/wp-content\/uploads\/2021\/07\/IMG-20210702-WA0073-3-768x768.jpg 768w, https:\/\/atecordoba.org\/wp-content\/uploads\/2021\/07\/IMG-20210702-WA0073-3-560x560.jpg 560w, https:\/\/atecordoba.org\/wp-content\/uploads\/2021\/07\/IMG-20210702-WA0073-3-75x75.jpg 75w, https:\/\/atecordoba.org\/wp-content\/uploads\/2021\/07\/IMG-20210702-WA0073-3-350x350.jpg 350w, https:\/\/atecordoba.org\/wp-content\/uploads\/2021\/07\/IMG-20210702-WA0073-3-750x750.jpg 750w, https:\/\/atecordoba.org\/wp-content\/uploads\/2021\/07\/IMG-20210702-WA0073-3.jpg 1080w\" sizes=\"auto, (max-width: 300px) 100vw, 300px\" \/><\/figure><\/li><li><figure><img loading=\"lazy\" decoding=\"async\" width=\"300\" height=\"300\" src=\"https:\/\/atecordoba.org\/wp-content\/uploads\/2021\/07\/IMG-20210702-WA0094-3-300x300.jpg\" alt=\"\" class=\"wp-image-26588\" srcset=\"https:\/\/atecordoba.org\/wp-content\/uploads\/2021\/07\/IMG-20210702-WA0094-3-300x300.jpg 300w, https:\/\/atecordoba.org\/wp-content\/uploads\/2021\/07\/IMG-20210702-WA0094-3-1024x1024.jpg 1024w, https:\/\/atecordoba.org\/wp-content\/uploads\/2021\/07\/IMG-20210702-WA0094-3-150x150.jpg 150w, https:\/\/atecordoba.org\/wp-content\/uploads\/2021\/07\/IMG-20210702-WA0094-3-768x768.jpg 768w, https:\/\/atecordoba.org\/wp-content\/uploads\/2021\/07\/IMG-20210702-WA0094-3-560x560.jpg 560w, https:\/\/atecordoba.org\/wp-content\/uploads\/2021\/07\/IMG-20210702-WA0094-3-75x75.jpg 75w, https:\/\/atecordoba.org\/wp-content\/uploads\/2021\/07\/IMG-20210702-WA0094-3-350x350.jpg 350w, https:\/\/atecordoba.org\/wp-content\/uploads\/2021\/07\/IMG-20210702-WA0094-3-750x750.jpg 750w, https:\/\/atecordoba.org\/wp-content\/uploads\/2021\/07\/IMG-20210702-WA0094-3.jpg 1080w\" sizes=\"auto, (max-width: 300px) 100vw, 300px\" \/><\/figure><\/li><li><figure><img loading=\"lazy\" decoding=\"async\" width=\"300\" height=\"300\" src=\"https:\/\/atecordoba.org\/wp-content\/uploads\/2021\/07\/IMG-20210702-WA0101-3-300x300.jpg\" alt=\"\" class=\"wp-image-26590\" srcset=\"https:\/\/atecordoba.org\/wp-content\/uploads\/2021\/07\/IMG-20210702-WA0101-3-300x300.jpg 300w, https:\/\/atecordoba.org\/wp-content\/uploads\/2021\/07\/IMG-20210702-WA0101-3-1024x1024.jpg 1024w, https:\/\/atecordoba.org\/wp-content\/uploads\/2021\/07\/IMG-20210702-WA0101-3-150x150.jpg 150w, https:\/\/atecordoba.org\/wp-content\/uploads\/2021\/07\/IMG-20210702-WA0101-3-768x768.jpg 768w, https:\/\/atecordoba.org\/wp-content\/uploads\/2021\/07\/IMG-20210702-WA0101-3-560x560.jpg 560w, https:\/\/atecordoba.org\/wp-content\/uploads\/2021\/07\/IMG-20210702-WA0101-3-75x75.jpg 75w, https:\/\/atecordoba.org\/wp-content\/uploads\/2021\/07\/IMG-20210702-WA0101-3-350x350.jpg 350w, https:\/\/atecordoba.org\/wp-content\/uploads\/2021\/07\/IMG-20210702-WA0101-3-750x750.jpg 750w, https:\/\/atecordoba.org\/wp-content\/uploads\/2021\/07\/IMG-20210702-WA0101-3.jpg 1080w\" sizes=\"auto, (max-width: 300px) 100vw, 300px\" \/><\/figure><\/li><\/ul><\/figure>\n<\/div>\n<\/div>\n\n\n\n<p>En el marco de los reclamos salariales que se suceden en todos los sectores estatales, ante la escalada de precios que ataca el salario de las y los trabajadores, con aumentos desmesurados en los principales elementos de la canasta de consumo popular, el Consejo Directivo Provincial (CDP) convoca a participar de los plenarios que trabajadoras y trabajadores nacionales y provinciales realizar\u00e1n esta semana de manera virtual, con el fin de organizar y definir las estrategias de reclamo en cada nivel del Estado. <\/p>\n\n\n\n<p>La conducci\u00f3n de ATE C\u00f3rdoba impulsa estos plenarios que reivindican el papel de la asamblea democr\u00e1tica como el \u00e1mbito de decisi\u00f3n colectiva del rumbo de nuestro sindicato.  Delegados de todos los puntos de la provincia aportan su mirada y experiencia militante para enriquecer las l\u00edneas de acci\u00f3n gremial, por lo que su participaci\u00f3n es indispensable en esta instancia organizativa a los fines de planificar un reclamo salarial que se expresa de manera un\u00e1nime en todos los sectores de trabajo. <\/p>\n\n\n\n<div class=\"wp-block-image\"><figure class=\"alignright size-large is-resized\"><img loading=\"lazy\" decoding=\"async\" src=\"https:\/\/atecordoba.org\/wp-content\/uploads\/2021\/07\/IMG-20210702-WA0073-2-1024x1024.jpg\" alt=\"\" class=\"wp-image-26585\" width=\"343\" height=\"343\" srcset=\"https:\/\/atecordoba.org\/wp-content\/uploads\/2021\/07\/IMG-20210702-WA0073-2-1024x1024.jpg 1024w, https:\/\/atecordoba.org\/wp-content\/uploads\/2021\/07\/IMG-20210702-WA0073-2-300x300.jpg 300w, https:\/\/atecordoba.org\/wp-content\/uploads\/2021\/07\/IMG-20210702-WA0073-2-150x150.jpg 150w, https:\/\/atecordoba.org\/wp-content\/uploads\/2021\/07\/IMG-20210702-WA0073-2-768x768.jpg 768w, https:\/\/atecordoba.org\/wp-content\/uploads\/2021\/07\/IMG-20210702-WA0073-2-560x560.jpg 560w, https:\/\/atecordoba.org\/wp-content\/uploads\/2021\/07\/IMG-20210702-WA0073-2-75x75.jpg 75w, https:\/\/atecordoba.org\/wp-content\/uploads\/2021\/07\/IMG-20210702-WA0073-2-350x350.jpg 350w, https:\/\/atecordoba.org\/wp-content\/uploads\/2021\/07\/IMG-20210702-WA0073-2-750x750.jpg 750w, https:\/\/atecordoba.org\/wp-content\/uploads\/2021\/07\/IMG-20210702-WA0073-2.jpg 1080w\" sizes=\"auto, (max-width: 343px) 100vw, 343px\" \/><\/figure><\/div>\n\n\n\n<p>De esta forma, el CDP encabezado por nuestro secretario General, Federico Giuliani, convoca a los delegados nacionales de C\u00f3rdoba a participar masivamente del plenario que se llevar\u00e1 a cabo ma\u00f1ana martes 6 de julio, a las 18 horas. El llamado incluye el siguiente temario: <\/p>\n\n\n\n<ul class=\"wp-block-list\"><li>Recomposici\u00f3n salarial del 45% antes de fin de a\u00f1o.<\/li><li>Pase a Planta con criterio Federal y de equidad de G\u00e9nero.<\/li><li>Reincorporaci\u00f3n de Despedidxs por el macrismo.<\/li><li>Cumplimiento de Cupo Laboral Trans y por Discapacidad.<\/li><li>Plenario Nacional de Delegados de Sectores Nacionales de ATE Nacional.<\/li><li>Mesa Federal para la Paritaria Nacional.<\/li><li>Apertura de todos Convenios Sectoriales.<\/li><\/ul>\n\n\n\n<p>Para acceder a la reuni\u00f3n virtual se debe ingresar al LINK&nbsp;<a href=\"https:\/\/us02web.zoom.us\/j\/81055882729?pwd=TFU5ZEZJWWVhSFNKb00rTG44UGxYdz09\" target=\"_blank\">https:\/\/us02web.zoom.us\/j\/81055882729?pwd=TFU5ZEZJWWVhSFNKb00rTG44UGxYdz09<\/a><\/p>\n\n\n\n<p>ID de reuni\u00f3n: 810 5588 2729 | C\u00f3digo de acceso: ATECbaNac<\/p>\n\n\n\n<p><strong>Educaci\u00f3n<\/strong><\/p>\n\n\n\n<p>Por su parte, las y los provinciales de ATE Educaci\u00f3n realizar\u00e1n un plenario el mi\u00e9rcoles 7 de julio, a las 16 horas. Frente al acuerdo a la baja de la pauta salarial que acord\u00f3 la burocracia docente provincial, desde el espacio estatal reivindican una recomposici\u00f3n de la mano del aumento precios registrado en C\u00f3rdoba. <\/p>\n\n\n\n<p>Adem\u00e1s, contin\u00faan el debate en torno a la virtualidad en el marco de la pandemia y a la  campa\u00f1a de afiliaci\u00f3n de los provinciales de Educaci\u00f3n a nuestra ATE. <\/p>\n\n\n\n<div class=\"wp-block-image\"><figure class=\"alignleft size-large is-resized\"><img loading=\"lazy\" decoding=\"async\" src=\"https:\/\/atecordoba.org\/wp-content\/uploads\/2021\/07\/IMG-20210702-WA0094-3-1024x1024.jpg\" alt=\"\" class=\"wp-image-26588\" width=\"268\" height=\"268\" srcset=\"https:\/\/atecordoba.org\/wp-content\/uploads\/2021\/07\/IMG-20210702-WA0094-3-1024x1024.jpg 1024w, https:\/\/atecordoba.org\/wp-content\/uploads\/2021\/07\/IMG-20210702-WA0094-3-300x300.jpg 300w, https:\/\/atecordoba.org\/wp-content\/uploads\/2021\/07\/IMG-20210702-WA0094-3-150x150.jpg 150w, https:\/\/atecordoba.org\/wp-content\/uploads\/2021\/07\/IMG-20210702-WA0094-3-768x768.jpg 768w, https:\/\/atecordoba.org\/wp-content\/uploads\/2021\/07\/IMG-20210702-WA0094-3-560x560.jpg 560w, https:\/\/atecordoba.org\/wp-content\/uploads\/2021\/07\/IMG-20210702-WA0094-3-75x75.jpg 75w, https:\/\/atecordoba.org\/wp-content\/uploads\/2021\/07\/IMG-20210702-WA0094-3-350x350.jpg 350w, https:\/\/atecordoba.org\/wp-content\/uploads\/2021\/07\/IMG-20210702-WA0094-3-750x750.jpg 750w, https:\/\/atecordoba.org\/wp-content\/uploads\/2021\/07\/IMG-20210702-WA0094-3.jpg 1080w\" sizes=\"auto, (max-width: 268px) 100vw, 268px\" \/><\/figure><\/div>\n\n\n\n<p>Unirse a la reuni\u00f3n Zoom<\/p>\n\n\n\n<figure class=\"wp-block-embed\"><div class=\"wp-block-embed__wrapper\">\nhttps:\/\/us02web.zoom.us\/j\/87304765494?pwd=K2dHUXAwRXI1b1hDb1RCMkZoYWZqQT09\n<\/div><\/figure>\n\n\n\n<p>ID de reuni\u00f3n: 873 0476 5494<\/p>\n\n\n\n<p>C\u00f3digo de acceso: SaludProv<\/p>\n\n\n\n<p><\/p>\n\n\n\n<p><strong>Salud<\/strong><\/p>\n\n\n\n<p>En esa misma l\u00ednea, las y los delegados de ATE del sector salud provincial llevar\u00e1n a cabo un plenario, con representaci\u00f3n de toda la provincia, el jueves 8 de julio, a las 15 horas. <\/p>\n\n\n\n<p>Los equipos sanitarios exigen una recomposici\u00f3n salarial acorde a las tareas realizadas, para terminar con la precarizaci\u00f3n y el pluriempleo en el sector, resultado de los magros haberes que pagas el Estado provincial. <\/p>\n\n\n\n<div class=\"wp-block-image\"><figure class=\"alignright size-large is-resized\"><img loading=\"lazy\" decoding=\"async\" src=\"https:\/\/atecordoba.org\/wp-content\/uploads\/2021\/07\/IMG-20210702-WA0101-3-1024x1024.jpg\" alt=\"\" class=\"wp-image-26590\" width=\"336\" height=\"336\" srcset=\"https:\/\/atecordoba.org\/wp-content\/uploads\/2021\/07\/IMG-20210702-WA0101-3-1024x1024.jpg 1024w, https:\/\/atecordoba.org\/wp-content\/uploads\/2021\/07\/IMG-20210702-WA0101-3-300x300.jpg 300w, https:\/\/atecordoba.org\/wp-content\/uploads\/2021\/07\/IMG-20210702-WA0101-3-150x150.jpg 150w, https:\/\/atecordoba.org\/wp-content\/uploads\/2021\/07\/IMG-20210702-WA0101-3-768x768.jpg 768w, https:\/\/atecordoba.org\/wp-content\/uploads\/2021\/07\/IMG-20210702-WA0101-3-560x560.jpg 560w, https:\/\/atecordoba.org\/wp-content\/uploads\/2021\/07\/IMG-20210702-WA0101-3-75x75.jpg 75w, https:\/\/atecordoba.org\/wp-content\/uploads\/2021\/07\/IMG-20210702-WA0101-3-350x350.jpg 350w, https:\/\/atecordoba.org\/wp-content\/uploads\/2021\/07\/IMG-20210702-WA0101-3-750x750.jpg 750w, https:\/\/atecordoba.org\/wp-content\/uploads\/2021\/07\/IMG-20210702-WA0101-3.jpg 1080w\" sizes=\"auto, (max-width: 336px) 100vw, 336px\" \/><\/figure><\/div>\n\n\n\n<p>Mientras soportan con su salud y sus vidas el peso de la pandemia, las y los compa\u00f1eros del sector denuncian la falta de respuestas del Gobierno de Juan Schiaretti a los reclamos por mejoras salariales, nombramiento de personal para cubrir a un plantel diezmado por la exigencia y el cansancio. Organizar ese reclamo exige la participaci\u00f3n de todos. <\/p>\n\n\n\n<p>Para unirse al plenario ingresar  a la reuni\u00f3n Zoom<\/p>\n\n\n\n<figure class=\"wp-block-embed\"><div class=\"wp-block-embed__wrapper\">\nhttps:\/\/us02web.zoom.us\/j\/87304765494?pwd=K2dHUXAwRXI1b1hDb1RCMkZoYWZqQT09\n<\/div><\/figure>\n\n\n\n<p>ID de reuni\u00f3n: 873 0476 5494<\/p>\n\n\n\n<p>C\u00f3digo de acceso: SaludProv<\/p>\n","protected":false},"excerpt":{"rendered":"<p>En el marco de los reclamos salariales que se suceden en todos los sectores estatales, ante la escalada de precios que ataca el salario de las y los trabajadores, con aumentos desmesurados en los principales elementos de la canasta de consumo popular, el Consejo Directivo Provincial (CDP) convoca a participar de los plenarios que trabajadoras [&hellip;]<\/p>\n","protected":false},"author":7,"featured_media":26586,"comment_status":"open","ping_status":"open","sticky":false,"template":"","format":"standard","meta":{"_exactmetrics_skip_tracking":false,"_exactmetrics_sitenote_active":false,"_exactmetrics_sitenote_note":"","_exactmetrics_sitenote_category":0,"jnews-multi-image_gallery":[],"jnews_single_post":{"subtitle":"","format":"standard","video":"","gallery":"","source_name":"","source_url":"","via_name":"","via_url":"","override":[{"single_blog_custom":"","sidebar":"","second_sidebar":"","share_position":"","share_float_style":"","post_date_format":"","post_date_format_custom":"","post_reading_time_wpm":"","zoom_button_out_step":"1","zoom_button_in_step":"1","number_popup_post":"1"}],"image_override":[{"single_post_thumbnail_size":"","single_post_gallery_size":""}],"trending_post_position":"","trending_post_label":"","sponsored_post_label":"","sponsored_post_name":"","sponsored_post_url":"","sponsored_post_logo":"","sponsored_post_desc":""},"jnews_primary_category":{"id":""},"jnews_social_meta":{"fb_title":"","fb_description":"","fb_image":"","twitter_title":"","twitter_description":"","twitter_image":""},"jnews_review":[],"enable_review":"","type":"percentage","name":"","summary":"","brand":"","sku":"","good":[{"good_text":""}],"bad":[{"bad_text":""}],"score_override":"","override_value":"","rating":[{"rating_text":"","rating_number":"10"}],"price":[{"shop":"","price":"","link":"","icon":""}],"jnews_override_counter":{"view_counter_number":"0","share_counter_number":"0","like_counter_number":"0","dislike_counter_number":"0"},"jnews_post_split":{"post_split":[{"template":"1","tag":"h2","numbering":"asc","mode":"normal","toc_type":"normal"}]},"footnotes":""},"categories":[341,18,8,1],"tags":[561],"class_list":["post-26571","post","type-post","status-publish","format-standard","has-post-thumbnail","hentry","category-cdp","category-nacionales","category-provinciales","category-sin-categoria","tag-plenario-provincial"],"jetpack_featured_media_url":"https:\/\/atecordoba.org\/wp-content\/uploads\/2021\/07\/IMG-20210702-WA0073-3.jpg","_links":{"self":[{"href":"https:\/\/atecordoba.org\/index.php?rest_route=\/wp\/v2\/posts\/26571","targetHints":{"allow":["GET"]}}],"collection":[{"href":"https:\/\/atecordoba.org\/index.php?rest_route=\/wp\/v2\/posts"}],"about":[{"href":"https:\/\/atecordoba.org\/index.php?rest_route=\/wp\/v2\/types\/post"}],"author":[{"embeddable":true,"href":"https:\/\/atecordoba.org\/index.php?rest_route=\/wp\/v2\/users\/7"}],"replies":[{"embeddable":true,"href":"https:\/\/atecordoba.org\/index.php?rest_route=%2Fwp%2Fv2%2Fcomments&post=26571"}],"version-history":[{"count":6,"href":"https:\/\/atecordoba.org\/index.php?rest_route=\/wp\/v2\/posts\/26571\/revisions"}],"predecessor-version":[{"id":26592,"href":"https:\/\/atecordoba.org\/index.php?rest_route=\/wp\/v2\/posts\/26571\/revisions\/26592"}],"wp:featuredmedia":[{"embeddable":true,"href":"https:\/\/atecordoba.org\/index.php?rest_route=\/wp\/v2\/media\/26586"}],"wp:attachment":[{"href":"https:\/\/atecordoba.org\/index.php?rest_route=%2Fwp%2Fv2%2Fmedia&parent=26571"}],"wp:term":[{"taxonomy":"category","embeddable":true,"href":"https:\/\/atecordoba.org\/index.php?rest_route=%2Fwp%2Fv2%2Fcategories&post=26571"},{"taxonomy":"post_tag","embeddable":true,"href":"https:\/\/atecordoba.org\/index.php?rest_route=%2Fwp%2Fv2%2Ftags&post=26571"}],"curies":[{"name":"wp","href":"https:\/\/api.w.org\/{rel}","templated":true}]}}