{"id":26550,"date":"2021-07-02T12:38:33","date_gmt":"2021-07-02T15:38:33","guid":{"rendered":"https:\/\/atecordoba.org\/?p=26550"},"modified":"2021-07-02T13:22:22","modified_gmt":"2021-07-02T16:22:22","slug":"ate-cordoba-solicita-que-se-deje-sin-efecto-la-resolucion-del-estado-nacional-para-la-vuelta-a-la-presencialidad-de-quienes-posean-comorbilidades-y-esten-vacunados-as","status":"publish","type":"post","link":"https:\/\/atecordoba.org\/?p=26550","title":{"rendered":"ATE C\u00f3rdoba solicita que se deje sin efecto la Resoluci\u00f3n del Estado Nacional para la vuelta a la presencialidad de quienes posean comorbilidades y est\u00e9n vacunados\/as"},"content":{"rendered":"\n<div class=\"wp-block-image\"><figure class=\"alignright size-large is-resized\"><img loading=\"lazy\" decoding=\"async\" src=\"https:\/\/atecordoba.org\/wp-content\/uploads\/2021\/07\/logo-cymat-vertical.jpeg\" alt=\"\" class=\"wp-image-26551\" width=\"420\" height=\"645\" srcset=\"https:\/\/atecordoba.org\/wp-content\/uploads\/2021\/07\/logo-cymat-vertical.jpeg 261w, https:\/\/atecordoba.org\/wp-content\/uploads\/2021\/07\/logo-cymat-vertical-195x300.jpeg 195w\" sizes=\"auto, (max-width: 420px) 100vw, 420px\" \/><\/figure><\/div>\n\n\n\n<p>Desde el Consejo Directivo Provincial de la Asociaci\u00f3n Trabajadores del Estado (ATE \u2013 CTAA) C\u00f3rdoba, rechazamos fervientemente y exigimos se deje sin efecto la Resoluci\u00f3n 62\/2021, publicada el 28 de junio del corriente por la Secretar\u00eda de Gesti\u00f3n y Empleo P\u00fablico, dependiente de la Jefatura de Gabinete.&nbsp;&nbsp;<\/p>\n\n\n\n<p>Dicha Resoluci\u00f3n habilita a todos los organismos p\u00fablicos a convocar al trabajo presencial a personal de grupos de riesgo (sean embarazadas, personas con enfermedades respiratorias, card\u00edacas, renales, personas con diabetes, entre otras) con una dosis de alguna de las vacunas, y a las y los trabajadores dispensados del sector sanitario con alta exposici\u00f3n al virus que posean esquema de vacunaci\u00f3n completo.&nbsp;<\/p>\n\n\n\n<p>Esto es sumamente grave, m\u00e1s a\u00fan en un contexto donde el alerta epidemiol\u00f3gico sigue latente y persisten la crisis sanitaria y estructural, la falta de personal y de insumos, y la saturaci\u00f3n de los servicios de salud tanto p\u00fablicos como privados, al punto de llegar al colapso total en algunas regiones y al borde de hacerlo en otras.&nbsp;<\/p>\n\n\n\n<p>Alertamos que la mencionada resoluci\u00f3n no puede modificar un decreto, como el Decreto 287\/21, que establece la prioridad del Teletrabajo o Trabajo Remoto para la Administraci\u00f3n P\u00fablica Nacional y se encuentra vigente hasta el d\u00eda 9 del corriente mes.&nbsp;<\/p>\n\n\n\n<p>De aplicarse, la medida puede impulsar a Gobiernos Provinciales y Municipales para implementarla en sus propias administraciones, alentando as\u00ed a que mayor cantidad de trabajadores y trabajadoras, de los distintos niveles del Estado, retornen masivamente a sus lugares de trabajo, situaci\u00f3n que acrecienta los riesgos de contagios.<\/p>\n\n\n\n<p>Si bien la campa\u00f1a de vacunaci\u00f3n tiene buen ritmo y el resultado de la misma demuestra ser sumamente positivo, tanto la morbilidad\/mortalidad como la circulaci\u00f3n comunitaria del virus siguen estando presentes, por lo cual hay que extremar medidas y cuidados, en particular de los grupos de riesgos a los que se pretende retornen a la presencialidad.<\/p>\n\n\n\n<p>Vale recordar que la mayor\u00eda de los edificios p\u00fablicos no cuentan con instalaciones adecuadas para recibir nuevamente gran cantidad de trabajadores y trabajadoras, ni se aplican protocolos sanitarios estrictos. En muchos casos no hay garant\u00eda real de ventilaci\u00f3n, lo cual hace que estos espacios sean de alta circulaci\u00f3n viral.&nbsp;<\/p>\n\n\n\n<p>Adem\u00e1s, seg\u00fan los especialistas, es pr\u00e1cticamente inminente la llegada de una tercera ola de contagios. Para peor, ahora se deben considerar las variantes virol\u00f3gicas que se han ido detectando, lo cual se traduce en un gran desprop\u00f3sito pretender esta vuelta compulsiva y arbitraria a la presencialidad.&nbsp;<\/p>\n\n\n\n<p>Desde ATE sostenemos que el retorno debe realizarse de manera gradual, tomando en cuenta la realidad sanitaria y las medidas dispuestas en cada regi\u00f3n. Llegado el caso, la convocatoria para la vuelta al trabajo debe estar instrumentada por una instancia administrativa clara.&nbsp;<\/p>\n\n\n\n<p>Por \u00faltimo, recordamos que el pasado 16 de abril, gracias a la Gesti\u00f3n de nuestra ATE y a las organizaciones miembros del COE del Ministerio de Salud de la Naci\u00f3n, el Gobierno Nacional derog\u00f3 mediante un DNU, la Resoluci\u00f3n Conjunta 4\/2021 publicada el 09\/04\/2021 por los Ministerios de Salud y Trabajo de la Naci\u00f3n-, que conten\u00eda id\u00e9nticos contenidos que los expresados en la pol\u00e9mica Resoluci\u00f3n 62\/2021. As\u00ed, se dio marcha atr\u00e1s para resguardar la vida de los trabajadores y trabajadoras en sus lugares de trabajo, en l\u00ednea con lo que ven\u00eda planteando el propio Gobierno Nacional desde el inicio de la pandemia.&nbsp;<\/p>\n\n\n\n<p>Esperando que se reconsidere esta medida, continuamos exigiendo que se avance en la vacunaci\u00f3n de todas y todos los estatales; que se pongan en marcha Comit\u00e9s Mixtos, Delegaciones y Subdelegaciones CyMAT seg\u00fan corresponda en los distintos organismos; testeos (PCR RT) COVID-19 peri\u00f3dicos al personal; y la implementaci\u00f3n de protocolos sanitarios de seguridad adecuados y confeccionados con la participaci\u00f3n de las y los trabajadores.<\/p>\n\n\n<a href=\"https:\/\/atecordoba.org\/wp-content\/uploads\/2021\/07\/02_07-Comunicado-CyMAT-oposicion-Decreto.pdf\" class=\"pdfemb-viewer\" style=\"\" data-width=\"max\" data-height=\"max\" data-toolbar=\"bottom\" data-toolbar-fixed=\"off\">02_07-Comunicado-CyMAT-oposicion-Decreto<\/a>\n<p class=\"wp-block-pdfemb-pdf-embedder-viewer\"><\/p>\n","protected":false},"excerpt":{"rendered":"<p>Desde el Consejo Directivo Provincial de la Asociaci\u00f3n Trabajadores del Estado (ATE \u2013 CTAA) C\u00f3rdoba, rechazamos fervientemente y exigimos se deje sin efecto la Resoluci\u00f3n 62\/2021, publicada el 28 de junio del corriente por la Secretar\u00eda de Gesti\u00f3n y Empleo P\u00fablico, dependiente de la Jefatura de Gabinete.&nbsp;&nbsp; Dicha Resoluci\u00f3n habilita a todos los organismos p\u00fablicos [&hellip;]<\/p>\n","protected":false},"author":7,"featured_media":26553,"comment_status":"open","ping_status":"open","sticky":false,"template":"","format":"standard","meta":{"_exactmetrics_skip_tracking":false,"_exactmetrics_sitenote_active":false,"_exactmetrics_sitenote_note":"","_exactmetrics_sitenote_category":0,"jnews-multi-image_gallery":[],"jnews_single_post":{"subtitle":"Desde el Consejo Directivo Provincial de la Asociaci\u00f3n Trabajadores del Estado (ATE \u2013 CTAA) C\u00f3rdoba, rechazamos fervientemente y exigimos se deje sin efecto la Resoluci\u00f3n 62\/2021, publicada el 28 de junio del corriente por la Secretar\u00eda de Gesti\u00f3n y Empleo P\u00fablico, dependiente de la Jefatura de Gabinete.  ","format":"standard","video":"","gallery":"","source_name":"","source_url":"","via_name":"","via_url":"","override":[{"single_blog_custom":"","sidebar":"","second_sidebar":"","share_position":"","share_float_style":"","post_date_format":"","post_date_format_custom":"","post_reading_time_wpm":"","zoom_button_out_step":"1","zoom_button_in_step":"1","number_popup_post":"1"}],"image_override":[{"single_post_thumbnail_size":"","single_post_gallery_size":""}],"trending_post_position":"","trending_post_label":"","sponsored_post_label":"","sponsored_post_name":"","sponsored_post_url":"","sponsored_post_logo":"","sponsored_post_desc":""},"jnews_primary_category":{"id":""},"jnews_social_meta":{"fb_title":"","fb_description":"","fb_image":"","twitter_title":"","twitter_description":"","twitter_image":""},"jnews_review":[],"enable_review":"","type":"percentage","name":"","summary":"","brand":"","sku":"","good":[{"good_text":""}],"bad":[{"bad_text":""}],"score_override":"","override_value":"","rating":[{"rating_text":"","rating_number":"10"}],"price":[{"shop":"","price":"","link":"","icon":""}],"jnews_override_counter":{"view_counter_number":"0","share_counter_number":"0","like_counter_number":"0","dislike_counter_number":"0"},"jnews_post_split":{"post_split":[{"template":"1","tag":"h2","numbering":"asc","mode":"normal","toc_type":"normal"}]},"footnotes":""},"categories":[549],"tags":[857],"class_list":["post-26550","post","type-post","status-publish","format-standard","has-post-thumbnail","hentry","category-cymat","tag-retorno-presencialidad-estado-nacional"],"jetpack_featured_media_url":"https:\/\/atecordoba.org\/wp-content\/uploads\/2021\/07\/logo-cymat-horizonal.jpeg","_links":{"self":[{"href":"https:\/\/atecordoba.org\/index.php?rest_route=\/wp\/v2\/posts\/26550","targetHints":{"allow":["GET"]}}],"collection":[{"href":"https:\/\/atecordoba.org\/index.php?rest_route=\/wp\/v2\/posts"}],"about":[{"href":"https:\/\/atecordoba.org\/index.php?rest_route=\/wp\/v2\/types\/post"}],"author":[{"embeddable":true,"href":"https:\/\/atecordoba.org\/index.php?rest_route=\/wp\/v2\/users\/7"}],"replies":[{"embeddable":true,"href":"https:\/\/atecordoba.org\/index.php?rest_route=%2Fwp%2Fv2%2Fcomments&post=26550"}],"version-history":[{"count":2,"href":"https:\/\/atecordoba.org\/index.php?rest_route=\/wp\/v2\/posts\/26550\/revisions"}],"predecessor-version":[{"id":26555,"href":"https:\/\/atecordoba.org\/index.php?rest_route=\/wp\/v2\/posts\/26550\/revisions\/26555"}],"wp:featuredmedia":[{"embeddable":true,"href":"https:\/\/atecordoba.org\/index.php?rest_route=\/wp\/v2\/media\/26553"}],"wp:attachment":[{"href":"https:\/\/atecordoba.org\/index.php?rest_route=%2Fwp%2Fv2%2Fmedia&parent=26550"}],"wp:term":[{"taxonomy":"category","embeddable":true,"href":"https:\/\/atecordoba.org\/index.php?rest_route=%2Fwp%2Fv2%2Fcategories&post=26550"},{"taxonomy":"post_tag","embeddable":true,"href":"https:\/\/atecordoba.org\/index.php?rest_route=%2Fwp%2Fv2%2Ftags&post=26550"}],"curies":[{"name":"wp","href":"https:\/\/api.w.org\/{rel}","templated":true}]}}