{"id":26540,"date":"2021-07-02T12:30:52","date_gmt":"2021-07-02T15:30:52","guid":{"rendered":"https:\/\/atecordoba.org\/?p=26540"},"modified":"2021-07-02T13:24:48","modified_gmt":"2021-07-02T16:24:48","slug":"ffmm-siete-despedidos-del-macrismo-se-reincorporaron-hoy-a-la-fabrica-de-rio-tercero","status":"publish","type":"post","link":"https:\/\/atecordoba.org\/?p=26540","title":{"rendered":"FFMM: siete despedidos del macrismo se reincorporaron hoy a la f\u00e1brica de R\u00edo Tercero"},"content":{"rendered":"\n<div class=\"wp-block-image\"><figure class=\"aligncenter size-large\"><img loading=\"lazy\" decoding=\"async\" width=\"1024\" height=\"834\" src=\"https:\/\/atecordoba.org\/wp-content\/uploads\/2021\/07\/WhatsApp-Image-2021-07-02-at-11.23.21-1024x834.jpeg\" alt=\"\" class=\"wp-image-26541\" srcset=\"https:\/\/atecordoba.org\/wp-content\/uploads\/2021\/07\/WhatsApp-Image-2021-07-02-at-11.23.21-1024x834.jpeg 1024w, https:\/\/atecordoba.org\/wp-content\/uploads\/2021\/07\/WhatsApp-Image-2021-07-02-at-11.23.21-300x244.jpeg 300w, https:\/\/atecordoba.org\/wp-content\/uploads\/2021\/07\/WhatsApp-Image-2021-07-02-at-11.23.21-768x625.jpeg 768w, https:\/\/atecordoba.org\/wp-content\/uploads\/2021\/07\/WhatsApp-Image-2021-07-02-at-11.23.21-750x611.jpeg 750w, https:\/\/atecordoba.org\/wp-content\/uploads\/2021\/07\/WhatsApp-Image-2021-07-02-at-11.23.21-1140x928.jpeg 1140w, https:\/\/atecordoba.org\/wp-content\/uploads\/2021\/07\/WhatsApp-Image-2021-07-02-at-11.23.21.jpeg 1280w\" sizes=\"auto, (max-width: 1024px) 100vw, 1024px\" \/><figcaption>Con emoci\u00f3n, los compa\u00f1eros volvieron a caminar el ingreso a la f\u00e1brica. <\/figcaption><\/figure><\/div>\n\n\n\n<p>Siete compa\u00f1eros que fueron despedidos por el gobierno de Mauricio Macri de la F\u00e1brica Militar de R\u00edo Tercero se reincorporaron hoy, fruto de la lucha inclaudicable de ATE y de la CORREDMA por revertir en el organismo el ajuste salvaje que aplic\u00f3 la gesti\u00f3n 2015-2019.<\/p>\n\n\n\n<p>\u201cFelicidad es poca, me explota el pecho de alegr\u00eda, gracias\u201d, fueron las palabras de uno de los trabajadores reincorporado al ingresar esta ma\u00f1ana por la puerta principal de FMRT.<\/p>\n\n\n\n<p>Los siete compa\u00f1eros reincorporados son: Luciano Astudillo, Mauricio Fern\u00e1ndez, Andr\u00e9s Eguillor, Marcos Maza, Gaston Farail, Miguel Bazan y Ricardo Suarez.<\/p>\n\n\n\n<p>En la oportunidad estuvieron acompa\u00f1ados por Emiliano Campos, Adri\u00e1n Albornoz, Gianni Crispiani y Diego Garay, ATE R\u00edo tercero.<\/p>\n\n\n\n<p>La CORREDMA est\u00e1 logrando, poco a poco, el cometido para el que fue creada: lograr la reincorporaci\u00f3n de cada uno de los compa\u00f1erxs injustamente despedidxs por la gesti\u00f3n macrista.<\/p>\n\n\n\n<p>Fue hermoso el recibimiento que les dieron sus compa\u00f1eros cuando estuvieron adentro de la planta.<\/p>\n\n\n\n<p>Desde ATE saludamos a cada una de las familias que recuperan su sustento laboral, y esperamos a las siguientes reincorporaciones.<\/p>\n\n\n\n<p>La lucha sigue, no se detiene.<\/p>\n\n\n\n<figure class=\"wp-block-gallery columns-3 is-cropped wp-block-gallery-1 is-layout-flex wp-block-gallery-is-layout-flex\"><ul class=\"blocks-gallery-grid\"><li><figure><img loading=\"lazy\" decoding=\"async\" width=\"960\" height=\"651\" src=\"https:\/\/atecordoba.org\/wp-content\/uploads\/2021\/07\/WhatsApp-Image-2021-07-02-at-11.23.25.jpeg\" alt=\"\" class=\"wp-image-26542\" srcset=\"https:\/\/atecordoba.org\/wp-content\/uploads\/2021\/07\/WhatsApp-Image-2021-07-02-at-11.23.25.jpeg 960w, https:\/\/atecordoba.org\/wp-content\/uploads\/2021\/07\/WhatsApp-Image-2021-07-02-at-11.23.25-300x203.jpeg 300w, https:\/\/atecordoba.org\/wp-content\/uploads\/2021\/07\/WhatsApp-Image-2021-07-02-at-11.23.25-768x521.jpeg 768w, https:\/\/atecordoba.org\/wp-content\/uploads\/2021\/07\/WhatsApp-Image-2021-07-02-at-11.23.25-750x509.jpeg 750w\" sizes=\"auto, (max-width: 960px) 100vw, 960px\" \/><\/figure><\/li><li><figure><img loading=\"lazy\" decoding=\"async\" width=\"641\" height=\"960\" src=\"https:\/\/atecordoba.org\/wp-content\/uploads\/2021\/07\/WhatsApp-Image-2021-07-02-at-11.23.23-1.jpeg\" alt=\"\" class=\"wp-image-26543\" srcset=\"https:\/\/atecordoba.org\/wp-content\/uploads\/2021\/07\/WhatsApp-Image-2021-07-02-at-11.23.23-1.jpeg 641w, https:\/\/atecordoba.org\/wp-content\/uploads\/2021\/07\/WhatsApp-Image-2021-07-02-at-11.23.23-1-200x300.jpeg 200w\" sizes=\"auto, (max-width: 641px) 100vw, 641px\" \/><\/figure><\/li><li><figure><img loading=\"lazy\" decoding=\"async\" width=\"960\" height=\"665\" src=\"https:\/\/atecordoba.org\/wp-content\/uploads\/2021\/07\/WhatsApp-Image-2021-07-02-at-11.23.23-2.jpeg\" alt=\"\" class=\"wp-image-26544\" srcset=\"https:\/\/atecordoba.org\/wp-content\/uploads\/2021\/07\/WhatsApp-Image-2021-07-02-at-11.23.23-2.jpeg 960w, https:\/\/atecordoba.org\/wp-content\/uploads\/2021\/07\/WhatsApp-Image-2021-07-02-at-11.23.23-2-300x208.jpeg 300w, https:\/\/atecordoba.org\/wp-content\/uploads\/2021\/07\/WhatsApp-Image-2021-07-02-at-11.23.23-2-768x532.jpeg 768w, https:\/\/atecordoba.org\/wp-content\/uploads\/2021\/07\/WhatsApp-Image-2021-07-02-at-11.23.23-2-750x520.jpeg 750w\" sizes=\"auto, (max-width: 960px) 100vw, 960px\" \/><\/figure><\/li><li><figure><img loading=\"lazy\" decoding=\"async\" width=\"753\" height=\"960\" src=\"https:\/\/atecordoba.org\/wp-content\/uploads\/2021\/07\/WhatsApp-Image-2021-07-02-at-11.23.23.jpeg\" alt=\"\" class=\"wp-image-26545\" srcset=\"https:\/\/atecordoba.org\/wp-content\/uploads\/2021\/07\/WhatsApp-Image-2021-07-02-at-11.23.23.jpeg 753w, https:\/\/atecordoba.org\/wp-content\/uploads\/2021\/07\/WhatsApp-Image-2021-07-02-at-11.23.23-235x300.jpeg 235w, https:\/\/atecordoba.org\/wp-content\/uploads\/2021\/07\/WhatsApp-Image-2021-07-02-at-11.23.23-750x956.jpeg 750w\" sizes=\"auto, (max-width: 753px) 100vw, 753px\" \/><\/figure><\/li><li><figure><img loading=\"lazy\" decoding=\"async\" width=\"899\" height=\"960\" src=\"https:\/\/atecordoba.org\/wp-content\/uploads\/2021\/07\/WhatsApp-Image-2021-07-02-at-11.23.24-1.jpeg\" alt=\"\" class=\"wp-image-26546\" srcset=\"https:\/\/atecordoba.org\/wp-content\/uploads\/2021\/07\/WhatsApp-Image-2021-07-02-at-11.23.24-1.jpeg 899w, https:\/\/atecordoba.org\/wp-content\/uploads\/2021\/07\/WhatsApp-Image-2021-07-02-at-11.23.24-1-281x300.jpeg 281w, https:\/\/atecordoba.org\/wp-content\/uploads\/2021\/07\/WhatsApp-Image-2021-07-02-at-11.23.24-1-768x820.jpeg 768w, https:\/\/atecordoba.org\/wp-content\/uploads\/2021\/07\/WhatsApp-Image-2021-07-02-at-11.23.24-1-750x801.jpeg 750w\" sizes=\"auto, (max-width: 899px) 100vw, 899px\" \/><\/figure><\/li><li><figure><img loading=\"lazy\" decoding=\"async\" width=\"960\" height=\"625\" src=\"https:\/\/atecordoba.org\/wp-content\/uploads\/2021\/07\/WhatsApp-Image-2021-07-02-at-11.23.24-2.jpeg\" alt=\"\" class=\"wp-image-26547\" srcset=\"https:\/\/atecordoba.org\/wp-content\/uploads\/2021\/07\/WhatsApp-Image-2021-07-02-at-11.23.24-2.jpeg 960w, https:\/\/atecordoba.org\/wp-content\/uploads\/2021\/07\/WhatsApp-Image-2021-07-02-at-11.23.24-2-300x195.jpeg 300w, https:\/\/atecordoba.org\/wp-content\/uploads\/2021\/07\/WhatsApp-Image-2021-07-02-at-11.23.24-2-768x500.jpeg 768w, https:\/\/atecordoba.org\/wp-content\/uploads\/2021\/07\/WhatsApp-Image-2021-07-02-at-11.23.24-2-750x488.jpeg 750w\" sizes=\"auto, (max-width: 960px) 100vw, 960px\" \/><\/figure><\/li><li><figure><img loading=\"lazy\" decoding=\"async\" width=\"960\" height=\"627\" src=\"https:\/\/atecordoba.org\/wp-content\/uploads\/2021\/07\/WhatsApp-Image-2021-07-02-at-11.23.24.jpeg\" alt=\"\" class=\"wp-image-26548\" srcset=\"https:\/\/atecordoba.org\/wp-content\/uploads\/2021\/07\/WhatsApp-Image-2021-07-02-at-11.23.24.jpeg 960w, https:\/\/atecordoba.org\/wp-content\/uploads\/2021\/07\/WhatsApp-Image-2021-07-02-at-11.23.24-300x196.jpeg 300w, https:\/\/atecordoba.org\/wp-content\/uploads\/2021\/07\/WhatsApp-Image-2021-07-02-at-11.23.24-768x502.jpeg 768w, https:\/\/atecordoba.org\/wp-content\/uploads\/2021\/07\/WhatsApp-Image-2021-07-02-at-11.23.24-750x490.jpeg 750w\" sizes=\"auto, (max-width: 960px) 100vw, 960px\" \/><\/figure><\/li><\/ul><\/figure>\n","protected":false},"excerpt":{"rendered":"<p>Siete compa\u00f1eros que fueron despedidos por el gobierno de Mauricio Macri de la F\u00e1brica Militar de R\u00edo Tercero se reincorporaron hoy, fruto de la lucha inclaudicable de ATE y de la CORREDMA por revertir en el organismo el ajuste salvaje que aplic\u00f3 la gesti\u00f3n 2015-2019. \u201cFelicidad es poca, me explota el pecho de alegr\u00eda, gracias\u201d, [&hellip;]<\/p>\n","protected":false},"author":7,"featured_media":26541,"comment_status":"open","ping_status":"open","sticky":false,"template":"","format":"standard","meta":{"_exactmetrics_skip_tracking":false,"_exactmetrics_sitenote_active":false,"_exactmetrics_sitenote_note":"","_exactmetrics_sitenote_category":0,"jnews-multi-image_gallery":[],"jnews_single_post":{"subtitle":"Siete compa\u00f1eros que fueron despedidos por el gobierno de Mauricio Macri de la F\u00e1brica Militar de R\u00edo Tercero se reincorporaron hoy, fruto de la lucha inclaudicable de ATE y de la CORREDMA por revertir en el organismo el ajuste salvaje que aplic\u00f3 la gesti\u00f3n 2015-2019.","format":"standard","video":"","gallery":"","source_name":"","source_url":"","via_name":"","via_url":"","override":[{"single_blog_custom":"","sidebar":"","second_sidebar":"","share_position":"","share_float_style":"","post_date_format":"","post_date_format_custom":"","post_reading_time_wpm":"","zoom_button_out_step":"1","zoom_button_in_step":"1","number_popup_post":"1"}],"image_override":[{"single_post_thumbnail_size":"","single_post_gallery_size":""}],"trending_post_position":"","trending_post_label":"","sponsored_post_label":"","sponsored_post_name":"","sponsored_post_url":"","sponsored_post_logo":"","sponsored_post_desc":""},"jnews_primary_category":{"id":""},"jnews_social_meta":{"fb_title":"","fb_description":"","fb_image":"","twitter_title":"","twitter_description":"","twitter_image":""},"jnews_review":[],"enable_review":"","type":"percentage","name":"","summary":"","brand":"","sku":"","good":[{"good_text":""}],"bad":[{"bad_text":""}],"score_override":"","override_value":"","rating":[{"rating_text":"","rating_number":"10"}],"price":[{"shop":"","price":"","link":"","icon":""}],"jnews_override_counter":{"view_counter_number":"0","share_counter_number":"0","like_counter_number":"0","dislike_counter_number":"0"},"jnews_post_split":{"post_split":[{"template":"1","tag":"h2","numbering":"asc","mode":"normal","toc_type":"normal"}]},"footnotes":""},"categories":[18,13],"tags":[163],"class_list":["post-26540","post","type-post","status-publish","format-standard","has-post-thumbnail","hentry","category-nacionales","category-rio-tercero","tag-corredma"],"jetpack_featured_media_url":"https:\/\/atecordoba.org\/wp-content\/uploads\/2021\/07\/WhatsApp-Image-2021-07-02-at-11.23.21.jpeg","_links":{"self":[{"href":"https:\/\/atecordoba.org\/index.php?rest_route=\/wp\/v2\/posts\/26540","targetHints":{"allow":["GET"]}}],"collection":[{"href":"https:\/\/atecordoba.org\/index.php?rest_route=\/wp\/v2\/posts"}],"about":[{"href":"https:\/\/atecordoba.org\/index.php?rest_route=\/wp\/v2\/types\/post"}],"author":[{"embeddable":true,"href":"https:\/\/atecordoba.org\/index.php?rest_route=\/wp\/v2\/users\/7"}],"replies":[{"embeddable":true,"href":"https:\/\/atecordoba.org\/index.php?rest_route=%2Fwp%2Fv2%2Fcomments&post=26540"}],"version-history":[{"count":2,"href":"https:\/\/atecordoba.org\/index.php?rest_route=\/wp\/v2\/posts\/26540\/revisions"}],"predecessor-version":[{"id":26556,"href":"https:\/\/atecordoba.org\/index.php?rest_route=\/wp\/v2\/posts\/26540\/revisions\/26556"}],"wp:featuredmedia":[{"embeddable":true,"href":"https:\/\/atecordoba.org\/index.php?rest_route=\/wp\/v2\/media\/26541"}],"wp:attachment":[{"href":"https:\/\/atecordoba.org\/index.php?rest_route=%2Fwp%2Fv2%2Fmedia&parent=26540"}],"wp:term":[{"taxonomy":"category","embeddable":true,"href":"https:\/\/atecordoba.org\/index.php?rest_route=%2Fwp%2Fv2%2Fcategories&post=26540"},{"taxonomy":"post_tag","embeddable":true,"href":"https:\/\/atecordoba.org\/index.php?rest_route=%2Fwp%2Fv2%2Ftags&post=26540"}],"curies":[{"name":"wp","href":"https:\/\/api.w.org\/{rel}","templated":true}]}}