{"id":26519,"date":"2021-07-01T11:26:48","date_gmt":"2021-07-01T14:26:48","guid":{"rendered":"https:\/\/atecordoba.org\/?p=26519"},"modified":"2021-07-01T15:08:14","modified_gmt":"2021-07-01T18:08:14","slug":"salud-reapertura-de-paritarias-ya","status":"publish","type":"post","link":"https:\/\/atecordoba.org\/?p=26519","title":{"rendered":"Salud: \u00a1ATE C\u00f3rdoba exige la reapertura de paritarias ya!"},"content":{"rendered":"\n<div class=\"wp-block-image\"><figure class=\"aligncenter size-large\"><img loading=\"lazy\" decoding=\"async\" width=\"1024\" height=\"576\" src=\"https:\/\/atecordoba.org\/wp-content\/uploads\/2021\/07\/WhatsApp-Image-2020-11-10-at-18.57.21-1024x576.jpeg\" alt=\"\" class=\"wp-image-26520\" srcset=\"https:\/\/atecordoba.org\/wp-content\/uploads\/2021\/07\/WhatsApp-Image-2020-11-10-at-18.57.21-1024x576.jpeg 1024w, https:\/\/atecordoba.org\/wp-content\/uploads\/2021\/07\/WhatsApp-Image-2020-11-10-at-18.57.21-300x169.jpeg 300w, https:\/\/atecordoba.org\/wp-content\/uploads\/2021\/07\/WhatsApp-Image-2020-11-10-at-18.57.21-768x432.jpeg 768w, https:\/\/atecordoba.org\/wp-content\/uploads\/2021\/07\/WhatsApp-Image-2020-11-10-at-18.57.21-750x422.jpeg 750w, https:\/\/atecordoba.org\/wp-content\/uploads\/2021\/07\/WhatsApp-Image-2020-11-10-at-18.57.21.jpeg 1032w\" sizes=\"auto, (max-width: 1024px) 100vw, 1024px\" \/><\/figure><\/div>\n\n\n\n<p>Frente a una inflaci\u00f3n descontrolada y a la suba permanente en&nbsp; los precios de los art\u00edculos de consumo, se acrecienta la brecha existente entre la pauta salarial fijada por el gobierno de Schiaretti para este per\u00edodo y los valores de la canasta familiar total en lo que va del a\u00f1o.<\/p>\n\n\n\n<p>Ante esta situaci\u00f3n&nbsp; ATE reclama la urgente convocatoria oficial a la renegociaci\u00f3n salarial para los agentes de la Administraci\u00f3n P\u00fablica Provincial y en particular para el sector de la Salud. No se trata de maquillar los sueldos, es necesario un aumento real de salarios ya y no esperar hasta agosto o setiembre para un nuevo llamado del Gobierno.<\/p>\n\n\n\n<p>De esta forma, es imprescindible la recomposici\u00f3n de los haberes para las y los trabajadores que est\u00e1n arriesgando la vida cada d\u00eda para atender a la poblaci\u00f3n en esta pandemia. En esa l\u00ednea de reclamo, ya han comenzado a realizarse asambleas en distintos hospitales de la provincia, como es el caso de la Maternidad Provincial o el Hospital Tr\u00e1nsito C\u00e1ceres de Allende. <\/p>\n\n\n\n<div class=\"wp-block-image\"><figure class=\"alignright size-large is-resized\"><img loading=\"lazy\" decoding=\"async\" src=\"https:\/\/atecordoba.org\/wp-content\/uploads\/2021\/07\/asamblea-maternidad-2-1024x768.jpeg\" alt=\"\" class=\"wp-image-26527\" width=\"341\" height=\"256\" srcset=\"https:\/\/atecordoba.org\/wp-content\/uploads\/2021\/07\/asamblea-maternidad-2-1024x768.jpeg 1024w, https:\/\/atecordoba.org\/wp-content\/uploads\/2021\/07\/asamblea-maternidad-2-300x225.jpeg 300w, https:\/\/atecordoba.org\/wp-content\/uploads\/2021\/07\/asamblea-maternidad-2-768x576.jpeg 768w, https:\/\/atecordoba.org\/wp-content\/uploads\/2021\/07\/asamblea-maternidad-2-750x563.jpeg 750w, https:\/\/atecordoba.org\/wp-content\/uploads\/2021\/07\/asamblea-maternidad-2-1140x855.jpeg 1140w, https:\/\/atecordoba.org\/wp-content\/uploads\/2021\/07\/asamblea-maternidad-2.jpeg 1280w\" sizes=\"auto, (max-width: 341px) 100vw, 341px\" \/><figcaption>Maternidad Provincial.<\/figcaption><\/figure><\/div>\n\n\n\n<p>Cabe se\u00f1alar que la convocatoria debe incluir a todas las organizaciones sindicales representativas de la salud p\u00fablica provincial, para que la negociaci\u00f3n salarial&nbsp; tenga car\u00e1cter democr\u00e1tico y cumple con la legislaci\u00f3n laboral vigente, que el gobierno de Schiaretti se ha negado a cumplir hist\u00f3ricamente.<\/p>\n\n\n\n<p>Seg\u00fan <a href=\"https:\/\/atecordoba.org\/?p=26345\">inform\u00f3 en junio<\/a> la Junta Interna de ATE-Indec, una familia tipo debe ingresar 100 mil pesos de bolsillo para cubrir la canasta familiar. En C\u00f3rdoba los salarios de los equipos de salud no alcanzan a rozar la mitad de esa cifra en el promedio general, generando que las y los trabajadores deban tener dos o tres empleos para cubrir sus gastos mensuales.&nbsp;<\/p>\n\n\n\n<p>Esto ha producido un cuadro de pluriempleo generalizado que precariza la situaci\u00f3n laboral y est\u00e1 exigiendo al l\u00edmite la salud f\u00edsica y psicol\u00f3gica del personal, en momentos que la lucha contra el Covid-19 tiene exigido al m\u00e1ximo el sistema de salud provincial, muy por encima del resto de las jurisdicciones del pa\u00eds, resultado de las malas pol\u00edticas sanitarias del Ministerio de Salud, a cargo de Diego Cardozo.<\/p>\n\n\n\n<p>As\u00ed, la recomposici\u00f3n salarial debe equiparar los aumentos por inflaci\u00f3n y devolver dignidad a los haberes del sector.<\/p>\n\n\n\n<p class=\"has-text-align-left\">Federico Giuliani<\/p>\n\n\n\n<p class=\"has-text-align-left\">Secretario General<\/p>\n\n\n\n<p class=\"has-text-align-left\">ATE C\u00f3rdoba<\/p>\n\n\n\n<p><\/p>\n\n\n\n<p>Hugo Duran<\/p>\n\n\n\n<p>Secretario Adjunto<\/p>\n\n\n\n<p><\/p>\n\n\n\n<p><\/p>\n","protected":false},"excerpt":{"rendered":"<p>Frente a una inflaci\u00f3n descontrolada y a la suba permanente en&nbsp; los precios de los art\u00edculos de consumo, se acrecienta la brecha existente entre la pauta salarial fijada por el gobierno de Schiaretti para este per\u00edodo y los valores de la canasta familiar total en lo que va del a\u00f1o. Ante esta situaci\u00f3n&nbsp; ATE reclama [&hellip;]<\/p>\n","protected":false},"author":7,"featured_media":26520,"comment_status":"open","ping_status":"open","sticky":false,"template":"","format":"standard","meta":{"_exactmetrics_skip_tracking":false,"_exactmetrics_sitenote_active":false,"_exactmetrics_sitenote_note":"","_exactmetrics_sitenote_category":0,"jnews-multi-image_gallery":[],"jnews_single_post":{"subtitle":"Frente a una inflaci\u00f3n descontrolada y a la suba permanente en  los precios de los art\u00edculos de consumo, se acrecienta la brecha existente entre la pauta salarial fijada por el gobierno de Schiaretti para este per\u00edodo y los valores de la canasta familiar total en lo que va del a\u00f1o.","format":"standard","video":"","gallery":"","source_name":"","source_url":"","via_name":"","via_url":"","override":[{"single_blog_custom":"","sidebar":"","second_sidebar":"","share_position":"","share_float_style":"","post_date_format":"","post_date_format_custom":"","post_reading_time_wpm":"","zoom_button_out_step":"1","zoom_button_in_step":"1","number_popup_post":"1"}],"image_override":[{"single_post_thumbnail_size":"","single_post_gallery_size":""}],"trending_post_position":"","trending_post_label":"","sponsored_post_label":"","sponsored_post_name":"","sponsored_post_url":"","sponsored_post_logo":"","sponsored_post_desc":""},"jnews_primary_category":{"id":""},"jnews_social_meta":{"fb_title":"","fb_description":"","fb_image":"","twitter_title":"","twitter_description":"","twitter_image":""},"jnews_review":[],"enable_review":"","type":"percentage","name":"","summary":"","brand":"","sku":"","good":[{"good_text":""}],"bad":[{"bad_text":""}],"score_override":"","override_value":"","rating":[{"rating_text":"","rating_number":"10"}],"price":[{"shop":"","price":"","link":"","icon":""}],"jnews_override_counter":{"view_counter_number":"0","share_counter_number":"0","like_counter_number":"0","dislike_counter_number":"0"},"jnews_post_split":{"post_split":[{"template":"1","tag":"h2","numbering":"asc","mode":"normal","toc_type":"normal"}]},"footnotes":""},"categories":[8],"tags":[383,474],"class_list":["post-26519","post","type-post","status-publish","format-standard","has-post-thumbnail","hentry","category-provinciales","tag-paritarias","tag-reapertura-de-paritarias"],"jetpack_featured_media_url":"https:\/\/atecordoba.org\/wp-content\/uploads\/2021\/07\/WhatsApp-Image-2020-11-10-at-18.57.21.jpeg","_links":{"self":[{"href":"https:\/\/atecordoba.org\/index.php?rest_route=\/wp\/v2\/posts\/26519","targetHints":{"allow":["GET"]}}],"collection":[{"href":"https:\/\/atecordoba.org\/index.php?rest_route=\/wp\/v2\/posts"}],"about":[{"href":"https:\/\/atecordoba.org\/index.php?rest_route=\/wp\/v2\/types\/post"}],"author":[{"embeddable":true,"href":"https:\/\/atecordoba.org\/index.php?rest_route=\/wp\/v2\/users\/7"}],"replies":[{"embeddable":true,"href":"https:\/\/atecordoba.org\/index.php?rest_route=%2Fwp%2Fv2%2Fcomments&post=26519"}],"version-history":[{"count":9,"href":"https:\/\/atecordoba.org\/index.php?rest_route=\/wp\/v2\/posts\/26519\/revisions"}],"predecessor-version":[{"id":26539,"href":"https:\/\/atecordoba.org\/index.php?rest_route=\/wp\/v2\/posts\/26519\/revisions\/26539"}],"wp:featuredmedia":[{"embeddable":true,"href":"https:\/\/atecordoba.org\/index.php?rest_route=\/wp\/v2\/media\/26520"}],"wp:attachment":[{"href":"https:\/\/atecordoba.org\/index.php?rest_route=%2Fwp%2Fv2%2Fmedia&parent=26519"}],"wp:term":[{"taxonomy":"category","embeddable":true,"href":"https:\/\/atecordoba.org\/index.php?rest_route=%2Fwp%2Fv2%2Fcategories&post=26519"},{"taxonomy":"post_tag","embeddable":true,"href":"https:\/\/atecordoba.org\/index.php?rest_route=%2Fwp%2Fv2%2Ftags&post=26519"}],"curies":[{"name":"wp","href":"https:\/\/api.w.org\/{rel}","templated":true}]}}