{"id":26509,"date":"2021-06-30T10:55:28","date_gmt":"2021-06-30T13:55:28","guid":{"rendered":"https:\/\/atecordoba.org\/?p=26509"},"modified":"2021-06-30T14:22:42","modified_gmt":"2021-06-30T17:22:42","slug":"segundo-encuentro-de-formacion-en-cct-con-la-participacion-de-rodolfo-aguiar","status":"publish","type":"post","link":"https:\/\/atecordoba.org\/?p=26509","title":{"rendered":"Segundo encuentro de formaci\u00f3n en CCT con la participaci\u00f3n de Rodolfo Aguiar"},"content":{"rendered":"\n<div class=\"wp-block-image\"><figure class=\"alignright size-large is-resized\"><img loading=\"lazy\" decoding=\"async\" src=\"https:\/\/atecordoba.org\/wp-content\/uploads\/2021\/06\/municipales-afiche-gral.png\" alt=\"\" class=\"wp-image-26305\" width=\"558\" height=\"780\" srcset=\"https:\/\/atecordoba.org\/wp-content\/uploads\/2021\/06\/municipales-afiche-gral.png 440w, https:\/\/atecordoba.org\/wp-content\/uploads\/2021\/06\/municipales-afiche-gral-215x300.png 215w, https:\/\/atecordoba.org\/wp-content\/uploads\/2021\/06\/municipales-afiche-gral-360x504.png 360w\" sizes=\"auto, (max-width: 558px) 100vw, 558px\" \/><\/figure><\/div>\n\n\n\n<p>El pasado martes 29 de junio se llev\u00f3 a cabo el segundo encuentro de formaci\u00f3n destinado&nbsp;a las y los municipales nucleados en ATE. En esta instancia se est\u00e1 realizando la planificaci\u00f3n con miras a presentar en los distintos municipios los proyectos para elevar a los ejecutivos sobre convenios colectivos de trabajo (CCT), donde ATE busca que quede plasmado la realidad de lo que sucede en los municipios a lo largo y ancho de C\u00f3rdoba. <\/p>\n\n\n\n<p>Estuvieron presentes el secretario General Adjunto de ATE nacional, Rodolfo Aguiar, y los secretarios generales de las seccionales San Francisco (Dar\u00edo Paredes), R\u00edo Cuarto (Rafaela Alcoba), Adelia Mar\u00eda (Diego Villegas), R\u00edo Tercero (Dami\u00e1n Albornoz).<\/p>\n\n\n\n<p>Tambi\u00e9n estuvieron presentes Ernesto Contreras y Jos\u00e9 Luis Paparone, compa\u00f1eros de \u00e1rea de Asuntos Municipales de la Secretar\u00eda Gremial del Consejo Directivo Nacional.<\/p>\n\n\n\n<p>El secretario General del CDP, Federico Giuliani, dio inicio al encuentro y realiz\u00f3 una intervenci\u00f3n donde&nbsp;destac\u00f3 que el 30% del padr\u00f3n de afiliados de ATE C\u00f3rdoba son municipales. En ese sentido, destac\u00f3 y prioriz\u00f3 la din\u00e1mica que se le est\u00e1 dando al sector, la creaci\u00f3n del Departamento de Municipales del CDP, apuntando a unificar la pol\u00edtica para el sector y homogenizar el mensaje en las m\u00e1s de 400 localidades de la provincia, y destac\u00f3 que &nbsp;ATE est\u00e1 presente en 100 de ellos.<\/p>\n\n\n\n<p>&#8220;Hay que destacar en aquellos municipios donde somos paritarios estamos logrando aumentos salariales que permiten mejoras reales, siempre teniendo en cuenta la necesidad de contar con instancias paritarias que vayan por encima del piso de dignidad, superando el salario m\u00ednimo, vital y m\u00f3vil&#8221;, afirm\u00f3 el dirigente.<\/p>\n\n\n\n<p>Cabe se\u00f1alar que el CCT tambi\u00e9n busca democratizar las relaciones laborales ya que nos enfrentamos en los pueblos y en las ciudades a sindicatos bur\u00f3cratas,&#8221; por eso decimos que desde ATE tenemos que estar a la altura de los debates y de la realidad. \u00c9stos encuentros nos permiten formar cuadros para que el camino de la organizaci\u00f3n de los municipales sea m\u00e1s f\u00e1cil&#8221;, concluy\u00f3 Giuliani. <\/p>\n\n\n\n<p>Seguidamente, tom\u00f3 la palabra Rodolfo Aguiar, que destac\u00f3 la cantidad de delegados y delegadas presentes en el encuentro y habl\u00f3 de la importancia de formar delegados, que son los dirigentes m\u00e1s importantes que tiene nuestro&nbsp; sindicato.<\/p>\n\n\n\n<p>Aguiar rescat\u00f3 &#8220;la necesidad de discutir qu\u00e9 Estado necesitamos en estos tiempos&nbsp; hist\u00f3ricos donde los municipales tienen un potencial de crecimiento y tambi\u00e9n destac\u00f3 que es el sector m\u00e1s postergado de los estatales por lo que es fundamental que se celebre esta instancia de la ATE cordobesa est\u00e1 haciendo. La intervenci\u00f3n de ATE en la elaboraci\u00f3n de estos convenios laborales es fundamental porque si no los define s\u00f3lo la patronal, apunt\u00f3 a la necesidad de formarnos para conducir el tiempo que viene, debatiendo la construcci\u00f3n de la fuerza necesaria para modificar el estado de las cosas, que el poder est\u00e1 en la gente y reside en el territorio, por eso los municipales son un sector clave. De ah\u00ed la necesidad de empoderarnos como lo viene haciendo ATE C\u00f3rdoba&#8221;.<\/p>\n\n\n\n<p>A su turno Ernesto Contreras habl\u00f3 de la importancia del CCT de la necesidad de participar de estos procesos, fundamentando nuestros derechos para defender nuestra dignidad. Y Paparone, desatac\u00f3 la importancia de la formaci\u00f3n y la iniciativa pol\u00edtica para debatir estos temas<\/p>\n\n\n\n<p>Posteriormente se abri\u00f3 un espacio de debate con la participaci\u00f3n de compa\u00f1eros de San Francisco, R\u00edo Tercero, R\u00edo Cuarto, Almafuerte, Bulnes, Adelia Mar\u00eda, Alejandro Roca, Devoto, General Baigorria, Cruz del Eje y Chucul.<\/p>\n\n\n\n<p>En el cierre se remarc\u00f3 la necesidad de abrir un cauce para todos y todas e invitar a m\u00e1s gente a compartir nuestra experiencia e invitarla a construir los CCT en cada localidad.<\/p>\n\n\n\n<figure class=\"wp-block-gallery columns-3 is-cropped wp-block-gallery-1 is-layout-flex wp-block-gallery-is-layout-flex\"><ul class=\"blocks-gallery-grid\"><li><figure><img loading=\"lazy\" decoding=\"async\" width=\"300\" height=\"169\" src=\"https:\/\/atecordoba.org\/wp-content\/uploads\/2021\/06\/image-3-1-300x169.png\" alt=\"\" class=\"wp-image-26514\" srcset=\"https:\/\/atecordoba.org\/wp-content\/uploads\/2021\/06\/image-3-1-300x169.png 300w, https:\/\/atecordoba.org\/wp-content\/uploads\/2021\/06\/image-3-1-1024x576.png 1024w, https:\/\/atecordoba.org\/wp-content\/uploads\/2021\/06\/image-3-1-768x432.png 768w, https:\/\/atecordoba.org\/wp-content\/uploads\/2021\/06\/image-3-1-1536x864.png 1536w, https:\/\/atecordoba.org\/wp-content\/uploads\/2021\/06\/image-3-1-750x422.png 750w, https:\/\/atecordoba.org\/wp-content\/uploads\/2021\/06\/image-3-1-1140x641.png 1140w, https:\/\/atecordoba.org\/wp-content\/uploads\/2021\/06\/image-3-1.png 1920w\" sizes=\"auto, (max-width: 300px) 100vw, 300px\" \/><\/figure><\/li><li><figure><img loading=\"lazy\" decoding=\"async\" width=\"300\" height=\"169\" src=\"https:\/\/atecordoba.org\/wp-content\/uploads\/2021\/06\/image-4-1-300x169.png\" alt=\"\" class=\"wp-image-26513\" srcset=\"https:\/\/atecordoba.org\/wp-content\/uploads\/2021\/06\/image-4-1-300x169.png 300w, https:\/\/atecordoba.org\/wp-content\/uploads\/2021\/06\/image-4-1-1024x576.png 1024w, https:\/\/atecordoba.org\/wp-content\/uploads\/2021\/06\/image-4-1-768x432.png 768w, https:\/\/atecordoba.org\/wp-content\/uploads\/2021\/06\/image-4-1-1536x864.png 1536w, https:\/\/atecordoba.org\/wp-content\/uploads\/2021\/06\/image-4-1-750x422.png 750w, https:\/\/atecordoba.org\/wp-content\/uploads\/2021\/06\/image-4-1-1140x641.png 1140w, https:\/\/atecordoba.org\/wp-content\/uploads\/2021\/06\/image-4-1.png 1920w\" sizes=\"auto, (max-width: 300px) 100vw, 300px\" \/><\/figure><\/li><li><figure><img loading=\"lazy\" decoding=\"async\" width=\"300\" height=\"169\" src=\"https:\/\/atecordoba.org\/wp-content\/uploads\/2021\/06\/image-5-2-300x169.png\" alt=\"\" class=\"wp-image-26512\" srcset=\"https:\/\/atecordoba.org\/wp-content\/uploads\/2021\/06\/image-5-2-300x169.png 300w, https:\/\/atecordoba.org\/wp-content\/uploads\/2021\/06\/image-5-2-1024x576.png 1024w, https:\/\/atecordoba.org\/wp-content\/uploads\/2021\/06\/image-5-2-768x432.png 768w, https:\/\/atecordoba.org\/wp-content\/uploads\/2021\/06\/image-5-2-1536x864.png 1536w, https:\/\/atecordoba.org\/wp-content\/uploads\/2021\/06\/image-5-2-750x422.png 750w, https:\/\/atecordoba.org\/wp-content\/uploads\/2021\/06\/image-5-2-1140x641.png 1140w, https:\/\/atecordoba.org\/wp-content\/uploads\/2021\/06\/image-5-2.png 1920w\" sizes=\"auto, (max-width: 300px) 100vw, 300px\" \/><\/figure><\/li><\/ul><\/figure>\n\n\n\n<p><\/p>\n","protected":false},"excerpt":{"rendered":"<p>El pasado martes 29 de junio se llev\u00f3 a cabo el segundo encuentro de formaci\u00f3n destinado&nbsp;a las y los municipales nucleados en ATE. En esta instancia se est\u00e1 realizando la planificaci\u00f3n con miras a presentar en los distintos municipios los proyectos para elevar a los ejecutivos sobre convenios colectivos de trabajo (CCT), donde ATE busca [&hellip;]<\/p>\n","protected":false},"author":7,"featured_media":26316,"comment_status":"open","ping_status":"open","sticky":false,"template":"","format":"standard","meta":{"_exactmetrics_skip_tracking":false,"_exactmetrics_sitenote_active":false,"_exactmetrics_sitenote_note":"","_exactmetrics_sitenote_category":0,"jnews-multi-image_gallery":[],"jnews_single_post":{"subtitle":"","format":"standard","video":"","gallery":"","source_name":"","source_url":"","via_name":"","via_url":"","override":[{"single_blog_custom":"","sidebar":"","second_sidebar":"","share_position":"","share_float_style":"","post_date_format":"","post_date_format_custom":"","post_reading_time_wpm":"","zoom_button_out_step":"1","zoom_button_in_step":"1","number_popup_post":"1"}],"image_override":[{"single_post_thumbnail_size":"","single_post_gallery_size":""}],"trending_post_position":"","trending_post_label":"","sponsored_post_label":"","sponsored_post_name":"","sponsored_post_url":"","sponsored_post_logo":"","sponsored_post_desc":""},"jnews_primary_category":{"id":""},"jnews_social_meta":{"fb_title":"","fb_description":"","fb_image":"","twitter_title":"","twitter_description":"","twitter_image":""},"jnews_review":[],"enable_review":"","type":"percentage","name":"","summary":"","brand":"","sku":"","good":[{"good_text":""}],"bad":[{"bad_text":""}],"score_override":"","override_value":"","rating":[{"rating_text":"","rating_number":"10"}],"price":[{"shop":"","price":"","link":"","icon":""}],"jnews_override_counter":{"view_counter_number":"0","share_counter_number":"0","like_counter_number":"0","dislike_counter_number":"0"},"jnews_post_split":{"post_split":[{"template":"1","tag":"h2","numbering":"asc","mode":"normal","toc_type":"normal"}]},"footnotes":""},"categories":[88,20,1],"tags":[],"class_list":["post-26509","post","type-post","status-publish","format-standard","has-post-thumbnail","hentry","category-formacion","category-municipales","category-sin-categoria"],"jetpack_featured_media_url":"https:\/\/atecordoba.org\/wp-content\/uploads\/2021\/06\/municipales-1.jpg","_links":{"self":[{"href":"https:\/\/atecordoba.org\/index.php?rest_route=\/wp\/v2\/posts\/26509","targetHints":{"allow":["GET"]}}],"collection":[{"href":"https:\/\/atecordoba.org\/index.php?rest_route=\/wp\/v2\/posts"}],"about":[{"href":"https:\/\/atecordoba.org\/index.php?rest_route=\/wp\/v2\/types\/post"}],"author":[{"embeddable":true,"href":"https:\/\/atecordoba.org\/index.php?rest_route=\/wp\/v2\/users\/7"}],"replies":[{"embeddable":true,"href":"https:\/\/atecordoba.org\/index.php?rest_route=%2Fwp%2Fv2%2Fcomments&post=26509"}],"version-history":[{"count":3,"href":"https:\/\/atecordoba.org\/index.php?rest_route=\/wp\/v2\/posts\/26509\/revisions"}],"predecessor-version":[{"id":26517,"href":"https:\/\/atecordoba.org\/index.php?rest_route=\/wp\/v2\/posts\/26509\/revisions\/26517"}],"wp:featuredmedia":[{"embeddable":true,"href":"https:\/\/atecordoba.org\/index.php?rest_route=\/wp\/v2\/media\/26316"}],"wp:attachment":[{"href":"https:\/\/atecordoba.org\/index.php?rest_route=%2Fwp%2Fv2%2Fmedia&parent=26509"}],"wp:term":[{"taxonomy":"category","embeddable":true,"href":"https:\/\/atecordoba.org\/index.php?rest_route=%2Fwp%2Fv2%2Fcategories&post=26509"},{"taxonomy":"post_tag","embeddable":true,"href":"https:\/\/atecordoba.org\/index.php?rest_route=%2Fwp%2Fv2%2Ftags&post=26509"}],"curies":[{"name":"wp","href":"https:\/\/api.w.org\/{rel}","templated":true}]}}