{"id":26497,"date":"2021-06-29T11:51:08","date_gmt":"2021-06-29T14:51:08","guid":{"rendered":"https:\/\/atecordoba.org\/?p=26497"},"modified":"2021-06-29T11:51:14","modified_gmt":"2021-06-29T14:51:14","slug":"anac-asamblea-y-movilizacion-frente-al-aeropuerto-cordoba","status":"publish","type":"post","link":"https:\/\/atecordoba.org\/?p=26497","title":{"rendered":"ANAC: asamblea y movilizaci\u00f3n frente al Aeropuerto C\u00f3rdoba"},"content":{"rendered":"\n<div class=\"wp-block-image\"><figure class=\"alignleft size-large is-resized\"><img loading=\"lazy\" decoding=\"async\" src=\"https:\/\/atecordoba.org\/wp-content\/uploads\/2021\/06\/flyer-asamblea-anac-1024x791.jpeg\" alt=\"\" class=\"wp-image-26498\" width=\"655\" height=\"506\" \/><\/figure><\/div>\n\n\n\n<p>Como resultado de la falta de renovaci\u00f3n de dos contratos a nivel nacional, sumado a la falta de personal en diversos servicios operativos a nivel local y a medidas arbitrarias contra la acci\u00f3n gremial de ATE en el Aeropuerto C\u00f3rdoba, las y los trabajadores de la Administraci\u00f3n Nacional de Aviaci\u00f3n Civil (ANAC) realizar\u00e1 hoy una asamblea general en el Aeropuerto C\u00f3rdoba, con movilizaci\u00f3n al ingreso del lugar. <\/p>\n\n\n\n<p>ATE convoca a esta medida de fuerza despu\u00e9s de numerosas reclamos y asambleas por sectores donde las y los trabajadores trasladaron a la patronal la necesidad de contar con personal para los servicios de sanidad a\u00e9rea y control terrestre, que trabajan con dotaciones m\u00ednimas y la l\u00edmite de posibilidades. &#8220;Cuando el trabajador se toma una licencia o tiene que estar de baja por contagio, estos servicios se quedan sin personal y no pueden cumplir sus obligaciones operativas, sumado a que cuando esto ocurre el Aeropuerto no informa la novedad al sistema aeron\u00e1utico&#8221;, explic\u00f3 el vocal del CDP y referente del Departamento de Nacionales del CDP, Agust\u00edn Bertone, trabajador del \u00e1rea.<\/p>\n\n\n\n<p>A su vez, ATE reclama que el director del Aeropuerto C\u00f3rdoba deje de manipular los turnos de trabajo de los delegados delegados de ATE pero entorpecer la acci\u00f3n gremial en el sector, situaci\u00f3n que constituye acoso y persecuci\u00f3n con estos compa\u00f1eros, mientras priva a las y los trabajadores de contar con su representante en el lugar de trabajo, como ordena la ley de asociaciones sindicales. <\/p>\n\n\n\n<p>&#8220;Se supone que 10 d\u00edas antes esos turnos deben estar preestablecidos para que el empleado se pueda organizar. En el \u00faltimo mes se cambiaron 10 veces los turnos, para que los delegados de ATE no cumplan la acci\u00f3n gremial, lo que es claramente persecuci\u00f3n por la actividad sindical&#8221;, dijo Bertone.<\/p>\n\n\n\n<p>Todo esto sumado a la no renovaci\u00f3n de dos contratos de trabajadores en Aeroparque y el el Aeropuerto de San Fernando hace 10 d\u00edas. &#8220;Desde enero que est\u00e1bamos en un proceso de di\u00e1logo con las autoridades para cumplir con las recategorizaciones adeudadas y el pase a planta permanente de los contratados. Pero la ca\u00edda de estos dos contratos ha roto el di\u00e1logo con las autoridades de ANAC&#8221;, concluy\u00f3 Bertone.<\/p>\n","protected":false},"excerpt":{"rendered":"<p>Como resultado de la falta de renovaci\u00f3n de dos contratos a nivel nacional, sumado a la falta de personal en diversos servicios operativos a nivel local y a medidas arbitrarias contra la acci\u00f3n gremial de ATE en el Aeropuerto C\u00f3rdoba, las y los trabajadores de la Administraci\u00f3n Nacional de Aviaci\u00f3n Civil (ANAC) realizar\u00e1 hoy una [&hellip;]<\/p>\n","protected":false},"author":7,"featured_media":26498,"comment_status":"open","ping_status":"open","sticky":false,"template":"","format":"standard","meta":{"_exactmetrics_skip_tracking":false,"_exactmetrics_sitenote_active":false,"_exactmetrics_sitenote_note":"","_exactmetrics_sitenote_category":0,"jnews-multi-image_gallery":[],"jnews_single_post":{"subtitle":"","format":"standard","video":"","gallery":"","source_name":"","source_url":"","via_name":"","via_url":"","override":[{"single_blog_custom":"","sidebar":"","second_sidebar":"","share_position":"","share_float_style":"","post_date_format":"","post_date_format_custom":"","post_reading_time_wpm":"","zoom_button_out_step":"1","zoom_button_in_step":"1","number_popup_post":"1"}],"image_override":[{"single_post_thumbnail_size":"","single_post_gallery_size":""}],"trending_post_position":"","trending_post_label":"","sponsored_post_label":"","sponsored_post_name":"","sponsored_post_url":"","sponsored_post_logo":"","sponsored_post_desc":""},"jnews_primary_category":{"id":""},"jnews_social_meta":{"fb_title":"","fb_description":"","fb_image":"","twitter_title":"","twitter_description":"","twitter_image":""},"jnews_review":[],"enable_review":"","type":"percentage","name":"","summary":"","brand":"","sku":"","good":[{"good_text":""}],"bad":[{"bad_text":""}],"score_override":"","override_value":"","rating":[{"rating_text":"","rating_number":"10"}],"price":[{"shop":"","price":"","link":"","icon":""}],"jnews_override_counter":{"view_counter_number":"0","share_counter_number":"0","like_counter_number":"0","dislike_counter_number":"0"},"jnews_post_split":{"post_split":[{"template":"1","tag":"h2","numbering":"asc","mode":"normal","toc_type":"normal"}]},"footnotes":""},"categories":[18],"tags":[33],"class_list":["post-26497","post","type-post","status-publish","format-standard","has-post-thumbnail","hentry","category-nacionales","tag-anac"],"jetpack_featured_media_url":"https:\/\/atecordoba.org\/wp-content\/uploads\/2021\/06\/flyer-asamblea-anac-e1624978246822.jpeg","_links":{"self":[{"href":"https:\/\/atecordoba.org\/index.php?rest_route=\/wp\/v2\/posts\/26497","targetHints":{"allow":["GET"]}}],"collection":[{"href":"https:\/\/atecordoba.org\/index.php?rest_route=\/wp\/v2\/posts"}],"about":[{"href":"https:\/\/atecordoba.org\/index.php?rest_route=\/wp\/v2\/types\/post"}],"author":[{"embeddable":true,"href":"https:\/\/atecordoba.org\/index.php?rest_route=\/wp\/v2\/users\/7"}],"replies":[{"embeddable":true,"href":"https:\/\/atecordoba.org\/index.php?rest_route=%2Fwp%2Fv2%2Fcomments&post=26497"}],"version-history":[{"count":1,"href":"https:\/\/atecordoba.org\/index.php?rest_route=\/wp\/v2\/posts\/26497\/revisions"}],"predecessor-version":[{"id":26499,"href":"https:\/\/atecordoba.org\/index.php?rest_route=\/wp\/v2\/posts\/26497\/revisions\/26499"}],"wp:featuredmedia":[{"embeddable":true,"href":"https:\/\/atecordoba.org\/index.php?rest_route=\/wp\/v2\/media\/26498"}],"wp:attachment":[{"href":"https:\/\/atecordoba.org\/index.php?rest_route=%2Fwp%2Fv2%2Fmedia&parent=26497"}],"wp:term":[{"taxonomy":"category","embeddable":true,"href":"https:\/\/atecordoba.org\/index.php?rest_route=%2Fwp%2Fv2%2Fcategories&post=26497"},{"taxonomy":"post_tag","embeddable":true,"href":"https:\/\/atecordoba.org\/index.php?rest_route=%2Fwp%2Fv2%2Ftags&post=26497"}],"curies":[{"name":"wp","href":"https:\/\/api.w.org\/{rel}","templated":true}]}}