{"id":2649,"date":"2013-04-26T16:51:09","date_gmt":"2013-04-26T19:51:09","guid":{"rendered":"http:\/\/www.atecordoba.org\/?p=2649"},"modified":"2013-04-26T16:51:09","modified_gmt":"2013-04-26T19:51:09","slug":"repudio-a-la-represion-de-macri-en-el-borda","status":"publish","type":"post","link":"https:\/\/atecordoba.org\/?p=2649","title":{"rendered":"Repudio a la represi\u00f3n de Macri en el Borda"},"content":{"rendered":"<div><em>Una vez m\u00e1s el intendente de la ciudad de Buenos Aires dio muestras de lo que entiende por di\u00e1logo: una brutal represi\u00f3n sobre trabajadores y pacientes avasall\u00f3 el predio del hospital Borda, con un saldo de siete compa\u00f1eros detenidos y medio centenar de heridos. El Consejo Directivo Provincial C\u00f3rdoba de ATE expresa su m\u00e1s en\u00e9rgico repudio a la acci\u00f3n gubernamental, ejercida a trav\u00e9s de la polic\u00eda metropolitana, que vulnera el m\u00e1s b\u00e1sico derecho a la protesta.<\/em><\/div>\n<div><a href=\"http:\/\/www.atecordoba.org\/wp-content\/uploads\/2013\/04\/represion-borda.jpg\"><img loading=\"lazy\" decoding=\"async\" class=\"aligncenter size-full wp-image-2650\" title=\"represion borda\" src=\"http:\/\/www.atecordoba.org\/wp-content\/uploads\/2013\/04\/represion-borda.jpg\" alt=\"\" width=\"602\" height=\"338\" \/><\/a><\/div>\n<div>Los delegados de ATE, junto a compa\u00f1eros de la conducci\u00f3n nacional y de la Capital Federal, se encontraban reclamando por el derecho al espacio p\u00fablico y en defensa de la salud p\u00fablica, cuando fueron reprimidos por un gobierno que promueve el negocio inmobiliario en desmedro de los reclamos de la comunidad terap\u00e9utica del Borda.<\/div>\n<div>ATE C\u00f3rdoba se solidariza con los trabajadores reprimidos y reclama su inmediata liberaci\u00f3n.<\/div>\n","protected":false},"excerpt":{"rendered":"<p>Una vez m\u00e1s el intendente de la ciudad de Buenos Aires dio muestras de lo que entiende por di\u00e1logo: una brutal represi\u00f3n sobre trabajadores y pacientes avasall\u00f3 el predio del hospital Borda, con un saldo de siete compa\u00f1eros detenidos y medio centenar de heridos. El Consejo Directivo Provincial C\u00f3rdoba de ATE expresa su m\u00e1s en\u00e9rgico [&hellip;]<\/p>\n","protected":false},"author":1,"featured_media":19220,"comment_status":"open","ping_status":"open","sticky":false,"template":"","format":"standard","meta":{"_exactmetrics_skip_tracking":false,"_exactmetrics_sitenote_active":false,"_exactmetrics_sitenote_note":"","_exactmetrics_sitenote_category":0,"jnews-multi-image_gallery":[],"jnews_single_post":[],"jnews_primary_category":[],"jnews_social_meta":[],"jnews_review":[],"enable_review":"","type":"","name":"","summary":"","brand":"","sku":"","good":[],"bad":[],"score_override":"","override_value":"","rating":[],"price":[],"jnews_override_counter":[],"jnews_post_split":[],"footnotes":""},"categories":[53,18],"tags":[],"class_list":["post-2649","post","type-post","status-publish","format-standard","has-post-thumbnail","hentry","category-comunicados-de-prensa","category-nacionales"],"jetpack_featured_media_url":"https:\/\/atecordoba.org\/wp-content\/uploads\/2020\/05\/logo-nuevochico-e1561581322808.png","_links":{"self":[{"href":"https:\/\/atecordoba.org\/index.php?rest_route=\/wp\/v2\/posts\/2649","targetHints":{"allow":["GET"]}}],"collection":[{"href":"https:\/\/atecordoba.org\/index.php?rest_route=\/wp\/v2\/posts"}],"about":[{"href":"https:\/\/atecordoba.org\/index.php?rest_route=\/wp\/v2\/types\/post"}],"author":[{"embeddable":true,"href":"https:\/\/atecordoba.org\/index.php?rest_route=\/wp\/v2\/users\/1"}],"replies":[{"embeddable":true,"href":"https:\/\/atecordoba.org\/index.php?rest_route=%2Fwp%2Fv2%2Fcomments&post=2649"}],"version-history":[{"count":0,"href":"https:\/\/atecordoba.org\/index.php?rest_route=\/wp\/v2\/posts\/2649\/revisions"}],"wp:featuredmedia":[{"embeddable":true,"href":"https:\/\/atecordoba.org\/index.php?rest_route=\/wp\/v2\/media\/19220"}],"wp:attachment":[{"href":"https:\/\/atecordoba.org\/index.php?rest_route=%2Fwp%2Fv2%2Fmedia&parent=2649"}],"wp:term":[{"taxonomy":"category","embeddable":true,"href":"https:\/\/atecordoba.org\/index.php?rest_route=%2Fwp%2Fv2%2Fcategories&post=2649"},{"taxonomy":"post_tag","embeddable":true,"href":"https:\/\/atecordoba.org\/index.php?rest_route=%2Fwp%2Fv2%2Ftags&post=2649"}],"curies":[{"name":"wp","href":"https:\/\/api.w.org\/{rel}","templated":true}]}}