{"id":26477,"date":"2021-06-28T15:57:41","date_gmt":"2021-06-28T18:57:41","guid":{"rendered":"https:\/\/atecordoba.org\/?p=26477"},"modified":"2021-06-28T16:14:35","modified_gmt":"2021-06-28T19:14:35","slug":"debates-necesarios-la-implementacion-de-la-licencia-por-violencia-de-genero-en-la-municipalidad-de-rio-cuarto","status":"publish","type":"post","link":"https:\/\/atecordoba.org\/?p=26477","title":{"rendered":"Debates necesarios: la implementaci\u00f3n de la licencia por violencia de g\u00e9nero en la Municipalidad de R\u00edo Cuarto"},"content":{"rendered":"\n<figure class=\"wp-block-gallery columns-5 is-cropped wp-block-gallery-1 is-layout-flex wp-block-gallery-is-layout-flex\"><ul class=\"blocks-gallery-grid\"><li class=\"blocks-gallery-item\"><figure><img loading=\"lazy\" decoding=\"async\" width=\"300\" height=\"162\" src=\"https:\/\/atecordoba.org\/wp-content\/uploads\/2021\/06\/Captura-de-pantalla-2021-06-28-155231-300x162.png\" alt=\"\" data-id=\"26482\" data-full-url=\"https:\/\/atecordoba.org\/wp-content\/uploads\/2021\/06\/Captura-de-pantalla-2021-06-28-155231.png\" data-link=\"https:\/\/atecordoba.org\/?attachment_id=26482\" class=\"wp-image-26482\" srcset=\"https:\/\/atecordoba.org\/wp-content\/uploads\/2021\/06\/Captura-de-pantalla-2021-06-28-155231-300x162.png 300w, https:\/\/atecordoba.org\/wp-content\/uploads\/2021\/06\/Captura-de-pantalla-2021-06-28-155231-768x416.png 768w, https:\/\/atecordoba.org\/wp-content\/uploads\/2021\/06\/Captura-de-pantalla-2021-06-28-155231-750x406.png 750w, https:\/\/atecordoba.org\/wp-content\/uploads\/2021\/06\/Captura-de-pantalla-2021-06-28-155231.png 933w\" sizes=\"auto, (max-width: 300px) 100vw, 300px\" \/><\/figure><\/li><li class=\"blocks-gallery-item\"><figure><img loading=\"lazy\" decoding=\"async\" width=\"300\" height=\"174\" src=\"https:\/\/atecordoba.org\/wp-content\/uploads\/2021\/06\/alcoba-300x174.png\" alt=\"\" data-id=\"26481\" data-full-url=\"https:\/\/atecordoba.org\/wp-content\/uploads\/2021\/06\/alcoba.png\" data-link=\"https:\/\/atecordoba.org\/?attachment_id=26481\" class=\"wp-image-26481\" srcset=\"https:\/\/atecordoba.org\/wp-content\/uploads\/2021\/06\/alcoba-300x174.png 300w, https:\/\/atecordoba.org\/wp-content\/uploads\/2021\/06\/alcoba-768x446.png 768w, https:\/\/atecordoba.org\/wp-content\/uploads\/2021\/06\/alcoba-750x435.png 750w, https:\/\/atecordoba.org\/wp-content\/uploads\/2021\/06\/alcoba.png 870w\" sizes=\"auto, (max-width: 300px) 100vw, 300px\" \/><\/figure><\/li><li class=\"blocks-gallery-item\"><figure><img loading=\"lazy\" decoding=\"async\" width=\"300\" height=\"168\" src=\"https:\/\/atecordoba.org\/wp-content\/uploads\/2021\/06\/genero-rio-4-300x168.png\" alt=\"\" data-id=\"26480\" data-full-url=\"https:\/\/atecordoba.org\/wp-content\/uploads\/2021\/06\/genero-rio-4.png\" data-link=\"https:\/\/atecordoba.org\/?attachment_id=26480\" class=\"wp-image-26480\" srcset=\"https:\/\/atecordoba.org\/wp-content\/uploads\/2021\/06\/genero-rio-4-300x168.png 300w, https:\/\/atecordoba.org\/wp-content\/uploads\/2021\/06\/genero-rio-4-768x431.png 768w, https:\/\/atecordoba.org\/wp-content\/uploads\/2021\/06\/genero-rio-4-750x421.png 750w, https:\/\/atecordoba.org\/wp-content\/uploads\/2021\/06\/genero-rio-4.png 946w\" sizes=\"auto, (max-width: 300px) 100vw, 300px\" \/><\/figure><\/li><li class=\"blocks-gallery-item\"><figure><img loading=\"lazy\" decoding=\"async\" width=\"300\" height=\"151\" src=\"https:\/\/atecordoba.org\/wp-content\/uploads\/2021\/06\/Captura-de-pantalla-2021-06-28-155344-300x151.png\" alt=\"\" data-id=\"26479\" data-full-url=\"https:\/\/atecordoba.org\/wp-content\/uploads\/2021\/06\/Captura-de-pantalla-2021-06-28-155344.png\" data-link=\"https:\/\/atecordoba.org\/?attachment_id=26479\" class=\"wp-image-26479\" srcset=\"https:\/\/atecordoba.org\/wp-content\/uploads\/2021\/06\/Captura-de-pantalla-2021-06-28-155344-300x151.png 300w, https:\/\/atecordoba.org\/wp-content\/uploads\/2021\/06\/Captura-de-pantalla-2021-06-28-155344-768x388.png 768w, https:\/\/atecordoba.org\/wp-content\/uploads\/2021\/06\/Captura-de-pantalla-2021-06-28-155344-360x180.png 360w, https:\/\/atecordoba.org\/wp-content\/uploads\/2021\/06\/Captura-de-pantalla-2021-06-28-155344-750x379.png 750w, https:\/\/atecordoba.org\/wp-content\/uploads\/2021\/06\/Captura-de-pantalla-2021-06-28-155344.png 937w\" sizes=\"auto, (max-width: 300px) 100vw, 300px\" \/><\/figure><\/li><li class=\"blocks-gallery-item\"><figure><img loading=\"lazy\" decoding=\"async\" width=\"300\" height=\"160\" src=\"https:\/\/atecordoba.org\/wp-content\/uploads\/2021\/06\/Captura-de-pantalla-2021-06-28-155314-300x160.png\" alt=\"\" data-id=\"26478\" data-full-url=\"https:\/\/atecordoba.org\/wp-content\/uploads\/2021\/06\/Captura-de-pantalla-2021-06-28-155314.png\" data-link=\"https:\/\/atecordoba.org\/?attachment_id=26478\" class=\"wp-image-26478\" srcset=\"https:\/\/atecordoba.org\/wp-content\/uploads\/2021\/06\/Captura-de-pantalla-2021-06-28-155314-300x160.png 300w, https:\/\/atecordoba.org\/wp-content\/uploads\/2021\/06\/Captura-de-pantalla-2021-06-28-155314-768x408.png 768w, https:\/\/atecordoba.org\/wp-content\/uploads\/2021\/06\/Captura-de-pantalla-2021-06-28-155314-750x399.png 750w, https:\/\/atecordoba.org\/wp-content\/uploads\/2021\/06\/Captura-de-pantalla-2021-06-28-155314.png 944w\" sizes=\"auto, (max-width: 300px) 100vw, 300px\" \/><\/figure><\/li><\/ul><\/figure>\n\n\n\n<p>La semana pasada ATE convoc\u00f3 aun conversatorio virtual para dialogar sobre la implementaci\u00f3n de la Licencia por Violencia implementada ya hace dos a\u00f1os en la Municipalidad de R\u00edo Cuarto, a partir de la reglamentaci\u00f3n del inciso 8 del art\u00edculo 95\u00ba de la Ordenanza N\u00ba 282\/92 -Estatuto del Personal de la Administraci\u00f3n P\u00fablica Municipal- sobre licencia por violencia familiar, de g\u00e9nero o contra la mujer.<\/p>\n\n\n\n<p>Coordinada por la secretaria de Prensa del Consejo Directivo Provincial (CDP), la iniciativa tuvo la participaci\u00f3n de Ana Medina, secretaria de G\u00e9nero de la Municipalidad del sur provincial, la secretaria General de ATE R\u00edo Cuarto, Rafaela Alcoba, la secretaria Proadministrativa del CDP y referente del Departamento de G\u00e9neros y Diversidades, Gabriela Alcoba, as\u00ed como de numerosas compa\u00f1eras interesadas en conocer y debatir sobre la naturaleza e implementaci\u00f3n de una normativa de vanguardia en el \u00e1mbito municipal en C\u00f3rdoba, en materia de violencia de g\u00e9nero. <\/p>\n\n\n\n<p>En talo sentido, Medina dijo que &#8220;necesitamos profundizar esta herramienta que tenemos, informar claramente que no hay descuentos sino goce de haberes permanente, que se trabaja de forma mancomunada con RRHH pero resguardando la identidad, es un derecho nomenclado dentro del estatuto. Sabemos que hay situaciones de violencia que est\u00e1n viviendo mujeres y falta ese salto cualitativo de reconocer esta herramienta y poder utilizarla&#8221;.<\/p>\n\n\n\n<p>La polit\u00f3loga explic\u00f3 que &#8220;entre la Ley Micaela y el Programa por la Igualdad de Derechos (Promid), &nbsp;nos falta un protocolo interno para trabajar porque se ha naturalizado en el Estado los estereotipos de desigualdad y violencias desde lo simb\u00f3lico en el abuso de poder. Hablo sin g\u00e9nero porque se puede ver en hombres y mujeres&#8221;.<\/p>\n\n\n\n<p>Y sostuvo en otro tramo que \u201ctenemos que pensaren estrategias y protocolos de violencia laboral. Es el escal\u00f3n que sigue: resguardamos al personal en relaci\u00f3n a la violencia de g\u00e9nero por fuera del Estado y tenemos que empezar a pensar en herramientas dentro del Estado\u201d. &nbsp;<\/p>\n\n\n\n<p>Posteriormente, Gabriela Alcoba cont\u00f3 que desde ATE C\u00f3rdoba &#8220;estamos presentando este proyecto de licencia en todos los municipios donde somos paritarios. El proceso de R\u00edo Cuarto va a ser el faro para el resto de los municipios de C\u00f3rdoba&#8221;.<\/p>\n\n\n\n<figure class=\"wp-block-video\"><video height=\"1344\" style=\"aspect-ratio: 756 \/ 1344;\" width=\"756\" controls src=\"https:\/\/atecordoba.org\/wp-content\/uploads\/2021\/06\/VID-20210622-WA0126.mp4\"><\/video><\/figure>\n\n\n\n<p>Tambi\u00e9n relat\u00f3 que &#8220;hicimos la campa\u00f1a del banco rojo y con eso recorrimos municipios, que nuestro sindicato sea una bandera en la lucha contra la violencia de g\u00e9nero y por las diversidades. Estamos trabajando con los protocolos internos, en el gremio y para los municipios, mientras estamos terminando de redactar el nuestro, que se va a tratar cuando podamos hacer el Congreso extraordinario provincial&#8221;.<\/p>\n\n\n\n<p>La dirigente provincial resalt\u00f3 que &#8220;Argentina ratific\u00f3 el convenio 190 para la erradicaci\u00f3n dela violencia&nbsp;en todos los \u00e1mbitos laborales. Si los Estados lo llevaran a la pr\u00e1ctica no tendr\u00edamos que estar hablando de protocolos y licencias. Hay mucho para construir desde ah\u00ed&#8221;.<\/p>\n\n\n\n<p><strong>Garantes de derechos<\/strong><\/p>\n\n\n\n<p>Seguidamente, Rafa Alcoba se\u00f1al\u00f3 que &#8220;empezamos este camino, no solo buscando ser garantes de derechos como trabajadores del Estado para la ciudadan\u00eda y sino tambi\u00e9n para quienes estamos sosteniendo el Estado desde adentro. Entendemos que esta herramienta no solo sirve para garantizar la salud para compa\u00f1eras que est\u00e1n sufriendo situaciones de violencia, no solo por el resguardo psicof\u00edsico, sino para entender que hay una instituci\u00f3n que est\u00e1 dando respuesta a una problem\u00e1tica que no es individual, nos encontramos miles de veces con estas situaciones&#8221;.<\/p>\n\n\n\n<p>La mandam\u00e1s de ATE R\u00edo Cuarto insisti\u00f3 que &#8220;g\u00e9nero debe ser uno de los puntos prioritarios en cualquier agenda de negociaci\u00f3n laboral.&nbsp; Tenemos que estar promovi\u00e9ndolo y llegar\u00e1 el momento que se instale, nuestra espalda es el movimiento feminista, que lucho y construy\u00f3 este camino&#8221;.<\/p>\n\n\n\n<p>Adem\u00e1s apunt\u00f3 que &#8220;en materia de pol\u00edtica de g\u00e9nero y de cumplimiento de derechos, estamos trabajando con el cupo laboral trans, del cupo de discapacidad. El derecho&nbsp; atravesado por diversas necesidades. Creo que nuestra responsabilidad es instalar estos temas en cada espacio donde tengamos la responsabilidad de sentarnos&#8221;.<\/p>\n\n\n\n<p>Por su parte, a la hora de hacer uso de la palabra, Julia Giuliani dijo destac\u00f3 la presencia en la actividad de la concejala de R\u00edo Cuarto Marisa Fern\u00e1ndez, &#8220;con quien seguramente vamos a seguir trabajando porque hay mucho para hacer y recursos humanos capacitados y con conciencia&#8221;. <\/p>\n\n\n\n<p>La dirigente dijo que &#8220;nos parece que adem\u00e1s de esta licencia que hoy tenemos, hacen falta medidas reparatorias para quienes son v\u00edctimas de violencia de g\u00e9nero o lo han sido y necesitamos de un paquete de medidas, como el protocolo, o inhabilitar a aquellos trabajadores que hayan ejercido violencia o incluso deban la cuota alimentaria. Empezar a trabajar no solo cuando el problema est\u00e1 consumado sino ver tambi\u00e9n m\u00e1s all\u00e1, que violencia de g\u00e9nero no es solo f\u00edsica o psicol\u00f3gica sino tambi\u00e9n simb\u00f3lica, es econ\u00f3mica.&nbsp; En ese sentido la violencia se combate con m\u00e1s derechos&#8221;. &nbsp;<\/p>\n\n\n\n<p>La charla completa puede verse ingresando <a href=\"https:\/\/www.facebook.com\/watch\/live\/?v=520872252437010&amp;ref=watch_permalink\">aqu\u00ed<\/a>. <\/p>\n\n\n\n<p> <\/p>\n","protected":false},"excerpt":{"rendered":"<p>La semana pasada ATE convoc\u00f3 aun conversatorio virtual para dialogar sobre la implementaci\u00f3n de la Licencia por Violencia implementada ya hace dos a\u00f1os en la Municipalidad de R\u00edo Cuarto, a partir de la reglamentaci\u00f3n del inciso 8 del art\u00edculo 95\u00ba de la Ordenanza N\u00ba 282\/92 -Estatuto del Personal de la Administraci\u00f3n P\u00fablica Municipal- sobre licencia [&hellip;]<\/p>\n","protected":false},"author":7,"featured_media":26480,"comment_status":"open","ping_status":"open","sticky":false,"template":"","format":"standard","meta":{"_exactmetrics_skip_tracking":false,"_exactmetrics_sitenote_active":false,"_exactmetrics_sitenote_note":"","_exactmetrics_sitenote_category":0,"jnews-multi-image_gallery":[],"jnews_single_post":{"subtitle":"","format":"standard","video":"","gallery":"","source_name":"","source_url":"","via_name":"","via_url":"","override":[{"single_blog_custom":"","sidebar":"","second_sidebar":"","share_position":"","share_float_style":"","post_date_format":"","post_date_format_custom":"","post_reading_time_wpm":"","zoom_button_out_step":"1","zoom_button_in_step":"1","number_popup_post":"1"}],"image_override":[{"single_post_thumbnail_size":"","single_post_gallery_size":""}],"trending_post_position":"","trending_post_label":"","sponsored_post_label":"","sponsored_post_name":"","sponsored_post_url":"","sponsored_post_logo":"","sponsored_post_desc":""},"jnews_primary_category":{"id":""},"jnews_social_meta":{"fb_title":"","fb_description":"","fb_image":"","twitter_title":"","twitter_description":"","twitter_image":""},"jnews_review":[],"enable_review":"","type":"percentage","name":"","summary":"","brand":"","sku":"","good":[{"good_text":""}],"bad":[{"bad_text":""}],"score_override":"","override_value":"","rating":[{"rating_text":"","rating_number":"10"}],"price":[{"shop":"","price":"","link":"","icon":""}],"jnews_override_counter":{"view_counter_number":"0","share_counter_number":"0","like_counter_number":"0","dislike_counter_number":"0"},"jnews_post_split":{"post_split":[{"template":"1","tag":"h2","numbering":"asc","mode":"normal","toc_type":"normal"}]},"footnotes":""},"categories":[325,12],"tags":[839],"class_list":["post-26477","post","type-post","status-publish","format-standard","has-post-thumbnail","hentry","category-generos-y-diversidades","category-rio-cuarto","tag-licencia-por-violencia-de-genero"],"jetpack_featured_media_url":"https:\/\/atecordoba.org\/wp-content\/uploads\/2021\/06\/genero-rio-4.png","_links":{"self":[{"href":"https:\/\/atecordoba.org\/index.php?rest_route=\/wp\/v2\/posts\/26477","targetHints":{"allow":["GET"]}}],"collection":[{"href":"https:\/\/atecordoba.org\/index.php?rest_route=\/wp\/v2\/posts"}],"about":[{"href":"https:\/\/atecordoba.org\/index.php?rest_route=\/wp\/v2\/types\/post"}],"author":[{"embeddable":true,"href":"https:\/\/atecordoba.org\/index.php?rest_route=\/wp\/v2\/users\/7"}],"replies":[{"embeddable":true,"href":"https:\/\/atecordoba.org\/index.php?rest_route=%2Fwp%2Fv2%2Fcomments&post=26477"}],"version-history":[{"count":6,"href":"https:\/\/atecordoba.org\/index.php?rest_route=\/wp\/v2\/posts\/26477\/revisions"}],"predecessor-version":[{"id":26494,"href":"https:\/\/atecordoba.org\/index.php?rest_route=\/wp\/v2\/posts\/26477\/revisions\/26494"}],"wp:featuredmedia":[{"embeddable":true,"href":"https:\/\/atecordoba.org\/index.php?rest_route=\/wp\/v2\/media\/26480"}],"wp:attachment":[{"href":"https:\/\/atecordoba.org\/index.php?rest_route=%2Fwp%2Fv2%2Fmedia&parent=26477"}],"wp:term":[{"taxonomy":"category","embeddable":true,"href":"https:\/\/atecordoba.org\/index.php?rest_route=%2Fwp%2Fv2%2Fcategories&post=26477"},{"taxonomy":"post_tag","embeddable":true,"href":"https:\/\/atecordoba.org\/index.php?rest_route=%2Fwp%2Fv2%2Ftags&post=26477"}],"curies":[{"name":"wp","href":"https:\/\/api.w.org\/{rel}","templated":true}]}}