{"id":26474,"date":"2021-06-28T11:56:33","date_gmt":"2021-06-28T14:56:33","guid":{"rendered":"https:\/\/atecordoba.org\/?p=26474"},"modified":"2021-06-30T10:21:47","modified_gmt":"2021-06-30T13:21:47","slug":"ate-apoyo-el-proyecto-de-ley-de-ejercicio-profesional-de-la-enfermeria","status":"publish","type":"post","link":"https:\/\/atecordoba.org\/?p=26474","title":{"rendered":"ATE apoy\u00f3 el proyecto de ley de ejercicio profesional de la enfermer\u00eda"},"content":{"rendered":"\n<div class=\"wp-block-image\"><figure class=\"aligncenter size-large is-resized\"><img loading=\"lazy\" decoding=\"async\" src=\"https:\/\/atecordoba.org\/wp-content\/uploads\/2021\/06\/23-06-Lanzamiento-Enfermeria-2-1024x576.jpeg\" alt=\"\" class=\"wp-image-26475\" width=\"828\" height=\"466\" srcset=\"https:\/\/atecordoba.org\/wp-content\/uploads\/2021\/06\/23-06-Lanzamiento-Enfermeria-2-1024x576.jpeg 1024w, https:\/\/atecordoba.org\/wp-content\/uploads\/2021\/06\/23-06-Lanzamiento-Enfermeria-2-300x169.jpeg 300w, https:\/\/atecordoba.org\/wp-content\/uploads\/2021\/06\/23-06-Lanzamiento-Enfermeria-2-768x432.jpeg 768w, https:\/\/atecordoba.org\/wp-content\/uploads\/2021\/06\/23-06-Lanzamiento-Enfermeria-2-750x422.jpeg 750w, https:\/\/atecordoba.org\/wp-content\/uploads\/2021\/06\/23-06-Lanzamiento-Enfermeria-2-1140x641.jpeg 1140w, https:\/\/atecordoba.org\/wp-content\/uploads\/2021\/06\/23-06-Lanzamiento-Enfermeria-2.jpeg 1280w\" sizes=\"auto, (max-width: 828px) 100vw, 828px\" \/><\/figure><\/div>\n\n\n\n<p>Con un acto virtual que congreg\u00f3 a varios de los secretarios generales de las seccionales y comandado por el secretario Adjunto del Consejo Directivo Provincial (CDP),Hugo Dur\u00e1n, se realiz\u00f3 un acto mixto (virtual y presencial) en el sal\u00f3n de actos de ATE C\u00f3rdoba para dar apoyo al proyecto de ley de ejercicio profesional de la enfermer\u00eda en la provincia. <\/p>\n\n\n\n<p>En la oportunidad, estuvieron presentes como promotoras de la iniciativa Liliana Lucero, presidenta de la Asociaci\u00f3n de&nbsp;Enfermer\u00eda&nbsp;de C\u00f3rdoba, y Fernanda Montenegro, impulsora de la Ley, miembro de la Asociaci\u00f3n de&nbsp;Enfermer\u00eda&nbsp;de C\u00f3rdoba, la licencia Gloria Longoni, de la Escuela de Enfermer\u00eda de la UNC, junto a compa\u00f1eras y compa\u00f1eros de los equipos de salud que forman parte de nuestro gremio, como la vocal del CDP Gabriela Garc\u00eda y el Progremial, Roberto Calvetti.  Tambi\u00e9n participaron de la actividad el secretario de Organizaci\u00f3n, Omar Alerzia, y el Gremial, Daniel Pawluchzk.<\/p>\n\n\n\n<p>En primer t\u00e9rmino, Duran dijo que &#8220;vamos a apoyar el proyecto de ejercicio profesional que tienen en la Legislatura y posteriormente el proyecto de colegiatura en enfermer\u00eda. Sabemos que es un anhelo que tiene este sector desde hace muchos a\u00f1os y que sistem\u00e1ticamente los gobiernos de turno han ido desechando. Creemos que esta es una oportunidad para que la enfermer\u00eda pueda ordenar el ejercicio de la profesi\u00f3n y tambi\u00e9n tener una representaci\u00f3n institucional en la provincia&#8221;.<\/p>\n\n\n\n<p>En tal sentido, Dur\u00e1n agreg\u00f3 que &#8220;desde ATE&nbsp; ratificamos la defensa irrestricta de los derechos laborales, de la protecci\u00f3n del salario y las condiciones de trabajo, de cada uno de los&nbsp; que ejercen esta protecci\u00f3n en los hospitales provinciales. Saludamos que el Colegio pueda realizar la defensa profesional de esta actividad&nbsp; en cada uno de los \u00e1mbitos donde sea convocada&#8221;.&nbsp;<\/p>\n\n\n\n<p>Seguidamente, Liliana Lucero asegur\u00f3 que &#8220;la idea es que el proyecto que ya est\u00e1 en la Legislatura tenga el aval de la comunidad toda, que va a ser la beneficiaria en cada espacio y servicio de salud para que hay un enfermero calificado para la atenci\u00f3n de la poblaci\u00f3n. Vamos a comenzar con esta ley de ejercicio porque sin ese reconocimiento es dif\u00edcil llegar a un colegio profesional, que es un objetivo que nos planteamos&#8221;. <\/p>\n\n\n\n<p>Tambi\u00e9n explic\u00f3 el proyecto de marras Fernanda Montenegro, para detallar que &#8220;llevamos muchos a\u00f1os trabajando por el proyecto de ley de colegiaci\u00f3n de enfermer\u00eda. Ahora ingresamos un proyecto de ejercicio profesional, que ser\u00eda un paso previo necesario. Esta ley no va en contra de la profesi\u00f3n, sino que busca regular el ejercicio profesional e incluye a toda la enfermer\u00eda de la provincia: licenciados, enfermeros y auxiliares. Intentamos proteger la actividad, promover la formaci\u00f3n y capacitaci\u00f3n, los ambientes de trabajo saludables, la mejora de condiciones laborales, a los estudiantes en la formaci\u00f3n&#8221;.<\/p>\n\n\n\n<p>Asimismo, Montenegro dijo que &#8220;este proyecto no perjudica a los gremios porque debemos trabajar conjuntamente y el Colegio no reemplaza ninguna actividad gremial sino estable par\u00e1metros para la actividad entre los pares&#8221;.<\/p>\n\n\n\n<p>Posteriormente detall\u00f3 que &#8220;actualmente nuestra actividad est\u00e1 regulada por m\u00e9dicos, por el Ministerio. Todas las profesiones tiene colegios y es hora que la enfermer\u00eda tenga&nbsp; la suya, elaborada por enfermer\u00eda, dirigida por enfermer\u00eda&#8221;.<\/p>\n\n\n\n<p><strong>Apoyos<\/strong><\/p>\n\n\n\n<p>Por su parte, dirigentes de las seccionales de ATE expresaron su respaldo al proyecto. <\/p>\n\n\n\n<p>As\u00ed, el secretario General de ATE R\u00edo Tercero, Dami\u00e1n Albornoz, garantiz\u00f3 su apoyo &#8220;junto a la secretaria Adjunta de la seccional, Ver\u00f3nica Pramparo, que es trabajadora de la salud. Esperamos que el proyecto se materialice finalmente; el secretario General de ATE Cruz del Eje, Daniel Allende felicit\u00f3 al colectivo de la enfermer\u00eda por el proyecto, ya que &#8220;nos parece bien que sean los propios colegas quienes promuevan la regulaci\u00f3n de la actividad. La enfermer\u00eda es un servicio esencial para todas las poblaciones, no solo en pandemia. Muchas comunidades rurales dependen de ellos as\u00ed que contemplan la heterogeneidad de la situaci\u00f3n es muy importante para proyectar el ejercicio de la profesi\u00f3n&#8221;; el secretario General de ATE Adelia Mar\u00eda, Diego Villegas, env\u00edo un c\u00e1lido saludo y dese\u00f3 &#8220;mucha suerte, nos parece muy buena iniciativa y cuentan con todo nuestro apoyo&#8221;.<\/p>\n\n\n\n<p>Por \u00faltimo, Roberto Calvetti dijo que &#8220;la enfermer\u00eda es el motor del hospital y un servicio p\u00fablico fundamental. Los equipos de salud no ser\u00edan nada sin la enfermer\u00eda. Lograr este paso ser\u00e1 un dato muy relevante en el trabajo, por eso esperamos que este proyecto se apruebe: va a jerarquizar la actividad, tanto a nivel hospitalario como privado&#8221;. &nbsp;<\/p>\n\n\n\n<p>Tambi\u00e9n se expresaron su apoyo las seccionales R\u00edo Cuarto, Villa Mar\u00eda y San Francisco.<\/p>\n","protected":false},"excerpt":{"rendered":"<p>Con un acto virtual que congreg\u00f3 a varios de los secretarios generales de las seccionales y comandado por el secretario Adjunto del Consejo Directivo Provincial (CDP),Hugo Dur\u00e1n, se realiz\u00f3 un acto mixto (virtual y presencial) en el sal\u00f3n de actos de ATE C\u00f3rdoba para dar apoyo al proyecto de ley de ejercicio profesional de la [&hellip;]<\/p>\n","protected":false},"author":7,"featured_media":26475,"comment_status":"open","ping_status":"open","sticky":false,"template":"","format":"standard","meta":{"_exactmetrics_skip_tracking":false,"_exactmetrics_sitenote_active":false,"_exactmetrics_sitenote_note":"","_exactmetrics_sitenote_category":0,"jnews-multi-image_gallery":[],"jnews_single_post":{"subtitle":"","format":"standard","video":"","gallery":"","source_name":"","source_url":"","via_name":"","via_url":"","override":[{"single_blog_custom":"","sidebar":"","second_sidebar":"","share_position":"","share_float_style":"","post_date_format":"","post_date_format_custom":"","post_reading_time_wpm":"","zoom_button_out_step":"1","zoom_button_in_step":"1","number_popup_post":"1"}],"image_override":[{"single_post_thumbnail_size":"","single_post_gallery_size":""}],"trending_post_position":"","trending_post_label":"","sponsored_post_label":"","sponsored_post_name":"","sponsored_post_url":"","sponsored_post_logo":"","sponsored_post_desc":""},"jnews_primary_category":{"id":""},"jnews_social_meta":{"fb_title":"","fb_description":"","fb_image":"","twitter_title":"","twitter_description":"","twitter_image":""},"jnews_review":[],"enable_review":"","type":"percentage","name":"","summary":"","brand":"","sku":"","good":[{"good_text":""}],"bad":[{"bad_text":""}],"score_override":"","override_value":"","rating":[{"rating_text":"","rating_number":"10"}],"price":[{"shop":"","price":"","link":"","icon":""}],"jnews_override_counter":{"view_counter_number":"0","share_counter_number":"0","like_counter_number":"0","dislike_counter_number":"0"},"jnews_post_split":{"post_split":[{"template":"1","tag":"h2","numbering":"asc","mode":"normal","toc_type":"normal"}]},"footnotes":""},"categories":[10],"tags":[],"class_list":["post-26474","post","type-post","status-publish","format-standard","has-post-thumbnail","hentry","category-accion-politica"],"jetpack_featured_media_url":"https:\/\/atecordoba.org\/wp-content\/uploads\/2021\/06\/23-06-Lanzamiento-Enfermeria-2.jpeg","_links":{"self":[{"href":"https:\/\/atecordoba.org\/index.php?rest_route=\/wp\/v2\/posts\/26474","targetHints":{"allow":["GET"]}}],"collection":[{"href":"https:\/\/atecordoba.org\/index.php?rest_route=\/wp\/v2\/posts"}],"about":[{"href":"https:\/\/atecordoba.org\/index.php?rest_route=\/wp\/v2\/types\/post"}],"author":[{"embeddable":true,"href":"https:\/\/atecordoba.org\/index.php?rest_route=\/wp\/v2\/users\/7"}],"replies":[{"embeddable":true,"href":"https:\/\/atecordoba.org\/index.php?rest_route=%2Fwp%2Fv2%2Fcomments&post=26474"}],"version-history":[{"count":3,"href":"https:\/\/atecordoba.org\/index.php?rest_route=\/wp\/v2\/posts\/26474\/revisions"}],"predecessor-version":[{"id":26510,"href":"https:\/\/atecordoba.org\/index.php?rest_route=\/wp\/v2\/posts\/26474\/revisions\/26510"}],"wp:featuredmedia":[{"embeddable":true,"href":"https:\/\/atecordoba.org\/index.php?rest_route=\/wp\/v2\/media\/26475"}],"wp:attachment":[{"href":"https:\/\/atecordoba.org\/index.php?rest_route=%2Fwp%2Fv2%2Fmedia&parent=26474"}],"wp:term":[{"taxonomy":"category","embeddable":true,"href":"https:\/\/atecordoba.org\/index.php?rest_route=%2Fwp%2Fv2%2Fcategories&post=26474"},{"taxonomy":"post_tag","embeddable":true,"href":"https:\/\/atecordoba.org\/index.php?rest_route=%2Fwp%2Fv2%2Ftags&post=26474"}],"curies":[{"name":"wp","href":"https:\/\/api.w.org\/{rel}","templated":true}]}}